{"id":581412,"date":"2023-02-24T18:11:29","date_gmt":"2023-02-24T17:11:29","guid":{"rendered":"https:\/\/www.hashtag.al\/?p=581412"},"modified":"2023-02-24T18:11:29","modified_gmt":"2023-02-24T17:11:29","slug":"plagosi-me-thike-52-vjecarin-ne-vlore-policia-ben-te-mundur-kapjen-e-autorit","status":"publish","type":"post","link":"https:\/\/www.hashtag.al\/index.php\/2023\/02\/24\/plagosi-me-thike-52-vjecarin-ne-vlore-policia-ben-te-mundur-kapjen-e-autorit\/","title":{"rendered":"Plagosi me thik\u00eb 52 vje\u00e7arin n\u00eb Vlor\u00eb, policia b\u00ebn t\u00eb mundur kapjen e autorit","gt_translate_keys":[{"key":"rendered","format":"text"}]},"content":{"rendered":"<p><span style=\"color: #000000;\"><a style=\"color: #000000;\" href=\"https:\/\/www.hashtag.al\/wp-content\/uploads\/2023\/02\/policia-11-4.jpg\"><img loading=\"lazy\" decoding=\"async\" class=\"aligncenter size-full wp-image-581413\" src=\"https:\/\/www.hashtag.al\/wp-content\/uploads\/2023\/02\/policia-11-4.jpg\" alt=\"\" width=\"770\" height=\"417\" \/><\/a><\/span><\/p>\n<p><span style=\"color: #000000;\">Pasi plagosi me thik\u00eb 52 vje\u00e7arin Genci Serjanin, policia e Vlor\u00ebs mundi t\u00eb arrestoj\u00eb 33 vje\u00e7arin, t\u00eb identifikuar Armando Mustafa, i cili \u00ebsht\u00eb autori i k\u00ebsaj ngjarje.<\/span><\/p>\n<p><span style=\"color: #000000;\">Ngjarja ka ndodhur pasditen e sotme n\u00eb lagjen \u2018Partizani\u2019 t\u00eb Vlor\u00ebs, ku pas nj\u00eb konflikti mes tyre, Armando Mustafa plagosi me thik\u00eb Genci Serjanin i cili aktualisht ndodhet n\u00eb spitalin rajonal ku po merr ndihm\u00ebn mjek\u00ebsore.<\/span><\/p>\n<p><span style=\"color: #000000;\">Autori i plagosjes u arrestua pas nj\u00eb ore ndjekjeje nga efektiv\u00ebt e policis\u00eb. Nd\u00ebrkoh\u00eb grupi hetimor vijon pun\u00ebn p\u00ebr zbardhjen e plot\u00eb t\u00eb rrethanave t\u00eb ngjarjes.<\/span><\/p>\n","protected":false,"gt_translate_keys":[{"key":"rendered","format":"html"}]},"excerpt":{"rendered":"<p>Pasi plagosi me thik\u00eb 52 vje\u00e7arin Genci Serjanin, policia e Vlor\u00ebs mundi t\u00eb arrestoj\u00eb 33 vje\u00e7arin, t\u00eb identifikuar Armando Mustafa, i cili \u00ebsht\u00eb autori i k\u00ebsaj ngjarje. Ngjarja ka ndodhur pasditen e sotme n\u00eb lagjen \u2018Partizani\u2019 t\u00eb Vlor\u00ebs, ku pas nj\u00eb konflikti mes tyre, Armando Mustafa plagosi me thik\u00eb Genci Serjanin i cili aktualisht ndodhet [&hellip;]<\/p>\n","protected":false,"gt_translate_keys":[{"key":"rendered","format":"html"}]},"author":30,"featured_media":0,"comment_status":"closed","ping_status":"closed","sticky":false,"template":"","format":"standard","meta":{"footnotes":""},"categories":[65],"tags":[],"class_list":["post-581412","post","type-post","status-publish","format-standard","hentry","category-lajme"],"gt_translate_keys":[{"key":"link","format":"url"}],"_links":{"self":[{"href":"https:\/\/www.hashtag.al\/index.php\/wp-json\/wp\/v2\/posts\/581412","targetHints":{"allow":["GET"]}}],"collection":[{"href":"https:\/\/www.hashtag.al\/index.php\/wp-json\/wp\/v2\/posts"}],"about":[{"href":"https:\/\/www.hashtag.al\/index.php\/wp-json\/wp\/v2\/types\/post"}],"author":[{"embeddable":true,"href":"https:\/\/www.hashtag.al\/index.php\/wp-json\/wp\/v2\/users\/30"}],"replies":[{"embeddable":true,"href":"https:\/\/www.hashtag.al\/index.php\/wp-json\/wp\/v2\/comments?post=581412"}],"version-history":[{"count":0,"href":"https:\/\/www.hashtag.al\/index.php\/wp-json\/wp\/v2\/posts\/581412\/revisions"}],"wp:attachment":[{"href":"https:\/\/www.hashtag.al\/index.php\/wp-json\/wp\/v2\/media?parent=581412"}],"wp:term":[{"taxonomy":"category","embeddable":true,"href":"https:\/\/www.hashtag.al\/index.php\/wp-json\/wp\/v2\/categories?post=581412"},{"taxonomy":"post_tag","embeddable":true,"href":"https:\/\/www.hashtag.al\/index.php\/wp-json\/wp\/v2\/tags?post=581412"}],"curies":[{"name":"wp","href":"https:\/\/api.w.org\/{rel}","templated":true}]}}