{"id":581353,"date":"2023-02-24T13:45:52","date_gmt":"2023-02-24T12:45:52","guid":{"rendered":"https:\/\/www.hashtag.al\/?p=581353"},"modified":"2023-02-24T13:45:52","modified_gmt":"2023-02-24T12:45:52","slug":"grupi-i-alibeajt-shumb-kohe-per-mandatin-e-xhackes-i-kerkon-nikolles-perfshirjen-ne-seancen-e-2-marsit","status":"publish","type":"post","link":"https:\/\/www.hashtag.al\/index.php\/2023\/02\/24\/grupi-i-alibeajt-shumb-kohe-per-mandatin-e-xhackes-i-kerkon-nikolles-perfshirjen-ne-seancen-e-2-marsit\/","title":{"rendered":"Grupi i Alibeajt s\u2019humb koh\u00eb p\u00ebr mandatin e Xha\u00e7k\u00ebs, i k\u00ebrkon Nikoll\u00ebs p\u00ebrfshirjen n\u00eb seanc\u00ebn e 2 marsit","gt_translate_keys":[{"key":"rendered","format":"text"}]},"content":{"rendered":"<p><img loading=\"lazy\" decoding=\"async\" class=\"aligncenter size-full wp-image-567118\" src=\"https:\/\/www.hashtag.al\/wp-content\/uploads\/2022\/12\/Xhacka.jpeg\" alt=\"\" width=\"1600\" height=\"1066\" srcset=\"https:\/\/www.hashtag.al\/wp-content\/uploads\/2022\/12\/Xhacka.jpeg 1600w, https:\/\/www.hashtag.al\/wp-content\/uploads\/2022\/12\/Xhacka-300x200.jpeg 300w, https:\/\/www.hashtag.al\/wp-content\/uploads\/2022\/12\/Xhacka-1024x682.jpeg 1024w, https:\/\/www.hashtag.al\/wp-content\/uploads\/2022\/12\/Xhacka-768x512.jpeg 768w, https:\/\/www.hashtag.al\/wp-content\/uploads\/2022\/12\/Xhacka-1536x1023.jpeg 1536w\" sizes=\"auto, (max-width: 1600px) 100vw, 1600px\" \/><\/p>\n<p><span style=\"color: #000000;\">Grupi i Alibeajt i \u00ebsht\u00eb drejtuar Kuvendit pas vendimit t\u00eb Gjykat\u00ebs Kushtetuese lidhur me mandatin e Olta Xha\u00e7k\u00ebs. <\/span><\/p>\n<p><span style=\"color: #000000;\">Gjykata Kushtetuese rr\u00ebzoi Kuvendin p\u00ebr \u00e7\u00ebshtjen n\u00eb fjal\u00eb duke i dh\u00eb\u00eb t\u00eb drejt\u00eb grupit t\u00eb deputet\u00ebve demokrat\u00eb. <\/span><\/p>\n<p><span style=\"color: #000000;\">N\u00eb k\u00ebrkes\u00ebn drejtuar Kuvendit ata k\u00ebrkojn\u00eb futjen n\u00eb rendin e dit\u00ebs q\u00eb n\u00eb seanc\u00ebn e ardhshme t\u00eb mocionit p\u00ebr d\u00ebrgimin n\u00eb Gjykat\u00ebn Kushtetuese t\u00eb mandatit t\u00eb Xha\u00e7k\u00ebs.<\/span><\/p>\n<p><span style=\"color: #000000;\">Pes\u00eb deputet\u00ebt e PD-s\u00eb q\u00eb kan\u00eb firmosur k\u00ebrkes\u00ebn, Alibeaj, Bardhi, \u00c7upi, Korreshi e Bardeli i kan\u00eb k\u00ebrkuar kryetares s\u00eb Kuvendit Nikolla q\u00eb t\u00eb h\u00ebn\u00ebn n\u00eb 12:00 t\u00eb mblidhet K\u00ebshilli i Legjislacionit p\u00ebr t\u00eb vendosur p\u00ebrfshirjen e k\u00ebsaj \u00e7\u00ebshtjeje n\u00eb seanc\u00ebn e 2 marsit, dat\u00eb kur \u00ebsht\u00eb caktuar edhe mocioni me debat me kryeministrin Rama p\u00ebr \u00e7\u00ebshtjen \u2018McGonigal\u2019.<\/span><\/p>\n<p><span style=\"color: #000000;\"><strong>K\u00ebrkesa<\/strong><\/span><\/p>\n<p><span style=\"color: #000000;\"><em>\u201cN\u00eb dat\u00ebn 22.02.2023, \u00ebsht\u00eb shpallur vendimi i arsyetuar nr. 1, dat\u00eb 23.01.2023 t\u00eb Gjykat\u00ebs Kushtetuese, i cili ka vendosur: \u201cShfuqizimin e vendimeve nr. 83, dat\u00eb 17.11.2022 \u201cP\u00ebr mosmiratimin e raportit t\u00eb pakic\u00ebs parlamentare n\u00eb K\u00ebshillin p\u00ebr Rregulloren, Mandatet dhe Imunitetin, me objekt konstatimin e pavlefshm\u00ebris\u00eb dhe mbarimit t\u00eb mandatit t\u00eb deputetes Olta Xha\u00e7ka\u201d dhe nr. 84, dat\u00eb 17.11.2022 \u201cP\u00ebr miratimin e raportit t\u00eb shumic\u00ebs parlamentare n\u00eb K\u00ebshillin p\u00ebr Rregulloren, Mandatet dhe Imunitetin, me objekt konstatimin e pavlefshm\u00ebris\u00eb dhe mbarimit t\u00eb mandatit t\u00eb deputetes Olta Xha\u00e7ka\u201d t\u00eb Kuvendit t\u00eb Shqip\u00ebris\u00eb, si t\u00eb papajtueshme me Kushtetut\u00ebn e Republik\u00ebs s\u00eb Shqip\u00ebris\u00eb\u201d.<\/em><\/span><\/p>\n<p><span style=\"color: #000000;\"><em>N\u00eb p\u00ebrmbajtje t\u00eb k\u00ebtij vendimi, Gjykata ka arsyetuar se \u201cKuvendi duhet t\u00eb kishte pranuar mocionin e k\u00ebrkuesit dhe t\u00eb d\u00ebrgonte \u00e7\u00ebshtjen p\u00ebr shqyrtim n\u00eb k\u00ebt\u00eb Gjykat\u00eb, n\u00eb m\u00ebnyr\u00eb q\u00eb aspektet e pretenduara si papajtueshm\u00ebri t\u00eb mandatit t\u00eb deputetes Olta Xha\u00e7ka t\u2019i n\u00ebnshtroheshin vler\u00ebsimit kushtetues, pasi gjat\u00eb gjykimit kushtetuese nuk u verifikua ndonj\u00eb penges\u00eb juridiko-formale q\u00eb mocioni t\u00eb pengohej nga Kuvendi.\u201d (shih vendimin nr. 1\/2023 t\u00eb Gjykat\u00ebs Kushtetuese, \u00a7 56).<\/em><\/span><\/p>\n<p><span style=\"color: #000000;\"><em>N\u00eb k\u00ebto kushte, n\u00eb zbatim t\u00eb vendimit t\u00eb sip\u00ebrcituar, n\u00eb mb\u00ebshtetje t\u00eb nenit 14 dhe nenit 87 t\u00eb Rregullores s\u00eb Kuvendit t\u00eb Shqip\u00ebris\u00eb, k\u00ebrkojm\u00eb thirrjen e mbledhjes s\u00eb K\u00ebshillit p\u00ebr Legjislacionin, dit\u00ebn e h\u00ebn\u00eb, dat\u00eb 27.02.2023, me rend dite: \u201cShqyrtimi i vendimit nr. 1, dat\u00eb 23.01.2023 t\u00eb Gjykat\u00ebs Kushtetuese.\u201d.<\/em><\/span><\/p>\n<p><span style=\"color: #000000;\"><em>Gjithashtu, n\u00eb mb\u00ebshtetje t\u00eb nenit 70, pika 4 t\u00eb Kushtetut\u00ebs, nenit 119\/1, pika 4 t\u00eb Rregullores s\u00eb Kuvendit dhe vendimit nr. 1\/2023 t\u00eb Gjykat\u00ebs Kushtetuese, k\u00ebrkojm\u00eb q\u00eb n\u00eb seanc\u00ebn plenare t\u00eb dat\u00ebs 02.03.2023, t\u00eb p\u00ebrfshihen n\u00eb rendin e dit\u00ebs: \u201c1. Shqyrtimi i mocionit t\u00eb 1\/10 s\u00eb deputet\u00ebve p\u00ebrfaq\u00ebsues t\u00eb Grupit Parlamentar t\u00eb Partis\u00eb Demokratike p\u00ebr ndjekjen e procedur\u00ebs parlamentare p\u00ebr konstatimin e pavlefshm\u00ebris\u00eb dhe mbarimit t\u00eb mandatit t\u00eb deputetes Olta Xhacka. 2. D\u00ebrgimi i \u00e7\u00ebshtjes p\u00ebr konstatimin e papajtueshm\u00ebris\u00eb me detyr\u00ebn e deputetit t\u00eb Znj. Olta Xha\u00e7ka n\u00eb Gjykat\u00ebn Kushtetuese\u201d.<\/em><\/span><\/p>\n<p><span style=\"color: #000000;\"><em>Duke ju fal\u00ebnderuar p\u00ebr bashk\u00ebpunimin.<\/em><\/span><\/p>\n<p><span style=\"color: #000000;\"><em>DEPUTET\u00cbT<\/em><\/span><\/p>\n<p><span style=\"color: #000000;\"><em>Enkelejd ALIBEAJ Gazment BARDHI Dhurata \u00c7UPI, Saimir KORRESHI, Greta BARDELI.\u201d<\/em><\/span><\/p>\n","protected":false,"gt_translate_keys":[{"key":"rendered","format":"html"}]},"excerpt":{"rendered":"<p>Grupi i Alibeajt i \u00ebsht\u00eb drejtuar Kuvendit pas vendimit t\u00eb Gjykat\u00ebs Kushtetuese lidhur me mandatin e Olta Xha\u00e7k\u00ebs. Gjykata Kushtetuese rr\u00ebzoi Kuvendin p\u00ebr \u00e7\u00ebshtjen n\u00eb fjal\u00eb duke i dh\u00eb\u00eb t\u00eb drejt\u00eb grupit t\u00eb deputet\u00ebve demokrat\u00eb. N\u00eb k\u00ebrkes\u00ebn drejtuar Kuvendit ata k\u00ebrkojn\u00eb futjen n\u00eb rendin e dit\u00ebs q\u00eb n\u00eb seanc\u00ebn e ardhshme t\u00eb mocionit p\u00ebr d\u00ebrgimin [&hellip;]<\/p>\n","protected":false,"gt_translate_keys":[{"key":"rendered","format":"html"}]},"author":51,"featured_media":567118,"comment_status":"closed","ping_status":"closed","sticky":false,"template":"","format":"standard","meta":{"footnotes":""},"categories":[65,13],"tags":[],"class_list":["post-581353","post","type-post","status-publish","format-standard","has-post-thumbnail","hentry","category-lajme","category-te-fundit"],"gt_translate_keys":[{"key":"link","format":"url"}],"_links":{"self":[{"href":"https:\/\/www.hashtag.al\/index.php\/wp-json\/wp\/v2\/posts\/581353","targetHints":{"allow":["GET"]}}],"collection":[{"href":"https:\/\/www.hashtag.al\/index.php\/wp-json\/wp\/v2\/posts"}],"about":[{"href":"https:\/\/www.hashtag.al\/index.php\/wp-json\/wp\/v2\/types\/post"}],"author":[{"embeddable":true,"href":"https:\/\/www.hashtag.al\/index.php\/wp-json\/wp\/v2\/users\/51"}],"replies":[{"embeddable":true,"href":"https:\/\/www.hashtag.al\/index.php\/wp-json\/wp\/v2\/comments?post=581353"}],"version-history":[{"count":0,"href":"https:\/\/www.hashtag.al\/index.php\/wp-json\/wp\/v2\/posts\/581353\/revisions"}],"wp:featuredmedia":[{"embeddable":true,"href":"https:\/\/www.hashtag.al\/index.php\/wp-json\/wp\/v2\/media\/567118"}],"wp:attachment":[{"href":"https:\/\/www.hashtag.al\/index.php\/wp-json\/wp\/v2\/media?parent=581353"}],"wp:term":[{"taxonomy":"category","embeddable":true,"href":"https:\/\/www.hashtag.al\/index.php\/wp-json\/wp\/v2\/categories?post=581353"},{"taxonomy":"post_tag","embeddable":true,"href":"https:\/\/www.hashtag.al\/index.php\/wp-json\/wp\/v2\/tags?post=581353"}],"curies":[{"name":"wp","href":"https:\/\/api.w.org\/{rel}","templated":true}]}}