{"id":581123,"date":"2023-02-23T10:48:12","date_gmt":"2023-02-23T09:48:12","guid":{"rendered":"https:\/\/www.hashtag.al\/?p=581123"},"modified":"2023-02-23T10:48:12","modified_gmt":"2023-02-23T09:48:12","slug":"bylykbashi-perjashtimi-i-deputeteve-te-pd-se-vendim-fashist-i-shumices-garda-u-urdherua-te-na-dhunonte","status":"publish","type":"post","link":"https:\/\/www.hashtag.al\/index.php\/2023\/02\/23\/bylykbashi-perjashtimi-i-deputeteve-te-pd-se-vendim-fashist-i-shumices-garda-u-urdherua-te-na-dhunonte\/","title":{"rendered":"Bylykbashi: P\u00ebrjashtimi i deputet\u00ebve t\u00eb PD-s\u00eb vendim fashist i shumic\u00ebs, Garda u urdh\u00ebrua t\u00eb na dhunonte","gt_translate_keys":[{"key":"rendered","format":"text"}]},"content":{"rendered":"<p><span style=\"color: #000000;\"><img loading=\"lazy\" decoding=\"async\" class=\"aligncenter size-full wp-image-581124\" src=\"https:\/\/www.hashtag.al\/wp-content\/uploads\/2023\/02\/bylykbashi.jpg\" alt=\"\" width=\"1116\" height=\"560\" srcset=\"https:\/\/www.hashtag.al\/wp-content\/uploads\/2023\/02\/bylykbashi.jpg 1116w, https:\/\/www.hashtag.al\/wp-content\/uploads\/2023\/02\/bylykbashi-300x151.jpg 300w, https:\/\/www.hashtag.al\/wp-content\/uploads\/2023\/02\/bylykbashi-1024x514.jpg 1024w, https:\/\/www.hashtag.al\/wp-content\/uploads\/2023\/02\/bylykbashi-768x385.jpg 768w\" sizes=\"auto, (max-width: 1116px) 100vw, 1116px\" \/><\/span><\/p>\n<p><span style=\"color: #000000;\">Deputeti i PD-s\u00eb Bylykbashi denoncoi Gard\u00ebn p\u00ebr dhun\u00eb ndaj ligjv\u00ebn\u00ebsve t\u00eb opozit\u00ebs, t\u00eb cil\u00ebt provuan t\u00eb futen brenda sall\u00ebs ku po zhvillohet seanca plenare.<\/span><\/p>\n<p><span style=\"color: #000000;\"> N\u00eb nj\u00eb deklarat\u00eb p\u00ebr mediat ai e quajti fashist vendimin e shumic\u00ebs p\u00ebr p\u00ebrjashtimin e deputet\u00ebve, me 20 t\u00eb till\u00eb deri tani.<\/span><\/p>\n<p><span style=\"color: #000000;\"><em>\u201cMe nj\u00eb vendim fashist mazhoranca e Ram\u00ebs p\u00ebrjashtoi deputet\u00ebt e Kuvendit nga pjes\u00ebmarrja n\u00eb seanc\u00eb dhe komisione. Kjo \u00ebsht\u00eb n\u00eb vazhd\u00ebn e p\u00ebrjashtimeve t\u00eb 3 seancave t\u00eb fundit ku mbi 20 deputet\u00eb jan\u00eb p\u00ebrjashtuar se k\u00ebrkojn\u00eb nj\u00eb t\u00eb drejt\u00eb kushtetuese, kontrollin e qeveris\u00eb. Kemi k\u00ebrkuar ngritjen e nj\u00eb komisioni hetimor p\u00ebr t\u00eb hetuar skandalin m\u00eb t\u00eb paprecedent\u00eb, ku kryeministri p\u00ebrmes korruptimit t\u00eb McGonigal synoi t\u00eb shkat\u00ebrronte demokracin\u00eb duke goditur opozit\u00ebn.\u201d<\/em> &#8211; tha Bylykbashi.<\/span><\/p>\n<p><span style=\"color: #000000;\">Ai shtoi se opozita p\u00ebrfaq\u00ebson m\u00eb shum\u00eb se 750 mij\u00eb qytetar\u00eb shqiptar\u00eb duke e quajtur antikushtetuese e t\u00eb paligjsh\u00ebm vendimin p\u00ebr p\u00ebrjashtimin e deputet\u00ebve.<\/span><\/p>\n<p><span style=\"color: #000000;\"><em>\u201cSipas tij \u201cne k\u00ebrkojm\u00eb t\u00eb hetohet n\u00eb themel afera e Ram\u00ebs me Mcgonigal, Du\u00e7k\u00ebn, Nez\u00ebn dhe Deripask\u00ebn. K\u00ebt\u00eb kemi k\u00ebrkuar gjith\u00eb k\u00ebto koh\u00eb dhe p\u00ebr k\u00ebt\u00eb arsye deputet\u00ebt e opozit\u00ebs jan\u00eb t\u00eb p\u00ebrjashtuar. Ne p\u00ebrfaq\u00ebsojm\u00eb mbi 750 mij\u00eb zgjedh\u00ebs. Kemi vendosur t\u00eb mos ket\u00eb seanca normale t\u00eb Kuvendit pa u garantuar kjo e drejt\u00eb kushtetuese. Kemi k\u00ebrkuar sot q\u00eb vendimi q\u00eb na p\u00ebrjashtoi t\u00eb anulohej si anti-kushtetues dhe i paligjsh\u00ebm. Garda u urdh\u00ebrua t\u00eb ushtronte dhun\u00eb fizike ndaj deputet\u00ebve.\u201d<\/em> &#8211; shtoi Bylykbashi.<\/span><\/p>\n","protected":false,"gt_translate_keys":[{"key":"rendered","format":"html"}]},"excerpt":{"rendered":"<p>Deputeti i PD-s\u00eb Bylykbashi denoncoi Gard\u00ebn p\u00ebr dhun\u00eb ndaj ligjv\u00ebn\u00ebsve t\u00eb opozit\u00ebs, t\u00eb cil\u00ebt provuan t\u00eb futen brenda sall\u00ebs ku po zhvillohet seanca plenare. N\u00eb nj\u00eb deklarat\u00eb p\u00ebr mediat ai e quajti fashist vendimin e shumic\u00ebs p\u00ebr p\u00ebrjashtimin e deputet\u00ebve, me 20 t\u00eb till\u00eb deri tani. \u201cMe nj\u00eb vendim fashist mazhoranca e Ram\u00ebs p\u00ebrjashtoi deputet\u00ebt [&hellip;]<\/p>\n","protected":false,"gt_translate_keys":[{"key":"rendered","format":"html"}]},"author":51,"featured_media":581124,"comment_status":"closed","ping_status":"closed","sticky":false,"template":"","format":"standard","meta":{"footnotes":""},"categories":[65,13],"tags":[],"class_list":["post-581123","post","type-post","status-publish","format-standard","has-post-thumbnail","hentry","category-lajme","category-te-fundit"],"gt_translate_keys":[{"key":"link","format":"url"}],"_links":{"self":[{"href":"https:\/\/www.hashtag.al\/index.php\/wp-json\/wp\/v2\/posts\/581123","targetHints":{"allow":["GET"]}}],"collection":[{"href":"https:\/\/www.hashtag.al\/index.php\/wp-json\/wp\/v2\/posts"}],"about":[{"href":"https:\/\/www.hashtag.al\/index.php\/wp-json\/wp\/v2\/types\/post"}],"author":[{"embeddable":true,"href":"https:\/\/www.hashtag.al\/index.php\/wp-json\/wp\/v2\/users\/51"}],"replies":[{"embeddable":true,"href":"https:\/\/www.hashtag.al\/index.php\/wp-json\/wp\/v2\/comments?post=581123"}],"version-history":[{"count":0,"href":"https:\/\/www.hashtag.al\/index.php\/wp-json\/wp\/v2\/posts\/581123\/revisions"}],"wp:featuredmedia":[{"embeddable":true,"href":"https:\/\/www.hashtag.al\/index.php\/wp-json\/wp\/v2\/media\/581124"}],"wp:attachment":[{"href":"https:\/\/www.hashtag.al\/index.php\/wp-json\/wp\/v2\/media?parent=581123"}],"wp:term":[{"taxonomy":"category","embeddable":true,"href":"https:\/\/www.hashtag.al\/index.php\/wp-json\/wp\/v2\/categories?post=581123"},{"taxonomy":"post_tag","embeddable":true,"href":"https:\/\/www.hashtag.al\/index.php\/wp-json\/wp\/v2\/tags?post=581123"}],"curies":[{"name":"wp","href":"https:\/\/api.w.org\/{rel}","templated":true}]}}