{"id":581012,"date":"2023-02-22T19:39:00","date_gmt":"2023-02-22T18:39:00","guid":{"rendered":"https:\/\/www.hashtag.al\/?p=581012"},"modified":"2023-02-22T19:39:00","modified_gmt":"2023-02-22T18:39:00","slug":"meta-takon-banoret-e-njesive-8-e-9-besim-i-palekundur-per-fitoren-e-opozites-dhe-belind-kellicit-me-14-maj","status":"publish","type":"post","link":"https:\/\/www.hashtag.al\/index.php\/2023\/02\/22\/meta-takon-banoret-e-njesive-8-e-9-besim-i-palekundur-per-fitoren-e-opozites-dhe-belind-kellicit-me-14-maj\/","title":{"rendered":"Meta takon banor\u00ebt e Nj\u00ebsive 8 e 9: Besim i pal\u00ebkundur p\u00ebr fitoren e opozit\u00ebs dhe Belind K\u00eblli\u00e7it m\u00eb 14 maj","gt_translate_keys":[{"key":"rendered","format":"text"}]},"content":{"rendered":"<p><img loading=\"lazy\" decoding=\"async\" class=\"aligncenter size-full wp-image-581013\" src=\"https:\/\/www.hashtag.al\/wp-content\/uploads\/2023\/02\/meta-5.png\" alt=\"\" width=\"1047\" height=\"667\" srcset=\"https:\/\/www.hashtag.al\/wp-content\/uploads\/2023\/02\/meta-5.png 1047w, https:\/\/www.hashtag.al\/wp-content\/uploads\/2023\/02\/meta-5-300x191.png 300w, https:\/\/www.hashtag.al\/wp-content\/uploads\/2023\/02\/meta-5-1024x652.png 1024w, https:\/\/www.hashtag.al\/wp-content\/uploads\/2023\/02\/meta-5-768x489.png 768w\" sizes=\"auto, (max-width: 1047px) 100vw, 1047px\" \/><\/p>\n<p><span style=\"color: #000000;\">Kreu i Partis\u00eb s\u00eb Liris\u00eb \u00ebsht\u00eb takuar mbr\u00ebmjen e sotme me qytetar\u00eb t\u00eb Nj\u00ebsive 8 e 9 n\u00eb Tiran\u00eb.<\/span><\/p>\n<p><span style=\"color: #000000;\"> Meta shkruan se gjat\u00eb takimit \u00ebsht\u00eb ndar\u00eb besimi i pal\u00ebkundur p\u00ebr fitoren e kandidatit t\u00eb opozit\u00ebs n\u00eb zgjedhjet e 14 majit, Belind K\u00eblli\u00e7i. <\/span><\/p>\n<p><span style=\"color: #000000;\">Ai thekson gjithashtu se PL-ja do jet\u00eb garanci se z\u00ebri i qytetar\u00ebve do d\u00ebgjohet si kurr\u00eb m\u00eb par\u00eb n\u00eb K\u00ebshillin Bashkiak dhe se Bashkia Tiran\u00eb do jet\u00eb n\u00eb sh\u00ebrbimin e tyre me p\u00ebrul\u00ebsi e transparenc\u00eb.<\/span><\/p>\n<p><span style=\"color: #000000;\"><em>\u201cK\u00ebnaq\u00ebsi t\u00eb takonim qytetar\u00eb t\u00eb Nj\u00ebsive Nr.8 dhe Nr.9 n\u00eb kryeqytet dhe t\u00eb ndanim besimin e pal\u00ebkundur p\u00ebr fitoren e opozit\u00ebs dhe Belind K\u00eblli\u00e7it n\u00eb Tiran\u00eb n\u00eb 14 Maj. Partia e Liris\u00eb do t\u00eb jet\u00eb garancia se z\u00ebri i qytetar\u00ebve do t\u00eb d\u00ebgjohet si kurr\u00eb ndonj\u00ebher\u00eb n\u00eb K\u00ebshillin e Bashkis\u00eb dhe po k\u00ebshtu se Bashkia e Tiran\u00ebs do t\u00eb jet\u00eb n\u00eb sh\u00ebrbimin e tyre me p\u00ebrul\u00ebsi dhe transparenc\u00eb maksimale\u201d<\/em>, shkruan Meta.<\/span><\/p>\n","protected":false,"gt_translate_keys":[{"key":"rendered","format":"html"}]},"excerpt":{"rendered":"<p>Kreu i Partis\u00eb s\u00eb Liris\u00eb \u00ebsht\u00eb takuar mbr\u00ebmjen e sotme me qytetar\u00eb t\u00eb Nj\u00ebsive 8 e 9 n\u00eb Tiran\u00eb. Meta shkruan se gjat\u00eb takimit \u00ebsht\u00eb ndar\u00eb besimi i pal\u00ebkundur p\u00ebr fitoren e kandidatit t\u00eb opozit\u00ebs n\u00eb zgjedhjet e 14 majit, Belind K\u00eblli\u00e7i. Ai thekson gjithashtu se PL-ja do jet\u00eb garanci se z\u00ebri i qytetar\u00ebve do [&hellip;]<\/p>\n","protected":false,"gt_translate_keys":[{"key":"rendered","format":"html"}]},"author":51,"featured_media":581013,"comment_status":"closed","ping_status":"closed","sticky":false,"template":"","format":"standard","meta":{"footnotes":""},"categories":[65,13],"tags":[],"class_list":["post-581012","post","type-post","status-publish","format-standard","has-post-thumbnail","hentry","category-lajme","category-te-fundit"],"gt_translate_keys":[{"key":"link","format":"url"}],"_links":{"self":[{"href":"https:\/\/www.hashtag.al\/index.php\/wp-json\/wp\/v2\/posts\/581012","targetHints":{"allow":["GET"]}}],"collection":[{"href":"https:\/\/www.hashtag.al\/index.php\/wp-json\/wp\/v2\/posts"}],"about":[{"href":"https:\/\/www.hashtag.al\/index.php\/wp-json\/wp\/v2\/types\/post"}],"author":[{"embeddable":true,"href":"https:\/\/www.hashtag.al\/index.php\/wp-json\/wp\/v2\/users\/51"}],"replies":[{"embeddable":true,"href":"https:\/\/www.hashtag.al\/index.php\/wp-json\/wp\/v2\/comments?post=581012"}],"version-history":[{"count":0,"href":"https:\/\/www.hashtag.al\/index.php\/wp-json\/wp\/v2\/posts\/581012\/revisions"}],"wp:featuredmedia":[{"embeddable":true,"href":"https:\/\/www.hashtag.al\/index.php\/wp-json\/wp\/v2\/media\/581013"}],"wp:attachment":[{"href":"https:\/\/www.hashtag.al\/index.php\/wp-json\/wp\/v2\/media?parent=581012"}],"wp:term":[{"taxonomy":"category","embeddable":true,"href":"https:\/\/www.hashtag.al\/index.php\/wp-json\/wp\/v2\/categories?post=581012"},{"taxonomy":"post_tag","embeddable":true,"href":"https:\/\/www.hashtag.al\/index.php\/wp-json\/wp\/v2\/tags?post=581012"}],"curies":[{"name":"wp","href":"https:\/\/api.w.org\/{rel}","templated":true}]}}