{"id":580976,"date":"2023-02-22T16:37:01","date_gmt":"2023-02-22T15:37:01","guid":{"rendered":"https:\/\/www.hashtag.al\/?p=580976"},"modified":"2023-02-22T16:37:01","modified_gmt":"2023-02-22T15:37:01","slug":"abazovic-per-incidentin-ne-kufi-ka-edhe-nje-ane-tjeter-te-medaljes","status":"publish","type":"post","link":"https:\/\/www.hashtag.al\/index.php\/2023\/02\/22\/abazovic-per-incidentin-ne-kufi-ka-edhe-nje-ane-tjeter-te-medaljes\/","title":{"rendered":"Abazovi\u00e7 p\u00ebr incidentin n\u00eb kufi: Ka edhe nj\u00eb an\u00eb tjet\u00ebr t\u00eb medaljes","gt_translate_keys":[{"key":"rendered","format":"text"}]},"content":{"rendered":"<p><span style=\"color: #000000;\"><a style=\"color: #000000;\" href=\"https:\/\/www.hashtag.al\/wp-content\/uploads\/2023\/02\/mal.jpg\"><img loading=\"lazy\" decoding=\"async\" class=\"aligncenter size-full wp-image-580977\" src=\"https:\/\/www.hashtag.al\/wp-content\/uploads\/2023\/02\/mal.jpg\" alt=\"\" width=\"1008\" height=\"554\" srcset=\"https:\/\/www.hashtag.al\/wp-content\/uploads\/2023\/02\/mal.jpg 1008w, https:\/\/www.hashtag.al\/wp-content\/uploads\/2023\/02\/mal-300x165.jpg 300w, https:\/\/www.hashtag.al\/wp-content\/uploads\/2023\/02\/mal-768x422.jpg 768w\" sizes=\"auto, (max-width: 1008px) 100vw, 1008px\" \/><\/a><\/span><\/p>\n<p>&nbsp;<\/p>\n<p><span style=\"color: #000000;\">Kryeministri me mandat teknik i Malit t\u00eb Zi, Dritan Abazovi\u00e7, tha se videot, n\u00eb t\u00eb cilat shihen disa polic\u00eb t\u00eb Malit t\u00eb Zi duke keqtrajtuar nj\u00eb shtetas t\u00eb huaj n\u00eb kufi me Shqip\u00ebrin\u00eb, i ka par\u00eb q\u00eb nga data 15 janar, prej kur edhe \u201cjan\u00eb nd\u00ebrmarr\u00eb masa\u201dsipas <span style=\"color: #0000ff;\"><a style=\"color: #0000ff;\" href=\"https:\/\/www.evropaelire.org\/a\/dritan-abazoviq-sulm-kufi\/32283215.html\">REL.<\/a><\/span><\/span><\/p>\n<p><span style=\"color: #000000;\">Ai tha se ata q\u00eb i tejkalojn\u00eb kompetencat e tyre, duhet t\u00eb nd\u00ebshkohen n\u00eb m\u00ebnyr\u00eb adekuate.<\/span><\/p>\n<p><span style=\"color: #000000;\">Por, shtoi se \u201cka edhe nj\u00eb an\u00eb tjet\u00ebr t\u00eb medaljes\u201d, pasi, si\u00e7 tha, n\u00eb video nuk shihet se veprimeve t\u00eb policis\u00eb u ka paraprir\u00eb nj\u00eb kund\u00ebrvajtje n\u00eb komunikacion.<\/span><\/p>\n<p><span style=\"color: #000000;\">\u201c<em>Nuk \u00ebsht\u00eb se dikush e ka v\u00ebn\u00eb n\u00eb sh\u00ebnjest\u00ebr dik\u00eb dhe e ka nxjerr\u00eb thjesht nga makina. Dikush duhet t\u00eb ket\u00eb b\u00ebr\u00eb shkelje. Nuk jan\u00eb respektuar rregullat e komunikacionit dhe radh\u00ebt<\/em>\u201d, tha Abazovi\u00e7.<\/span><\/p>\n<p><span style=\"color: #000000;\">N\u00eb videot q\u00eb jan\u00eb shp\u00ebrndar\u00eb n\u00eb platforma t\u00eb ndryshme sociale m\u00eb 21 shkurt, duket se ngjarja ka ndodhur n\u00eb pik\u00ebn kufitare Sukobin\u00eb, q\u00eb lidh Malin e Zi dhe Shqip\u00ebrin\u00eb.<\/span><\/p>\n<p><span style=\"color: #000000;\">*Videoja e publikuar nga mediat n\u00eb Mal t\u00eb Zi, e cila, sipas tyre, shfaq keqtrajtimin e nj\u00eb shtetasi shqiptar nga autoritetet kufitare malazeze.<\/span><\/p>\n<p><span style=\"color: #000000;\">Sipas pamjeve, nj\u00eb polic e nxjerr me forc\u00eb nga makina shtetasin e huaj, i cili nuk b\u00ebn rezistenc\u00eb dhe keqtrajtohet.<\/span><\/p>\n<p><span style=\"color: #000000;\">Policia malazeze tha se pamjet e \u201ckeqtrajtimit t\u00eb nj\u00eb shtetasi shqiptar\u201d, t\u00eb publikuara m\u00eb 21 shkurt, i referohen nj\u00eb ngjarjeje t\u00eb 15 janarit n\u00eb pik\u00ebn kufitare t\u00eb Sukobin\u00ebs.<\/span><\/p>\n<p><span style=\"color: #000000;\">Policia tha se po heton punonj\u00ebsit e saj n\u00eb lidhje me incidentin.<\/span><\/p>\n<p><span style=\"color: #000000;\">Partia shqiptare n\u00eb Mal t\u00eb Zi, Alternativa Shqiptare, tha se b\u00ebhet fjal\u00eb p\u00ebr shtetasin shqiptar, Petraq Milo, profesor universitar dhe ish-k\u00ebshilltar i kryeministrit t\u00eb Shqip\u00ebris\u00eb p\u00ebr financat publike dhe politik\u00ebn monetare.<\/span><\/p>\n<p><span style=\"color: #000000;\">I kontaktuar nga Radio Evropa e Lir\u00eb, Milo nuk deshi t\u00eb prononcohet lidhur me k\u00ebt\u00eb rast, duke th\u00ebn\u00eb shkurtimisht se \u201cpo e ndjek n\u00eb rrug\u00eb institucionale\u201d.<\/span><\/p>\n<p><span style=\"color: #000000;\">Abazovi\u00e7 tha se shp\u00ebrndarja e videove n\u00eb k\u00ebt\u00eb koh\u00eb lidhet me zgjedhjet presidenciale n\u00eb Mal t\u00eb Zi, q\u00eb pritet t\u00eb mbahen muajin e ardhsh\u00ebm.<\/span><\/p>\n<p><span style=\"color: #000000;\">\u201c<em>Derisa i afrohemi 19 marsit, prisni shum\u00eb m\u00eb shum\u00eb video, grafit\u00eb, nacionaliz\u00ebm, tensione, nj\u00eb atmosfer\u00eb t\u00eb keqe n\u00eb raport me boshnjak\u00ebt, shqiptar\u00ebt, pakicat\u201d,<\/em> tha Abazoviq.<\/span><\/p>\n<p><span style=\"color: #000000;\">Incidenti nxiti reagime t\u00eb furishme n\u00eb Mal t\u00eb Zi, sidomos nga partit\u00eb shqiptare.<\/span><\/p>\n<p><span style=\"color: #000000;\">T\u00eb m\u00ebrkur\u00ebn reagoi edhe kreu i Bashk\u00ebsis\u00eb Islame n\u00eb Mal t\u00eb Zi, duke pyetur se a duhet t\u2019i vij\u00eb turp q\u00eb ka pasaport\u00eb malazeze.<\/span><\/p>\n","protected":false,"gt_translate_keys":[{"key":"rendered","format":"html"}]},"excerpt":{"rendered":"<p>&nbsp; Kryeministri me mandat teknik i Malit t\u00eb Zi, Dritan Abazovi\u00e7, tha se videot, n\u00eb t\u00eb cilat shihen disa polic\u00eb t\u00eb Malit t\u00eb Zi duke keqtrajtuar nj\u00eb shtetas t\u00eb huaj n\u00eb kufi me Shqip\u00ebrin\u00eb, i ka par\u00eb q\u00eb nga data 15 janar, prej kur edhe \u201cjan\u00eb nd\u00ebrmarr\u00eb masa\u201dsipas REL. Ai tha se ata q\u00eb i [&hellip;]<\/p>\n","protected":false,"gt_translate_keys":[{"key":"rendered","format":"html"}]},"author":30,"featured_media":580977,"comment_status":"closed","ping_status":"closed","sticky":false,"template":"","format":"standard","meta":{"footnotes":""},"categories":[65],"tags":[],"class_list":["post-580976","post","type-post","status-publish","format-standard","has-post-thumbnail","hentry","category-lajme"],"gt_translate_keys":[{"key":"link","format":"url"}],"_links":{"self":[{"href":"https:\/\/www.hashtag.al\/index.php\/wp-json\/wp\/v2\/posts\/580976","targetHints":{"allow":["GET"]}}],"collection":[{"href":"https:\/\/www.hashtag.al\/index.php\/wp-json\/wp\/v2\/posts"}],"about":[{"href":"https:\/\/www.hashtag.al\/index.php\/wp-json\/wp\/v2\/types\/post"}],"author":[{"embeddable":true,"href":"https:\/\/www.hashtag.al\/index.php\/wp-json\/wp\/v2\/users\/30"}],"replies":[{"embeddable":true,"href":"https:\/\/www.hashtag.al\/index.php\/wp-json\/wp\/v2\/comments?post=580976"}],"version-history":[{"count":0,"href":"https:\/\/www.hashtag.al\/index.php\/wp-json\/wp\/v2\/posts\/580976\/revisions"}],"wp:featuredmedia":[{"embeddable":true,"href":"https:\/\/www.hashtag.al\/index.php\/wp-json\/wp\/v2\/media\/580977"}],"wp:attachment":[{"href":"https:\/\/www.hashtag.al\/index.php\/wp-json\/wp\/v2\/media?parent=580976"}],"wp:term":[{"taxonomy":"category","embeddable":true,"href":"https:\/\/www.hashtag.al\/index.php\/wp-json\/wp\/v2\/categories?post=580976"},{"taxonomy":"post_tag","embeddable":true,"href":"https:\/\/www.hashtag.al\/index.php\/wp-json\/wp\/v2\/tags?post=580976"}],"curies":[{"name":"wp","href":"https:\/\/api.w.org\/{rel}","templated":true}]}}