{"id":580942,"date":"2023-02-22T14:01:22","date_gmt":"2023-02-22T13:01:22","guid":{"rendered":"https:\/\/www.hashtag.al\/?p=580942"},"modified":"2023-02-22T14:02:09","modified_gmt":"2023-02-22T13:02:09","slug":"berisha-rama-ka-vendosur-te-kaperceje-skandalin-mcgonigal-duke-paralizuar-hetimin-parlamentar","status":"publish","type":"post","link":"https:\/\/www.hashtag.al\/index.php\/2023\/02\/22\/berisha-rama-ka-vendosur-te-kaperceje-skandalin-mcgonigal-duke-paralizuar-hetimin-parlamentar\/","title":{"rendered":"Berisha: Rama ka vendosur t\u00eb kap\u00ebrcej\u00eb skandalin McGonigal duke paralizuar hetimin parlamentar","gt_translate_keys":[{"key":"rendered","format":"text"}]},"content":{"rendered":"<p><span style=\"color: #000000;\"><a style=\"color: #000000;\" href=\"https:\/\/www.hashtag.al\/wp-content\/uploads\/2023\/02\/saL.png\"><img loading=\"lazy\" decoding=\"async\" class=\"aligncenter size-full wp-image-580943\" src=\"https:\/\/www.hashtag.al\/wp-content\/uploads\/2023\/02\/saL.png\" alt=\"\" width=\"1920\" height=\"937\" srcset=\"https:\/\/www.hashtag.al\/wp-content\/uploads\/2023\/02\/saL.png 1920w, https:\/\/www.hashtag.al\/wp-content\/uploads\/2023\/02\/saL-300x146.png 300w, https:\/\/www.hashtag.al\/wp-content\/uploads\/2023\/02\/saL-1024x500.png 1024w, https:\/\/www.hashtag.al\/wp-content\/uploads\/2023\/02\/saL-768x375.png 768w, https:\/\/www.hashtag.al\/wp-content\/uploads\/2023\/02\/saL-1536x750.png 1536w\" sizes=\"auto, (max-width: 1920px) 100vw, 1920px\" \/><\/a><\/span><\/p>\n<p><span style=\"color: #000000;\">N\u00eb mbledhjen e sotme t\u00eb Grupit Parlamentar, kreu i Partis\u00eb Demokratike Sali Berisha, u shpreh se kryeministri Edi Rama \u00ebsht\u00eb i pashpres\u00eb p\u00ebrball\u00eb afer\u00ebs McGonigal.<\/span><\/p>\n<p><span style=\"color: #000000;\">Berisha tha se Rama beson, apo ka vendosur ta kap\u00ebrcej\u00eb k\u00ebt\u00eb skandal duke paralizuar hetimin parlamentar.<\/span><\/p>\n<p><span style=\"color: #000000;\">Ai shtoi m\u00eb tej se me k\u00ebt\u00eb \u00e7\u00ebshtje jan\u00eb d\u00ebmtuar interesat e mbar\u00eb shqiptar\u00ebve.<\/span><\/p>\n<p><span style=\"color: #000000;\"><em>\u201cI ng\u00ebrthyer dhe i pashpres\u00eb n\u00eb \u201cRamaGate\u201d , Edi Rama beson dhe mendon apo ka vendosur q\u00eb ta kap\u00ebrcej\u00eb k\u00ebt\u00eb skandal duke paralizuar hetimin parlamentar, duke paralizuar t\u00eb drejtat e deputet\u00ebve , t\u00eb drejt\u00ebn\u00a0 e fjal\u00ebs. Ua b\u00ebj t\u00eb qart\u00eb t\u00eb gjith\u00eb qytetar\u00ebve shqiptar\u00eb, se me k\u00ebt\u00eb \u00e7\u00ebshtje me k\u00ebt\u00eb skandal jan\u00eb d\u00ebmtuar, interesat e mbar\u00eb shqiptar\u00ebve. Shqiptar\u00ebt jan\u00eb d\u00ebshmitar\u00eb p\u00ebr mb\u00ebshtetjen q\u00eb iu dha Ram\u00ebs pavar\u00ebsisht nga vjedhja e zgjedhjeve, apo grabitje e shfrenuara t\u00eb fondeve buxhetit apo pasurive t\u00eb shqitpar\u00ebve dhe pas k\u00ebsaj q\u00ebndronte dora e zez\u00eb e McGonigal\u201d,<\/em> tha ai.<\/span><\/p>\n","protected":false,"gt_translate_keys":[{"key":"rendered","format":"html"}]},"excerpt":{"rendered":"<p>N\u00eb mbledhjen e sotme t\u00eb Grupit Parlamentar, kreu i Partis\u00eb Demokratike Sali Berisha, u shpreh se kryeministri Edi Rama \u00ebsht\u00eb i pashpres\u00eb p\u00ebrball\u00eb afer\u00ebs McGonigal. Berisha tha se Rama beson, apo ka vendosur ta kap\u00ebrcej\u00eb k\u00ebt\u00eb skandal duke paralizuar hetimin parlamentar. Ai shtoi m\u00eb tej se me k\u00ebt\u00eb \u00e7\u00ebshtje jan\u00eb d\u00ebmtuar interesat e mbar\u00eb shqiptar\u00ebve. [&hellip;]<\/p>\n","protected":false,"gt_translate_keys":[{"key":"rendered","format":"html"}]},"author":30,"featured_media":580943,"comment_status":"closed","ping_status":"closed","sticky":false,"template":"","format":"standard","meta":{"footnotes":""},"categories":[65],"tags":[],"class_list":["post-580942","post","type-post","status-publish","format-standard","has-post-thumbnail","hentry","category-lajme"],"gt_translate_keys":[{"key":"link","format":"url"}],"_links":{"self":[{"href":"https:\/\/www.hashtag.al\/index.php\/wp-json\/wp\/v2\/posts\/580942","targetHints":{"allow":["GET"]}}],"collection":[{"href":"https:\/\/www.hashtag.al\/index.php\/wp-json\/wp\/v2\/posts"}],"about":[{"href":"https:\/\/www.hashtag.al\/index.php\/wp-json\/wp\/v2\/types\/post"}],"author":[{"embeddable":true,"href":"https:\/\/www.hashtag.al\/index.php\/wp-json\/wp\/v2\/users\/30"}],"replies":[{"embeddable":true,"href":"https:\/\/www.hashtag.al\/index.php\/wp-json\/wp\/v2\/comments?post=580942"}],"version-history":[{"count":0,"href":"https:\/\/www.hashtag.al\/index.php\/wp-json\/wp\/v2\/posts\/580942\/revisions"}],"wp:featuredmedia":[{"embeddable":true,"href":"https:\/\/www.hashtag.al\/index.php\/wp-json\/wp\/v2\/media\/580943"}],"wp:attachment":[{"href":"https:\/\/www.hashtag.al\/index.php\/wp-json\/wp\/v2\/media?parent=580942"}],"wp:term":[{"taxonomy":"category","embeddable":true,"href":"https:\/\/www.hashtag.al\/index.php\/wp-json\/wp\/v2\/categories?post=580942"},{"taxonomy":"post_tag","embeddable":true,"href":"https:\/\/www.hashtag.al\/index.php\/wp-json\/wp\/v2\/tags?post=580942"}],"curies":[{"name":"wp","href":"https:\/\/api.w.org\/{rel}","templated":true}]}}