{"id":580823,"date":"2023-02-21T21:48:38","date_gmt":"2023-02-21T20:48:38","guid":{"rendered":"https:\/\/www.hashtag.al\/?p=580823"},"modified":"2023-02-21T21:48:38","modified_gmt":"2023-02-21T20:48:38","slug":"dhuna-brutale-ne-kufi-ndaj-profesorit-petraq-milo-policia-malazeze-nis-hetimet","status":"publish","type":"post","link":"https:\/\/www.hashtag.al\/index.php\/2023\/02\/21\/dhuna-brutale-ne-kufi-ndaj-profesorit-petraq-milo-policia-malazeze-nis-hetimet\/","title":{"rendered":"Dhuna brutale n\u00eb kufi ndaj profesorit Petraq Milo, policia malazeze nis hetimet","gt_translate_keys":[{"key":"rendered","format":"text"}]},"content":{"rendered":"<p><img loading=\"lazy\" decoding=\"async\" class=\"aligncenter size-full wp-image-580824\" src=\"https:\/\/www.hashtag.al\/wp-content\/uploads\/2023\/02\/dhuna.png\" alt=\"\" width=\"1634\" height=\"751\" srcset=\"https:\/\/www.hashtag.al\/wp-content\/uploads\/2023\/02\/dhuna.png 1634w, https:\/\/www.hashtag.al\/wp-content\/uploads\/2023\/02\/dhuna-300x138.png 300w, https:\/\/www.hashtag.al\/wp-content\/uploads\/2023\/02\/dhuna-1024x471.png 1024w, https:\/\/www.hashtag.al\/wp-content\/uploads\/2023\/02\/dhuna-768x353.png 768w, https:\/\/www.hashtag.al\/wp-content\/uploads\/2023\/02\/dhuna-1536x706.png 1536w\" sizes=\"auto, (max-width: 1634px) 100vw, 1634px\" \/><\/p>\n<p><span style=\"color: #000000;\">Policia e Malit t\u00eb Zi ka njoftuar se ka nisur hetimet lidhur me dhun\u00ebn e policis\u00eb malazeze ndaj profesorit Petraq Milo n\u00eb kufirin me Shqip\u00ebrin\u00eb m\u00eb 15 janar. <\/span><\/p>\n<p><span style=\"color: #000000;\">Sipas policis\u00eb malazeze, t\u00eb gjith\u00eb efektiv\u00ebt q\u00eb kan\u00eb qen\u00eb t\u00eb pranish\u00ebm n\u00eb ngjarje jan\u00eb identifikuar e po zhvillohet hetime p\u00ebr v\u00ebnien para p\u00ebrgjegj\u00ebsis\u00eb s\u00eb autor\u00ebve.<\/span><\/p>\n<p><span style=\"color: #000000;\"><em>\u201cLidhur me k\u00ebt\u00eb ngjarje jan\u00eb nd\u00ebrmarr\u00eb masa dhe veprime zyrtare q\u00eb kan\u00eb rezultuar me zbulimin e identitetit t\u00eb t\u00eb gjith\u00eb aktor\u00ebve t\u00eb p\u00ebrfshir\u00eb n\u00eb ngjarjen e p\u00ebrmendur dhe po p\u00ebrcaktohet p\u00ebrgjegj\u00ebsia e zyrtar\u00ebve t\u00eb Policis\u00eb.\u201d<\/em> &#8211; thuhet n\u00eb njoftim, shkruan\u00a0 <span style=\"color: #0000ff;\"><a style=\"color: #0000ff;\" href=\"https:\/\/www.evropaelire.org\/a\/mal-i-zi-sulm-shtetas-shqiptar-\/32281920.html\">REL<\/a>.<\/span><\/span><\/p>\n<p><span style=\"color: #000000;\">Ngjarja e r\u00ebnd\u00eb ndodhi m\u00eb 15 janar nd\u00ebrsa sot \u00ebsht\u00eb publikuar nj\u00eb tjet\u00ebr video ku duket polici malazez q\u00eb pasi godet brutalisht profesorin Petraq Milo, provon ta nxjerr\u00eb me forc\u00eb nga makina.<\/span><\/p>\n<div style=\"width: 720px;\" class=\"wp-video\"><video class=\"wp-video-shortcode\" id=\"video-580823-1\" width=\"720\" height=\"910\" preload=\"metadata\" controls=\"controls\"><source type=\"video\/mp4\" src=\"https:\/\/www.hashtag.al\/wp-content\/uploads\/2023\/02\/dhune.mp4?_=1\" \/><a href=\"https:\/\/www.hashtag.al\/wp-content\/uploads\/2023\/02\/dhune.mp4\">https:\/\/www.hashtag.al\/wp-content\/uploads\/2023\/02\/dhune.mp4<\/a><\/video><\/div>\n","protected":false,"gt_translate_keys":[{"key":"rendered","format":"html"}]},"excerpt":{"rendered":"<p>Policia e Malit t\u00eb Zi ka njoftuar se ka nisur hetimet lidhur me dhun\u00ebn e policis\u00eb malazeze ndaj profesorit Petraq Milo n\u00eb kufirin me Shqip\u00ebrin\u00eb m\u00eb 15 janar. Sipas policis\u00eb malazeze, t\u00eb gjith\u00eb efektiv\u00ebt q\u00eb kan\u00eb qen\u00eb t\u00eb pranish\u00ebm n\u00eb ngjarje jan\u00eb identifikuar e po zhvillohet hetime p\u00ebr v\u00ebnien para p\u00ebrgjegj\u00ebsis\u00eb s\u00eb autor\u00ebve. \u201cLidhur me [&hellip;]<\/p>\n","protected":false,"gt_translate_keys":[{"key":"rendered","format":"html"}]},"author":51,"featured_media":580824,"comment_status":"closed","ping_status":"closed","sticky":false,"template":"","format":"standard","meta":{"footnotes":""},"categories":[65,13],"tags":[],"class_list":["post-580823","post","type-post","status-publish","format-standard","has-post-thumbnail","hentry","category-lajme","category-te-fundit"],"gt_translate_keys":[{"key":"link","format":"url"}],"_links":{"self":[{"href":"https:\/\/www.hashtag.al\/index.php\/wp-json\/wp\/v2\/posts\/580823","targetHints":{"allow":["GET"]}}],"collection":[{"href":"https:\/\/www.hashtag.al\/index.php\/wp-json\/wp\/v2\/posts"}],"about":[{"href":"https:\/\/www.hashtag.al\/index.php\/wp-json\/wp\/v2\/types\/post"}],"author":[{"embeddable":true,"href":"https:\/\/www.hashtag.al\/index.php\/wp-json\/wp\/v2\/users\/51"}],"replies":[{"embeddable":true,"href":"https:\/\/www.hashtag.al\/index.php\/wp-json\/wp\/v2\/comments?post=580823"}],"version-history":[{"count":0,"href":"https:\/\/www.hashtag.al\/index.php\/wp-json\/wp\/v2\/posts\/580823\/revisions"}],"wp:featuredmedia":[{"embeddable":true,"href":"https:\/\/www.hashtag.al\/index.php\/wp-json\/wp\/v2\/media\/580824"}],"wp:attachment":[{"href":"https:\/\/www.hashtag.al\/index.php\/wp-json\/wp\/v2\/media?parent=580823"}],"wp:term":[{"taxonomy":"category","embeddable":true,"href":"https:\/\/www.hashtag.al\/index.php\/wp-json\/wp\/v2\/categories?post=580823"},{"taxonomy":"post_tag","embeddable":true,"href":"https:\/\/www.hashtag.al\/index.php\/wp-json\/wp\/v2\/tags?post=580823"}],"curies":[{"name":"wp","href":"https:\/\/api.w.org\/{rel}","templated":true}]}}