{"id":580439,"date":"2023-02-20T11:09:02","date_gmt":"2023-02-20T10:09:02","guid":{"rendered":"https:\/\/www.hashtag.al\/?p=580439"},"modified":"2023-02-20T11:09:02","modified_gmt":"2023-02-20T10:09:02","slug":"gjyqtari-erjon-cela-u-terhoq-nga-gerdeci-pasi-ishte-shprehur-njehere-per-dosjen-shorti-cakton-irena-gjoken","status":"publish","type":"post","link":"https:\/\/www.hashtag.al\/index.php\/2023\/02\/20\/gjyqtari-erjon-cela-u-terhoq-nga-gerdeci-pasi-ishte-shprehur-njehere-per-dosjen-shorti-cakton-irena-gjoken\/","title":{"rendered":"Gjyqtari Erjon \u00c7ela u t\u00ebrhoq nga \u2018G\u00ebrdeci\u2019 pasi ishte shprehur nj\u00ebher\u00eb p\u00ebr dosjen, shorti cakton Irena Gjok\u00ebn","gt_translate_keys":[{"key":"rendered","format":"text"}]},"content":{"rendered":"<p><span style=\"color: #000000;\"><img loading=\"lazy\" decoding=\"async\" class=\"aligncenter size-full wp-image-580440\" src=\"https:\/\/www.hashtag.al\/wp-content\/uploads\/2023\/02\/irenagjoka.jpg\" alt=\"\" width=\"2046\" height=\"1534\" srcset=\"https:\/\/www.hashtag.al\/wp-content\/uploads\/2023\/02\/irenagjoka.jpg 2046w, https:\/\/www.hashtag.al\/wp-content\/uploads\/2023\/02\/irenagjoka-300x225.jpg 300w, https:\/\/www.hashtag.al\/wp-content\/uploads\/2023\/02\/irenagjoka-1024x768.jpg 1024w, https:\/\/www.hashtag.al\/wp-content\/uploads\/2023\/02\/irenagjoka-768x576.jpg 768w, https:\/\/www.hashtag.al\/wp-content\/uploads\/2023\/02\/irenagjoka-1536x1152.jpg 1536w\" sizes=\"auto, (max-width: 2046px) 100vw, 2046px\" \/><\/span><\/p>\n<p><span style=\"color: #000000;\">Pas dor\u00ebheqjes s\u00eb gjyqtarit Erjon \u00c7ela p\u00ebr dosjen \u2018G\u00ebrdeci\u2019, shorti ka caktuar Irena Gjok\u00ebn p\u00ebr t\u00eb vijuar \u00e7\u00ebshtjen. <\/span><\/p>\n<p><span style=\"color: #000000;\">Gjoka do vendos\u00eb n\u00eb seanc\u00eb paraprake n\u00ebse ish-ministri Fatmir Mediu do t\u00eb dal\u00eb para gjykat\u00ebs si pandehur p\u00ebr shp\u00ebrdorim detyre. \u00c7ela u t\u00ebrhoq nga gjykimi i dyt\u00eb i \u00e7\u00ebshtjes me argumentin se ishte shprehur nj\u00ebher\u00eb p\u00ebr k\u00ebt\u00eb dosje.<\/span><\/p>\n<p><span style=\"color: #000000;\">N\u00eb argumentet e tij n\u00eb vitin 2021, gjyqtari \u00c7ela tha se prej vitit 2012, Mediu nuk ka pasur imunitet p\u00ebr t&#8217;u hetuar dhe veprat penale p\u00ebr shp\u00ebrdorim detyre t\u00eb dyfisht\u00eb p\u00ebr t\u00eb cilat hetohej ishin parashkruar.<\/span><\/p>\n<p><span style=\"color: #000000;\">Gjykata e Posa\u00e7me e Shkall\u00ebs s\u00eb Par\u00eb q\u00eb rr\u00ebzoi k\u00ebrkes\u00ebn e SPAK-ut p\u00ebr t\u00eb rihapur \u00e7\u00ebshtjen, me argumentin se vepra penale ishte parashkruar. <\/span><\/p>\n<p><span style=\"color: #000000;\">Por Gjykata e Apelit rr\u00ebzoi vendimin e shkall\u00ebs s\u00eb par\u00eb, duke konfirmuar k\u00ebrkes\u00ebn e SPAK-ut. Gjykata e Lart\u00eb, m\u00eb 12 dhjetor 2021, la n\u00eb fuqi vendimin e Apelit, duke rr\u00ebzuar rekursin e Mediut, i cili k\u00ebrkonte l\u00ebnien n\u00eb fuqi t\u00eb vendimit t\u00eb shkall\u00ebs s\u00eb par\u00eb.<\/span><\/p>\n<p><span style=\"color: #000000;\">Ish-ministri Mediu e ka quajtur politik vendimin p\u00ebr rihapjen e \u00e7\u00ebshtjes duke theksuar se ajo \u00ebsht\u00eb gjykuar nj\u00ebher\u00eb dhe se nuk ka asnj\u00eb argument t\u00eb ri nga ana e prokuroris\u00eb.<\/span><\/p>\n","protected":false,"gt_translate_keys":[{"key":"rendered","format":"html"}]},"excerpt":{"rendered":"<p>Pas dor\u00ebheqjes s\u00eb gjyqtarit Erjon \u00c7ela p\u00ebr dosjen \u2018G\u00ebrdeci\u2019, shorti ka caktuar Irena Gjok\u00ebn p\u00ebr t\u00eb vijuar \u00e7\u00ebshtjen. Gjoka do vendos\u00eb n\u00eb seanc\u00eb paraprake n\u00ebse ish-ministri Fatmir Mediu do t\u00eb dal\u00eb para gjykat\u00ebs si pandehur p\u00ebr shp\u00ebrdorim detyre. \u00c7ela u t\u00ebrhoq nga gjykimi i dyt\u00eb i \u00e7\u00ebshtjes me argumentin se ishte shprehur nj\u00ebher\u00eb p\u00ebr k\u00ebt\u00eb [&hellip;]<\/p>\n","protected":false,"gt_translate_keys":[{"key":"rendered","format":"html"}]},"author":51,"featured_media":580440,"comment_status":"closed","ping_status":"closed","sticky":false,"template":"","format":"standard","meta":{"footnotes":""},"categories":[65,13],"tags":[],"class_list":["post-580439","post","type-post","status-publish","format-standard","has-post-thumbnail","hentry","category-lajme","category-te-fundit"],"gt_translate_keys":[{"key":"link","format":"url"}],"_links":{"self":[{"href":"https:\/\/www.hashtag.al\/index.php\/wp-json\/wp\/v2\/posts\/580439","targetHints":{"allow":["GET"]}}],"collection":[{"href":"https:\/\/www.hashtag.al\/index.php\/wp-json\/wp\/v2\/posts"}],"about":[{"href":"https:\/\/www.hashtag.al\/index.php\/wp-json\/wp\/v2\/types\/post"}],"author":[{"embeddable":true,"href":"https:\/\/www.hashtag.al\/index.php\/wp-json\/wp\/v2\/users\/51"}],"replies":[{"embeddable":true,"href":"https:\/\/www.hashtag.al\/index.php\/wp-json\/wp\/v2\/comments?post=580439"}],"version-history":[{"count":0,"href":"https:\/\/www.hashtag.al\/index.php\/wp-json\/wp\/v2\/posts\/580439\/revisions"}],"wp:featuredmedia":[{"embeddable":true,"href":"https:\/\/www.hashtag.al\/index.php\/wp-json\/wp\/v2\/media\/580440"}],"wp:attachment":[{"href":"https:\/\/www.hashtag.al\/index.php\/wp-json\/wp\/v2\/media?parent=580439"}],"wp:term":[{"taxonomy":"category","embeddable":true,"href":"https:\/\/www.hashtag.al\/index.php\/wp-json\/wp\/v2\/categories?post=580439"},{"taxonomy":"post_tag","embeddable":true,"href":"https:\/\/www.hashtag.al\/index.php\/wp-json\/wp\/v2\/tags?post=580439"}],"curies":[{"name":"wp","href":"https:\/\/api.w.org\/{rel}","templated":true}]}}