{"id":580360,"date":"2023-02-19T16:43:25","date_gmt":"2023-02-19T15:43:25","guid":{"rendered":"https:\/\/www.hashtag.al\/?p=580360"},"modified":"2023-02-19T16:43:25","modified_gmt":"2023-02-19T15:43:25","slug":"borrell-pres-qe-kurti-e-vucic-te-pranojne-propozimin-europian","status":"publish","type":"post","link":"https:\/\/www.hashtag.al\/index.php\/2023\/02\/19\/borrell-pres-qe-kurti-e-vucic-te-pranojne-propozimin-europian\/","title":{"rendered":"Borrell: Pres q\u00eb Kurti e Vu\u00e7i\u00e7 t\u00eb pranojn\u00eb propozimin europian","gt_translate_keys":[{"key":"rendered","format":"text"}]},"content":{"rendered":"<p><span style=\"color: #000000;\"><a style=\"color: #000000;\" href=\"https:\/\/www.hashtag.al\/wp-content\/uploads\/2022\/12\/borrell-2.jpg\"><img loading=\"lazy\" decoding=\"async\" class=\"aligncenter size-full wp-image-567447\" src=\"https:\/\/www.hashtag.al\/wp-content\/uploads\/2022\/12\/borrell-2.jpg\" alt=\"\" width=\"600\" height=\"360\" srcset=\"https:\/\/www.hashtag.al\/wp-content\/uploads\/2022\/12\/borrell-2.jpg 600w, https:\/\/www.hashtag.al\/wp-content\/uploads\/2022\/12\/borrell-2-300x180.jpg 300w\" sizes=\"auto, (max-width: 600px) 100vw, 600px\" \/><\/a><\/span><\/p>\n<p><span style=\"color: #000000;\">P\u00ebrfaq\u00ebsuesi i Lart\u00eb i Bashkimit Evropian p\u00ebr Pun\u00eb t\u00eb Jashtme dhe Politik\u00eb t\u00eb Siguris\u00eb, Josep Borrell ka b\u00ebr\u00eb thirrje q\u00eb Kosova dhe Serbia t\u00eb pranojn\u00eb propozimin evropian, si rrug\u00eb p\u00ebr normalizim t\u00eb marr\u00ebdh\u00ebnieve.<\/span><\/p>\n<p><span style=\"color: #000000;\">Borrell n\u00eb nj\u00eb intervist\u00eb p\u00ebr \u201cDeutche Welle\u201d \u00ebsht\u00eb shprehur se i ka ftuar n\u00eb takim m\u00eb 27 shkurt, kryeministrin e Kosov\u00ebs, Albin Kurtin dhe presidentin serb, Aleksand\u00ebr Vu\u00e7i\u00e7.<\/span><\/p>\n<p><span style=\"color: #000000;\">\u201c<em>Jam takuar me presidentin e Serbis\u00eb, Aleksand\u00ebr Vu\u00e7i\u00e7 dhe kryeministrin e Kosov\u00ebs, Albin Kurti. Do t\u00eb takohem me t\u00eb dy n\u00eb Bruksel m\u00eb 27 shkurt, po i kam ftuar p\u00ebr t\u00eb pasur nj\u00eb dit\u00eb plot diskutime. \u00cbsht\u00eb nj\u00eb propozim n\u00eb tryez\u00eb. Shpresoj q\u00eb ata t\u00eb jen\u00eb n\u00eb gjendje ta pranojn\u00eb k\u00ebt\u00eb propozim si rrug\u00eb p\u00ebr t\u2019i normalizuar marr\u00ebdh\u00ebniet mes tyre<\/em>\u201d, \u00ebsht\u00eb shprehur Borrell.<\/span><\/p>\n","protected":false,"gt_translate_keys":[{"key":"rendered","format":"html"}]},"excerpt":{"rendered":"<p>P\u00ebrfaq\u00ebsuesi i Lart\u00eb i Bashkimit Evropian p\u00ebr Pun\u00eb t\u00eb Jashtme dhe Politik\u00eb t\u00eb Siguris\u00eb, Josep Borrell ka b\u00ebr\u00eb thirrje q\u00eb Kosova dhe Serbia t\u00eb pranojn\u00eb propozimin evropian, si rrug\u00eb p\u00ebr normalizim t\u00eb marr\u00ebdh\u00ebnieve. Borrell n\u00eb nj\u00eb intervist\u00eb p\u00ebr \u201cDeutche Welle\u201d \u00ebsht\u00eb shprehur se i ka ftuar n\u00eb takim m\u00eb 27 shkurt, kryeministrin e Kosov\u00ebs, Albin [&hellip;]<\/p>\n","protected":false,"gt_translate_keys":[{"key":"rendered","format":"html"}]},"author":32,"featured_media":567447,"comment_status":"closed","ping_status":"closed","sticky":false,"template":"","format":"standard","meta":{"footnotes":""},"categories":[149,13],"tags":[],"class_list":["post-580360","post","type-post","status-publish","format-standard","has-post-thumbnail","hentry","category-kosoverajon","category-te-fundit"],"gt_translate_keys":[{"key":"link","format":"url"}],"_links":{"self":[{"href":"https:\/\/www.hashtag.al\/index.php\/wp-json\/wp\/v2\/posts\/580360","targetHints":{"allow":["GET"]}}],"collection":[{"href":"https:\/\/www.hashtag.al\/index.php\/wp-json\/wp\/v2\/posts"}],"about":[{"href":"https:\/\/www.hashtag.al\/index.php\/wp-json\/wp\/v2\/types\/post"}],"author":[{"embeddable":true,"href":"https:\/\/www.hashtag.al\/index.php\/wp-json\/wp\/v2\/users\/32"}],"replies":[{"embeddable":true,"href":"https:\/\/www.hashtag.al\/index.php\/wp-json\/wp\/v2\/comments?post=580360"}],"version-history":[{"count":0,"href":"https:\/\/www.hashtag.al\/index.php\/wp-json\/wp\/v2\/posts\/580360\/revisions"}],"wp:featuredmedia":[{"embeddable":true,"href":"https:\/\/www.hashtag.al\/index.php\/wp-json\/wp\/v2\/media\/567447"}],"wp:attachment":[{"href":"https:\/\/www.hashtag.al\/index.php\/wp-json\/wp\/v2\/media?parent=580360"}],"wp:term":[{"taxonomy":"category","embeddable":true,"href":"https:\/\/www.hashtag.al\/index.php\/wp-json\/wp\/v2\/categories?post=580360"},{"taxonomy":"post_tag","embeddable":true,"href":"https:\/\/www.hashtag.al\/index.php\/wp-json\/wp\/v2\/tags?post=580360"}],"curies":[{"name":"wp","href":"https:\/\/api.w.org\/{rel}","templated":true}]}}