{"id":579979,"date":"2023-02-17T11:50:22","date_gmt":"2023-02-17T10:50:22","guid":{"rendered":"https:\/\/www.hashtag.al\/?p=579979"},"modified":"2023-02-17T11:50:22","modified_gmt":"2023-02-17T10:50:22","slug":"ambasadorja-amerikane-kim-shkon-te-kryesia-e-kuvendit","status":"publish","type":"post","link":"https:\/\/www.hashtag.al\/index.php\/2023\/02\/17\/ambasadorja-amerikane-kim-shkon-te-kryesia-e-kuvendit\/","title":{"rendered":"Ambasadorja amerikane Kim shkon te Kryesia e Kuvendit","gt_translate_keys":[{"key":"rendered","format":"text"}]},"content":{"rendered":"<p><img loading=\"lazy\" decoding=\"async\" class=\"aligncenter size-full wp-image-579980\" src=\"https:\/\/www.hashtag.al\/wp-content\/uploads\/2023\/02\/kim.jpeg\" alt=\"\" width=\"1024\" height=\"575\" srcset=\"https:\/\/www.hashtag.al\/wp-content\/uploads\/2023\/02\/kim.jpeg 1024w, https:\/\/www.hashtag.al\/wp-content\/uploads\/2023\/02\/kim-300x168.jpeg 300w, https:\/\/www.hashtag.al\/wp-content\/uploads\/2023\/02\/kim-768x431.jpeg 768w\" sizes=\"auto, (max-width: 1024px) 100vw, 1024px\" \/><\/p>\n<p><span style=\"color: #000000;\">Ambasadorja amerikane Yuri Kim ka shkuar paraditen e sotme n\u00eb krye\u00ebsin\u00eb e Kuvendit. <\/span><\/p>\n<p><span style=\"color: #000000;\">Ajo shoq\u00ebrohej nga Dilawar Syed, p\u00ebrfaq\u00ebsues Special p\u00ebr \u00c7\u00ebshtjet Tregtare dhe t\u00eb biznesit n\u00eb Departamentin e Shtetit.<\/span><\/p>\n<p><span style=\"color: #000000;\">Kim e Syed po takohen me kryetar\u00ebt e n\u00ebnkryetar\u00ebt e Komisionit t\u00eb Jasht\u00ebm, t\u00eb Integrimit dhe ata t\u00eb Ekonomis\u00eb.<\/span><\/p>\n<p><span style=\"color: #000000;\">Takimi i diplomates amerikane vjen pas dy seancave t\u00eb fundit t\u00eb tensionuara n\u00eb Kuvend ku jan\u00eb p\u00ebrjashtuar disa deputet\u00eb t\u00eb PD-s\u00eb, pas k\u00ebrkes\u00ebs s\u00eb b\u00ebr\u00eb nga socialist\u00ebt.<\/span><\/p>\n","protected":false,"gt_translate_keys":[{"key":"rendered","format":"html"}]},"excerpt":{"rendered":"<p>Ambasadorja amerikane Yuri Kim ka shkuar paraditen e sotme n\u00eb krye\u00ebsin\u00eb e Kuvendit. Ajo shoq\u00ebrohej nga Dilawar Syed, p\u00ebrfaq\u00ebsues Special p\u00ebr \u00c7\u00ebshtjet Tregtare dhe t\u00eb biznesit n\u00eb Departamentin e Shtetit. Kim e Syed po takohen me kryetar\u00ebt e n\u00ebnkryetar\u00ebt e Komisionit t\u00eb Jasht\u00ebm, t\u00eb Integrimit dhe ata t\u00eb Ekonomis\u00eb. Takimi i diplomates amerikane vjen pas [&hellip;]<\/p>\n","protected":false,"gt_translate_keys":[{"key":"rendered","format":"html"}]},"author":51,"featured_media":579980,"comment_status":"closed","ping_status":"closed","sticky":false,"template":"","format":"standard","meta":{"footnotes":""},"categories":[65,13],"tags":[],"class_list":["post-579979","post","type-post","status-publish","format-standard","has-post-thumbnail","hentry","category-lajme","category-te-fundit"],"gt_translate_keys":[{"key":"link","format":"url"}],"_links":{"self":[{"href":"https:\/\/www.hashtag.al\/index.php\/wp-json\/wp\/v2\/posts\/579979","targetHints":{"allow":["GET"]}}],"collection":[{"href":"https:\/\/www.hashtag.al\/index.php\/wp-json\/wp\/v2\/posts"}],"about":[{"href":"https:\/\/www.hashtag.al\/index.php\/wp-json\/wp\/v2\/types\/post"}],"author":[{"embeddable":true,"href":"https:\/\/www.hashtag.al\/index.php\/wp-json\/wp\/v2\/users\/51"}],"replies":[{"embeddable":true,"href":"https:\/\/www.hashtag.al\/index.php\/wp-json\/wp\/v2\/comments?post=579979"}],"version-history":[{"count":0,"href":"https:\/\/www.hashtag.al\/index.php\/wp-json\/wp\/v2\/posts\/579979\/revisions"}],"wp:featuredmedia":[{"embeddable":true,"href":"https:\/\/www.hashtag.al\/index.php\/wp-json\/wp\/v2\/media\/579980"}],"wp:attachment":[{"href":"https:\/\/www.hashtag.al\/index.php\/wp-json\/wp\/v2\/media?parent=579979"}],"wp:term":[{"taxonomy":"category","embeddable":true,"href":"https:\/\/www.hashtag.al\/index.php\/wp-json\/wp\/v2\/categories?post=579979"},{"taxonomy":"post_tag","embeddable":true,"href":"https:\/\/www.hashtag.al\/index.php\/wp-json\/wp\/v2\/tags?post=579979"}],"curies":[{"name":"wp","href":"https:\/\/api.w.org\/{rel}","templated":true}]}}