{"id":579976,"date":"2023-02-17T11:30:23","date_gmt":"2023-02-17T10:30:23","guid":{"rendered":"https:\/\/www.hashtag.al\/?p=579976"},"modified":"2023-02-17T11:30:23","modified_gmt":"2023-02-17T10:30:23","slug":"deshton-edhe-raundi-i-dyte-per-zgjedhjen-e-kryetares-se-gjykates-kushtetuese","status":"publish","type":"post","link":"https:\/\/www.hashtag.al\/index.php\/2023\/02\/17\/deshton-edhe-raundi-i-dyte-per-zgjedhjen-e-kryetares-se-gjykates-kushtetuese\/","title":{"rendered":"D\u00ebshton edhe raundi i dyt\u00eb p\u00ebr zgjedhjen e kryetares s\u00eb Gjykat\u00ebs Kushtetuese","gt_translate_keys":[{"key":"rendered","format":"text"}]},"content":{"rendered":"<p><img loading=\"lazy\" decoding=\"async\" class=\"aligncenter size-full wp-image-579977\" src=\"https:\/\/www.hashtag.al\/wp-content\/uploads\/2023\/02\/gjykatakushtetuese.jpg\" alt=\"\" width=\"2000\" height=\"1013\" srcset=\"https:\/\/www.hashtag.al\/wp-content\/uploads\/2023\/02\/gjykatakushtetuese.jpg 2000w, https:\/\/www.hashtag.al\/wp-content\/uploads\/2023\/02\/gjykatakushtetuese-300x152.jpg 300w, https:\/\/www.hashtag.al\/wp-content\/uploads\/2023\/02\/gjykatakushtetuese-1024x519.jpg 1024w, https:\/\/www.hashtag.al\/wp-content\/uploads\/2023\/02\/gjykatakushtetuese-768x389.jpg 768w, https:\/\/www.hashtag.al\/wp-content\/uploads\/2023\/02\/gjykatakushtetuese-1536x778.jpg 1536w\" sizes=\"auto, (max-width: 2000px) 100vw, 2000px\" \/><\/p>\n<p><span style=\"color: #000000;\">Ka d\u00ebshtuar edhe raundi i dyt\u00eb i zgjedhjeve p\u00ebr kreun e ri t\u00eb Gjykat\u00ebs Kushtetuese. <\/span><\/p>\n<p><span style=\"color: #000000;\">N\u00eb gar\u00eb p\u00ebr kreun jan\u00eb Fiona Papajorgji, Marjana Semini e Holta Za\u00e7aj, q\u00eb kan\u00eb marr\u00eb nga tre vota secila nd\u00ebrsa p\u00ebr kreun duhet q\u00eb nj\u00ebra nga kandidatet t\u00eb marr\u00eb 5 vota. <\/span><\/p>\n<p><span style=\"color: #000000;\">N\u00eb turin paraardh\u00ebs gjyqtarja Za\u00e7aj mori 4 vota, Papajorgji 3 vota dhe Semini 2 vota.<\/span><\/p>\n<p><span style=\"color: #000000;\"><em>\u201cMbledhja e Gjyqtar\u00ebve t\u00eb Gjykat\u00ebs Kushtetuese, n\u00eb zbatim t\u00eb parashikimeve ligjore, zhvilloi sot m\u00eb 17 shkurt 2023 raundin e dyt\u00eb t\u00eb votimit p\u00ebr zgjedhjen e Kryetarit t\u00eb ri t\u00eb Gjykat\u00ebs Kushtetuese.\u00a0<\/em><\/span><span style=\"color: #000000;\"><em>N\u00eb p\u00ebrfundim t\u00eb procesit t\u00eb votimit s\u00ebrish asnj\u00eb nga kandidatet nuk mori shumic\u00ebn ligjore prej t\u00eb pakt\u00ebn 5 votash. Rezultati i votimit ishte:<\/em><\/span><\/p>\n<ol>\n<li><span style=\"color: #000000;\"><em> Fiona Papajorgji &#8211; 3 vota;<\/em><\/span><\/li>\n<li><span style=\"color: #000000;\"><em> Marjana Semini &#8211; 3 vota;<\/em><\/span><\/li>\n<li><span style=\"color: #000000;\"><em> Holta Za\u00e7aj &#8211; 3 vota.<\/em><\/span><\/li>\n<\/ol>\n<p><span style=\"color: #000000;\"><em>N\u00eb raundin e par\u00eb m\u00eb 15 shkurt 2023, Mbledhja e Gjyqtar\u00ebve t\u00eb Gjykat\u00ebs Kushtetuese zhvilloi seanc\u00ebn p\u00ebr zgjedhjen e Kryetarit t\u00eb ri t\u00eb Gjykat\u00ebs Kushtetuese.<\/em><\/span><\/p>\n<p><span style=\"color: #000000;\"><em>Pas prezantimit t\u00eb platformave dhe vizioneve t\u00eb kandidateve, Fiona Papajorgji, Marjana Semini dhe Holta Za\u00e7aj asnj\u00eb nga kandidatet nuk mori shumic\u00ebn ligjore prej t\u00eb pakt\u00ebn 5 votash.<\/em><\/span><\/p>\n<p><span style=\"color: #000000;\"><em>N\u00eb mbledhjen e par\u00eb rezultati i votimit ishte:<\/em><\/span><\/p>\n<ol>\n<li><span style=\"color: #000000;\"><em>Gjyqtarja Fiona Papajorgji &#8211; 3 vota<\/em><\/span><\/li>\n<li><span style=\"color: #000000;\"><em>Gjyqtarja Marjana Semini &#8211; 2 vota<\/em><\/span><\/li>\n<li><span style=\"color: #000000;\"><em>Gjyqtarja Holta Za\u00e7aj &#8211; 4 vota.\u201d<\/em> &#8211; thuhet n\u00eb njoftimin e Gjykat\u00ebs Kushtetuese.<\/span><\/li>\n<\/ol>\n","protected":false,"gt_translate_keys":[{"key":"rendered","format":"html"}]},"excerpt":{"rendered":"<p>Ka d\u00ebshtuar edhe raundi i dyt\u00eb i zgjedhjeve p\u00ebr kreun e ri t\u00eb Gjykat\u00ebs Kushtetuese. N\u00eb gar\u00eb p\u00ebr kreun jan\u00eb Fiona Papajorgji, Marjana Semini e Holta Za\u00e7aj, q\u00eb kan\u00eb marr\u00eb nga tre vota secila nd\u00ebrsa p\u00ebr kreun duhet q\u00eb nj\u00ebra nga kandidatet t\u00eb marr\u00eb 5 vota. N\u00eb turin paraardh\u00ebs gjyqtarja Za\u00e7aj mori 4 vota, Papajorgji [&hellip;]<\/p>\n","protected":false,"gt_translate_keys":[{"key":"rendered","format":"html"}]},"author":51,"featured_media":579977,"comment_status":"closed","ping_status":"closed","sticky":false,"template":"","format":"standard","meta":{"footnotes":""},"categories":[65,13],"tags":[],"class_list":["post-579976","post","type-post","status-publish","format-standard","has-post-thumbnail","hentry","category-lajme","category-te-fundit"],"gt_translate_keys":[{"key":"link","format":"url"}],"_links":{"self":[{"href":"https:\/\/www.hashtag.al\/index.php\/wp-json\/wp\/v2\/posts\/579976","targetHints":{"allow":["GET"]}}],"collection":[{"href":"https:\/\/www.hashtag.al\/index.php\/wp-json\/wp\/v2\/posts"}],"about":[{"href":"https:\/\/www.hashtag.al\/index.php\/wp-json\/wp\/v2\/types\/post"}],"author":[{"embeddable":true,"href":"https:\/\/www.hashtag.al\/index.php\/wp-json\/wp\/v2\/users\/51"}],"replies":[{"embeddable":true,"href":"https:\/\/www.hashtag.al\/index.php\/wp-json\/wp\/v2\/comments?post=579976"}],"version-history":[{"count":0,"href":"https:\/\/www.hashtag.al\/index.php\/wp-json\/wp\/v2\/posts\/579976\/revisions"}],"wp:featuredmedia":[{"embeddable":true,"href":"https:\/\/www.hashtag.al\/index.php\/wp-json\/wp\/v2\/media\/579977"}],"wp:attachment":[{"href":"https:\/\/www.hashtag.al\/index.php\/wp-json\/wp\/v2\/media?parent=579976"}],"wp:term":[{"taxonomy":"category","embeddable":true,"href":"https:\/\/www.hashtag.al\/index.php\/wp-json\/wp\/v2\/categories?post=579976"},{"taxonomy":"post_tag","embeddable":true,"href":"https:\/\/www.hashtag.al\/index.php\/wp-json\/wp\/v2\/tags?post=579976"}],"curies":[{"name":"wp","href":"https:\/\/api.w.org\/{rel}","templated":true}]}}