{"id":579850,"date":"2023-02-16T16:42:26","date_gmt":"2023-02-16T15:42:26","guid":{"rendered":"https:\/\/www.hashtag.al\/?p=579850"},"modified":"2023-02-16T16:42:26","modified_gmt":"2023-02-16T15:42:26","slug":"balla-mocioni-me-debat-u-vendos-me-2-mars-per-shkak-te-agjendes-se-kryeministrit","status":"publish","type":"post","link":"https:\/\/www.hashtag.al\/index.php\/2023\/02\/16\/balla-mocioni-me-debat-u-vendos-me-2-mars-per-shkak-te-agjendes-se-kryeministrit\/","title":{"rendered":"Balla: Mocioni me debat u vendos m\u00eb 2 mars p\u00ebr shkak t\u00eb agjend\u00ebs s\u00eb kryeministrit","gt_translate_keys":[{"key":"rendered","format":"text"}]},"content":{"rendered":"<p><span style=\"color: #000000;\"><a style=\"color: #000000;\" href=\"https:\/\/www.hashtag.al\/wp-content\/uploads\/2023\/02\/balla-1.jpg\"><img loading=\"lazy\" decoding=\"async\" class=\"aligncenter size-full wp-image-577896\" src=\"https:\/\/www.hashtag.al\/wp-content\/uploads\/2023\/02\/balla-1.jpg\" alt=\"\" width=\"860\" height=\"547\" srcset=\"https:\/\/www.hashtag.al\/wp-content\/uploads\/2023\/02\/balla-1.jpg 860w, https:\/\/www.hashtag.al\/wp-content\/uploads\/2023\/02\/balla-1-300x191.jpg 300w, https:\/\/www.hashtag.al\/wp-content\/uploads\/2023\/02\/balla-1-768x488.jpg 768w\" sizes=\"auto, (max-width: 860px) 100vw, 860px\" \/><\/a><\/span><\/p>\n<p><span style=\"color: #000000;\">Kreu i Grupit Parlamentar 9 Partis\u00eb Socialiste, Taulant Balla ka sqaruar jasht\u00eb ambienteve t\u00eb Kuvendit pas p\u00ebrfundimit t\u00eb seanc\u00ebs vendosjen e dat\u00ebs 2 mars p\u00ebr mocioni me debat p\u00ebr \u00e7\u00ebshtjen McGonigal-Rama<\/span><\/p>\n<p><span style=\"color: #000000;\">Balla deklaroi se seanca do t\u00eb mbahet n\u00eb 2 mars p\u00ebr shkak t\u00eb agjend\u00ebs nd\u00ebrkomb\u00ebtare t\u00eb kryeministrit nd\u00ebr arsye t\u00eb tjera.<\/span><\/p>\n<p><span style=\"color: #000000;\">Sipas tij \u00e7do deputet gjithashtu duhet t\u00eb ket\u00eb koh\u00ebn e duhur p\u00ebr t\u2019u p\u00ebrgatitur pasi sipas tij \u201cKuvendi nuk \u00ebsht\u00eb fast-food\u201d, por institucion.<\/span><\/p>\n<p><span style=\"color: #000000;\">Balla ka reaguar edhe n\u00eb lidhje me videon e publikuar dje nga opozita p\u00ebr vendosjen e nj\u00eb paralelizmi mes situat\u00ebs s\u00eb dit\u00ebve t\u00eb fundit n\u00eb kuvend dhe m\u00ebnyr\u00ebs s\u00eb ngjashme se si PS b\u00ebnte dikur opozit\u00eb.<\/span><\/p>\n<p><span style=\"color: #000000;\">Sipas tij ata jan\u00eb munduar t\u00eb b\u00ebjn\u00eb nj\u00eb krahasim me 2006 ku PS ka k\u00ebrkuar q\u00eb votimi t\u00eb ishte i fsheht\u00eb, k\u00ebrkes\u00eb e cila sot nuk \u00ebsht\u00eb m\u00eb e nevojshme p\u00ebr shkak t\u00eb sanksionimit n\u00eb rregullore.<\/span><\/p>\n<p><span style=\"color: #000000;\">\u201c<em>S\u00eb pari k\u00ebrkesa p\u00ebr zhvillimin e mocionit me debat ka k\u00ebrkuar v\u00ebnien n\u00eb dispozicion t\u00eb nj\u00eb dite t\u00eb plot\u00eb ku t\u00eb hiqen t\u00eb gjitha \u00e7\u00ebshtjet q\u00eb mund t\u00eb ket\u00eb seanca dhe t\u00eb jet\u00eb e dedikuar, e cila po ta llogarisim n\u00ebse flet secili nga 10 minuta I bie rreth 24 or\u00eb. N\u00eb k\u00ebt\u00eb k\u00ebndv\u00ebshtrim, ne nuk jemi nj\u00eb fast food, por institucion ku duhet t\u00eb p\u00ebrgatitet \u00e7do deputet p\u00ebr at\u00eb q\u00eb do flas\u00eb.<\/em><\/span><\/p>\n<p><span style=\"color: #000000;\"><em>Opozita 2 marsin e ka dit\u00eb t\u00eb sh\u00ebnuar mendoj se do ishte data m\u00eb e mir\u00eb. Neni 89 n\u00eb rast se nuk gjendet dakord\u00ebsia votohet propozimi i kryetarit t\u00eb Kuvendit.<\/em><\/span><\/p>\n<p><span style=\"color: #000000;\"><em>N\u00eb k\u00ebt\u00eb aspekt tashm\u00eb nuk ka m\u00eb asnj\u00eb alibi p\u00ebr normalitetin. Koha n\u00eb dispozicion p\u00ebr tu p\u00ebrgatitur \u00ebsht\u00eb e mjaftueshme. presim deputet\u00ebt t\u00eb jen\u00eb prezent edhe pse nuk ka dyshim q\u00eb nuk \u00ebsht\u00eb mocioni me debat arsyeja p\u00ebr k\u00ebt\u00eb situat\u00eb, por katrani me boj\u00eb n\u00eb krye t\u00eb PD q\u00eb nuk l\u00eb hap\u00ebsir\u00eb.<\/em><\/span><\/p>\n<p><span style=\"color: #000000;\"><em>Gjej rastin si kryetar i grupit t\u00eb PS t\u00eb p\u00ebrsh\u00ebndes aktin e familjar\u00ebve t\u00eb 21 janarit q\u00eb p\u00ebr vrasjet e t\u00eb pakt\u00ebn dy prej t\u00eb vrar\u00ebve q\u00eb cil\u00ebsohen si vrasje pa autor, iu drejtuan SPAK q\u00eb ka detyrimin t\u00eb marr\u00eb kompetenc\u00ebn p\u00ebr hetimin e atij krimi shtet\u00ebror.<\/em><\/span><\/p>\n<p><span style=\"color: #000000;\"><em>Jan\u00eb munduar t\u00eb b\u00ebjn\u00eb nj\u00eb krahasim me 2006 ku ne kemi k\u00ebrkuar q\u00eb votimi t\u00eb ishte i fsheht\u00eb. Kjo ishte arsyeja e debatit dhe protest\u00ebs s\u00eb opozit\u00ebs s\u00eb asaj koh\u00eb. K\u00ebrkesat p\u00ebr votimin e fsheht\u00eb jan\u00eb k\u00ebrkesa q\u00eb nuk jan\u00eb m\u00eb t\u00eb nevojshme t\u2019i b\u00ebsh sepse jan\u00eb sanksionuar n\u00eb Rregullore. Edhe n\u00eb at\u00eb koh\u00eb ka pasur p\u00ebrjashtime si deputeti Petro Ko\u00e7i dhe t\u00eb tjer\u00eb. Pyetja q\u00eb shtron \u00e7do qytetar \u00ebsht\u00eb a do respektohen sot rregullat kur k\u00ebrkesat e opozit\u00ebs kan\u00eb marr\u00eb rrug\u00eb. Ajo p\u00ebr komision hetimor \u00ebsht\u00eb n\u00eb Konferenc\u00ebn e Kryetar\u00ebve<\/em>\u201d, deklaroi Balla.<\/span><\/p>\n","protected":false,"gt_translate_keys":[{"key":"rendered","format":"html"}]},"excerpt":{"rendered":"<p>Kreu i Grupit Parlamentar 9 Partis\u00eb Socialiste, Taulant Balla ka sqaruar jasht\u00eb ambienteve t\u00eb Kuvendit pas p\u00ebrfundimit t\u00eb seanc\u00ebs vendosjen e dat\u00ebs 2 mars p\u00ebr mocioni me debat p\u00ebr \u00e7\u00ebshtjen McGonigal-Rama Balla deklaroi se seanca do t\u00eb mbahet n\u00eb 2 mars p\u00ebr shkak t\u00eb agjend\u00ebs nd\u00ebrkomb\u00ebtare t\u00eb kryeministrit nd\u00ebr arsye t\u00eb tjera. Sipas tij \u00e7do [&hellip;]<\/p>\n","protected":false,"gt_translate_keys":[{"key":"rendered","format":"html"}]},"author":32,"featured_media":577896,"comment_status":"closed","ping_status":"closed","sticky":false,"template":"","format":"standard","meta":{"footnotes":""},"categories":[65,13],"tags":[],"class_list":["post-579850","post","type-post","status-publish","format-standard","has-post-thumbnail","hentry","category-lajme","category-te-fundit"],"gt_translate_keys":[{"key":"link","format":"url"}],"_links":{"self":[{"href":"https:\/\/www.hashtag.al\/index.php\/wp-json\/wp\/v2\/posts\/579850","targetHints":{"allow":["GET"]}}],"collection":[{"href":"https:\/\/www.hashtag.al\/index.php\/wp-json\/wp\/v2\/posts"}],"about":[{"href":"https:\/\/www.hashtag.al\/index.php\/wp-json\/wp\/v2\/types\/post"}],"author":[{"embeddable":true,"href":"https:\/\/www.hashtag.al\/index.php\/wp-json\/wp\/v2\/users\/32"}],"replies":[{"embeddable":true,"href":"https:\/\/www.hashtag.al\/index.php\/wp-json\/wp\/v2\/comments?post=579850"}],"version-history":[{"count":0,"href":"https:\/\/www.hashtag.al\/index.php\/wp-json\/wp\/v2\/posts\/579850\/revisions"}],"wp:featuredmedia":[{"embeddable":true,"href":"https:\/\/www.hashtag.al\/index.php\/wp-json\/wp\/v2\/media\/577896"}],"wp:attachment":[{"href":"https:\/\/www.hashtag.al\/index.php\/wp-json\/wp\/v2\/media?parent=579850"}],"wp:term":[{"taxonomy":"category","embeddable":true,"href":"https:\/\/www.hashtag.al\/index.php\/wp-json\/wp\/v2\/categories?post=579850"},{"taxonomy":"post_tag","embeddable":true,"href":"https:\/\/www.hashtag.al\/index.php\/wp-json\/wp\/v2\/tags?post=579850"}],"curies":[{"name":"wp","href":"https:\/\/api.w.org\/{rel}","templated":true}]}}