{"id":579740,"date":"2023-02-16T10:23:08","date_gmt":"2023-02-16T09:23:08","guid":{"rendered":"https:\/\/www.hashtag.al\/?p=579740"},"modified":"2023-02-16T10:48:33","modified_gmt":"2023-02-16T09:48:33","slug":"kellici-pse-sndalon-garda-hajdutin-arben-ahmetaj-po-opoziten-edi-rama-te-dije-se-ceshtja-mcgonigal-sdo-ndaloje","status":"publish","type":"post","link":"https:\/\/www.hashtag.al\/index.php\/2023\/02\/16\/kellici-pse-sndalon-garda-hajdutin-arben-ahmetaj-po-opoziten-edi-rama-te-dije-se-ceshtja-mcgonigal-sdo-ndaloje\/","title":{"rendered":"K\u00eblli\u00e7i: Pse s\u2019ndalon Garda hajdutin Arben Ahmetaj po opozit\u00ebn, Edi Rama t\u00eb dij\u00eb se \u00e7\u00ebshtja \u2018McGonigal\u2019 s\u2019do ndaloj\u00eb","gt_translate_keys":[{"key":"rendered","format":"text"}]},"content":{"rendered":"<p><span style=\"color: #000000;\"><img loading=\"lazy\" decoding=\"async\" class=\"aligncenter size-full wp-image-579748\" src=\"https:\/\/www.hashtag.al\/wp-content\/uploads\/2023\/02\/kellici.jpg\" alt=\"\" width=\"780\" height=\"440\" srcset=\"https:\/\/www.hashtag.al\/wp-content\/uploads\/2023\/02\/kellici.jpg 780w, https:\/\/www.hashtag.al\/wp-content\/uploads\/2023\/02\/kellici-300x169.jpg 300w, https:\/\/www.hashtag.al\/wp-content\/uploads\/2023\/02\/kellici-768x433.jpg 768w\" sizes=\"auto, (max-width: 780px) 100vw, 780px\" \/><\/span><\/p>\n<p><span style=\"color: #000000;\">Deputeti demokrat Belind K\u00eblli\u00e7i i b\u00ebri thirrje Gard\u00ebs q\u00eb t\u00eb lejoj\u00eb deputet\u00ebt e p\u00ebrjashtuar t\u00eb opozit\u00ebs t\u00eb hyjn\u00eb n\u00eb seanc\u00eb n\u00eb zbatimt\u00eb rregullores s\u00eb parlamentit. <\/span><\/p>\n<p><span style=\"color: #000000;\">Gjat\u00eb fjal\u00ebs s\u00eb tij ai tha se \u00e7\u00ebshtja \u2018McGonigal\u2019 s\u2019do ndaloj\u00eb pavar\u00ebsisht p\u00ebrpjekjeve t\u00eb kryeministrit Rama.<\/span><\/p>\n<p><span style=\"color: #000000;\"><em>\u201cNuk ka parlament n\u00eb bot\u00eb q\u00eb ndalon deputet\u00ebt t\u00eb flasin. Ta dij\u00eb Edi Rama se \u00e7\u00ebshtja McGonigal nuk do ndaloj\u00eb. Ku i keni par\u00eb k\u00ebto sjellje, \u00e7far\u00eb vendi demokratik \u00ebsht\u00eb ky.E pat\u00eb sjelljen e Gard\u00ebs. Po k\u00ebrkojm\u00eb t\u00eb hyjm\u00eb n\u00eb seanc\u00eb plenare n\u00eb zbatim t\u00eb Kushtetut\u00ebs e rregullores s\u00eb parlamentit. Nga kush e mbron Garda parlamentin, nga un\u00eb Belind K\u00eblli\u00e7i. Pse nuk ndalon Garda hajdutin Arben Ahmetaj, kryetaren e Kuvendit Lindita Nikolla. \u00c7far\u00eb kemi b\u00ebr\u00eb q\u00eb jemi p\u00ebrjashtuar. Ne duhet\u00a0 t\u00eb futemi brenda. Sipas regullores duhet t\u00eb futem brenda.\u201d<\/em> &#8211; tha K\u00eblli\u00e7i.<\/span><\/p>\n<p><img loading=\"lazy\" decoding=\"async\" class=\"aligncenter size-full wp-image-579749\" src=\"https:\/\/www.hashtag.al\/wp-content\/uploads\/2023\/02\/ezgif.com-webp-to-jpg-23.jpg\" alt=\"\" width=\"1309\" height=\"722\" srcset=\"https:\/\/www.hashtag.al\/wp-content\/uploads\/2023\/02\/ezgif.com-webp-to-jpg-23.jpg 1309w, https:\/\/www.hashtag.al\/wp-content\/uploads\/2023\/02\/ezgif.com-webp-to-jpg-23-300x165.jpg 300w, https:\/\/www.hashtag.al\/wp-content\/uploads\/2023\/02\/ezgif.com-webp-to-jpg-23-1024x565.jpg 1024w, https:\/\/www.hashtag.al\/wp-content\/uploads\/2023\/02\/ezgif.com-webp-to-jpg-23-768x424.jpg 768w, https:\/\/www.hashtag.al\/wp-content\/uploads\/2023\/02\/ezgif.com-webp-to-jpg-23-750x415.jpg 750w\" sizes=\"auto, (max-width: 1309px) 100vw, 1309px\" \/><\/p>\n","protected":false,"gt_translate_keys":[{"key":"rendered","format":"html"}]},"excerpt":{"rendered":"<p>Deputeti demokrat Belind K\u00eblli\u00e7i i b\u00ebri thirrje Gard\u00ebs q\u00eb t\u00eb lejoj\u00eb deputet\u00ebt e p\u00ebrjashtuar t\u00eb opozit\u00ebs t\u00eb hyjn\u00eb n\u00eb seanc\u00eb n\u00eb zbatimt\u00eb rregullores s\u00eb parlamentit. Gjat\u00eb fjal\u00ebs s\u00eb tij ai tha se \u00e7\u00ebshtja \u2018McGonigal\u2019 s\u2019do ndaloj\u00eb pavar\u00ebsisht p\u00ebrpjekjeve t\u00eb kryeministrit Rama. \u201cNuk ka parlament n\u00eb bot\u00eb q\u00eb ndalon deputet\u00ebt t\u00eb flasin. Ta dij\u00eb Edi Rama [&hellip;]<\/p>\n","protected":false,"gt_translate_keys":[{"key":"rendered","format":"html"}]},"author":51,"featured_media":579748,"comment_status":"closed","ping_status":"closed","sticky":false,"template":"","format":"standard","meta":{"footnotes":""},"categories":[65,13],"tags":[],"class_list":["post-579740","post","type-post","status-publish","format-standard","has-post-thumbnail","hentry","category-lajme","category-te-fundit"],"gt_translate_keys":[{"key":"link","format":"url"}],"_links":{"self":[{"href":"https:\/\/www.hashtag.al\/index.php\/wp-json\/wp\/v2\/posts\/579740","targetHints":{"allow":["GET"]}}],"collection":[{"href":"https:\/\/www.hashtag.al\/index.php\/wp-json\/wp\/v2\/posts"}],"about":[{"href":"https:\/\/www.hashtag.al\/index.php\/wp-json\/wp\/v2\/types\/post"}],"author":[{"embeddable":true,"href":"https:\/\/www.hashtag.al\/index.php\/wp-json\/wp\/v2\/users\/51"}],"replies":[{"embeddable":true,"href":"https:\/\/www.hashtag.al\/index.php\/wp-json\/wp\/v2\/comments?post=579740"}],"version-history":[{"count":0,"href":"https:\/\/www.hashtag.al\/index.php\/wp-json\/wp\/v2\/posts\/579740\/revisions"}],"wp:featuredmedia":[{"embeddable":true,"href":"https:\/\/www.hashtag.al\/index.php\/wp-json\/wp\/v2\/media\/579748"}],"wp:attachment":[{"href":"https:\/\/www.hashtag.al\/index.php\/wp-json\/wp\/v2\/media?parent=579740"}],"wp:term":[{"taxonomy":"category","embeddable":true,"href":"https:\/\/www.hashtag.al\/index.php\/wp-json\/wp\/v2\/categories?post=579740"},{"taxonomy":"post_tag","embeddable":true,"href":"https:\/\/www.hashtag.al\/index.php\/wp-json\/wp\/v2\/tags?post=579740"}],"curies":[{"name":"wp","href":"https:\/\/api.w.org\/{rel}","templated":true}]}}