{"id":579697,"date":"2023-02-16T07:40:37","date_gmt":"2023-02-16T06:40:37","guid":{"rendered":"https:\/\/www.hashtag.al\/?p=579697"},"modified":"2023-02-16T08:08:32","modified_gmt":"2023-02-16T07:08:32","slug":"kolumbianet-dalin-ne-rruge-per-te-protestuar-kunder-reformave-te-qeverise-se-majte","status":"publish","type":"post","link":"https:\/\/www.hashtag.al\/index.php\/2023\/02\/16\/kolumbianet-dalin-ne-rruge-per-te-protestuar-kunder-reformave-te-qeverise-se-majte\/","title":{"rendered":"Kolumbian\u00ebt dalin n\u00eb rrug\u00eb p\u00ebr t\u00eb protestuar kund\u00ebr reformave t\u00eb qeveris\u00eb s\u00eb majt\u00eb","gt_translate_keys":[{"key":"rendered","format":"text"}]},"content":{"rendered":"<p><img loading=\"lazy\" decoding=\"async\" class=\"aligncenter wp-image-579699 size-full\" src=\"https:\/\/www.hashtag.al\/wp-content\/uploads\/2023\/02\/kolumbi-scaled.jpg\" alt=\"\" width=\"2560\" height=\"1699\" srcset=\"https:\/\/www.hashtag.al\/wp-content\/uploads\/2023\/02\/kolumbi-scaled.jpg 2560w, https:\/\/www.hashtag.al\/wp-content\/uploads\/2023\/02\/kolumbi-300x199.jpg 300w, https:\/\/www.hashtag.al\/wp-content\/uploads\/2023\/02\/kolumbi-1024x680.jpg 1024w, https:\/\/www.hashtag.al\/wp-content\/uploads\/2023\/02\/kolumbi-768x510.jpg 768w, https:\/\/www.hashtag.al\/wp-content\/uploads\/2023\/02\/kolumbi-1536x1019.jpg 1536w, https:\/\/www.hashtag.al\/wp-content\/uploads\/2023\/02\/kolumbi-2048x1359.jpg 2048w\" sizes=\"auto, (max-width: 2560px) 100vw, 2560px\" \/><\/p>\n<p><span style=\"color: #000000;\">Opozita e Kolumbis\u00eb, e udh\u00ebhequr nga partit\u00eb e krahut t\u00eb djatht\u00eb, b\u00ebri thirrje t\u00eb m\u00ebrkur\u00ebn p\u00ebr mobilizime kund\u00ebr reform\u00ebs s\u00eb kujdesit sh\u00ebndet\u00ebsor t\u00eb propozuar nga qeveria e Gustavo Petro, i cili erdhi n\u00eb pushtet gushtin e kaluar duke premtuar ndryshime gjith\u00ebp\u00ebrfshir\u00ebse p\u00ebr t\u00eb arritur barazin\u00eb n\u00eb vend. <\/span><\/p>\n<p><span style=\"color: #000000;\">Mij\u00ebra njer\u00ebz marshuan n\u00eb 12 qytete duke p\u00ebrfshir\u00eb kryeqytetin Bogota, Medellin dhe Cali t\u00eb veshur me bluza t\u00eb bardha dhe duke val\u00ebvitur flamurin komb\u00ebtar, duke brohoritur \u2018\u200bJo m\u00eb Petro, jo m\u00eb reforma q\u00eb heqin t\u00eb drejtat e njer\u00ebzve\u2019.<\/span><\/p>\n<p><span style=\"color: #000000;\">Demonstratat u zhvilluan nj\u00eb dit\u00eb pasi Petro thirri ndjek\u00ebsit e tij p\u00ebr t\u00eb dal\u00eb n\u00eb rrug\u00eb p\u00ebr t\u00eb protestuar n\u00eb favor t\u00eb reform\u00ebs n\u00eb sh\u00ebndet\u00ebsi, si dhe refrormave t\u00eb pensioneve, drejt\u00ebsis\u00eb e pun\u00ebs q\u00eb ai njoftoi se qeveria do prezantoj\u00eb s\u00eb shpejti.<\/span><\/p>\n<p><span style=\"color: #000000;\">Presidenti i par\u00eb majtist i vendit prezantoi planin e kujdesit sh\u00ebndet\u00ebsor p\u00ebrpara Kongresit t\u00eb h\u00ebn\u00ebn, duke p\u00ebrfshir\u00eb nismat p\u00ebr t\u00eb promovuar nj\u00eb model parandalimi sh\u00ebndet\u00ebsor, rritjen e pagave p\u00ebr pun\u00ebtor\u00ebt n\u00eb sektor, forcimin e spitaleve publike dhe rritjen e rolit t\u00eb shtetit n\u00eb kujdesin sh\u00ebndet\u00ebsor.<\/span><\/p>\n<p><span style=\"color: #000000;\">Reforma ka krijuar polemika n\u00eb vend.<\/span><\/p>\n<p><span style=\"color: #000000;\">Nd\u00ebrsa qeveria thot\u00eb se \u00ebsht\u00eb nj\u00eb ligj q\u00eb synon t\u00eb p\u00ebrfshij\u00eb grupet historikisht t\u00eb margjinalizuara n\u00eb sistemin sh\u00ebndet\u00ebsor, opozita argumenton se ai \u00ebsht\u00eb nj\u00eb k\u00ebrc\u00ebnim p\u00ebr stabilitetin ekonomik t\u00eb vendit.<\/span><\/p>\n<p><span style=\"color: #000000;\">Nj\u00eb sondazh i publikuar pak dit\u00eb m\u00eb par\u00eb tregoi se 63% e kolumbian\u00ebve nuk jan\u00eb dakord me b\u00ebrjen e nj\u00eb ndryshimi t\u00eb madh q\u00eb \u00ebsht\u00eb parashikuar n\u00eb reform\u00ebn e qeveris\u00eb.<\/span><\/p>\n<p><span style=\"color: #000000;\">Mobilizimet e opozit\u00ebs mblodh\u00ebn shum\u00eb m\u00eb tep\u00ebr njer\u00ebz se sa ata t\u00eb thirrur nga Presidenti Petro, i cili mbajti nj\u00eb fjalim t\u00eb mart\u00ebn nga ballkoni i pallatit presidencial n\u00eb prani t\u00eb gruas dhe vajz\u00ebs s\u00eb tij.<\/span><\/p>\n","protected":false,"gt_translate_keys":[{"key":"rendered","format":"html"}]},"excerpt":{"rendered":"<p>Opozita e Kolumbis\u00eb, e udh\u00ebhequr nga partit\u00eb e krahut t\u00eb djatht\u00eb, b\u00ebri thirrje t\u00eb m\u00ebrkur\u00ebn p\u00ebr mobilizime kund\u00ebr reform\u00ebs s\u00eb kujdesit sh\u00ebndet\u00ebsor t\u00eb propozuar nga qeveria e Gustavo Petro, i cili erdhi n\u00eb pushtet gushtin e kaluar duke premtuar ndryshime gjith\u00ebp\u00ebrfshir\u00ebse p\u00ebr t\u00eb arritur barazin\u00eb n\u00eb vend. Mij\u00ebra njer\u00ebz marshuan n\u00eb 12 qytete duke p\u00ebrfshir\u00eb [&hellip;]<\/p>\n","protected":false,"gt_translate_keys":[{"key":"rendered","format":"html"}]},"author":51,"featured_media":579699,"comment_status":"closed","ping_status":"closed","sticky":false,"template":"","format":"standard","meta":{"footnotes":""},"categories":[53],"tags":[],"class_list":["post-579697","post","type-post","status-publish","format-standard","has-post-thumbnail","hentry","category-fast-foodi"],"gt_translate_keys":[{"key":"link","format":"url"}],"_links":{"self":[{"href":"https:\/\/www.hashtag.al\/index.php\/wp-json\/wp\/v2\/posts\/579697","targetHints":{"allow":["GET"]}}],"collection":[{"href":"https:\/\/www.hashtag.al\/index.php\/wp-json\/wp\/v2\/posts"}],"about":[{"href":"https:\/\/www.hashtag.al\/index.php\/wp-json\/wp\/v2\/types\/post"}],"author":[{"embeddable":true,"href":"https:\/\/www.hashtag.al\/index.php\/wp-json\/wp\/v2\/users\/51"}],"replies":[{"embeddable":true,"href":"https:\/\/www.hashtag.al\/index.php\/wp-json\/wp\/v2\/comments?post=579697"}],"version-history":[{"count":0,"href":"https:\/\/www.hashtag.al\/index.php\/wp-json\/wp\/v2\/posts\/579697\/revisions"}],"wp:featuredmedia":[{"embeddable":true,"href":"https:\/\/www.hashtag.al\/index.php\/wp-json\/wp\/v2\/media\/579699"}],"wp:attachment":[{"href":"https:\/\/www.hashtag.al\/index.php\/wp-json\/wp\/v2\/media?parent=579697"}],"wp:term":[{"taxonomy":"category","embeddable":true,"href":"https:\/\/www.hashtag.al\/index.php\/wp-json\/wp\/v2\/categories?post=579697"},{"taxonomy":"post_tag","embeddable":true,"href":"https:\/\/www.hashtag.al\/index.php\/wp-json\/wp\/v2\/tags?post=579697"}],"curies":[{"name":"wp","href":"https:\/\/api.w.org\/{rel}","templated":true}]}}