{"id":579678,"date":"2023-02-15T22:56:35","date_gmt":"2023-02-15T21:56:35","guid":{"rendered":"https:\/\/www.hashtag.al\/?p=579678"},"modified":"2023-02-15T23:05:36","modified_gmt":"2023-02-15T22:05:36","slug":"gazeta-zyrtare-e-pd-i-ben-jehone-analizes-se-holle-ekonomike-te-ekspertit-luiz-ejlli-video","status":"publish","type":"post","link":"https:\/\/www.hashtag.al\/index.php\/2023\/02\/15\/gazeta-zyrtare-e-pd-i-ben-jehone-analizes-se-holle-ekonomike-te-ekspertit-luiz-ejlli-video\/","title":{"rendered":"Gazeta zyrtare e PD i b\u00ebn jehon\u00eb analiz\u00ebs s\u00eb holl\u00eb ekonomike t\u00eb ekspertit Luiz Ejlli (Video)","gt_translate_keys":[{"key":"rendered","format":"text"}]},"content":{"rendered":"<p><span style=\"color: #000000;\"><img loading=\"lazy\" decoding=\"async\" class=\"aligncenter size-full wp-image-579679\" src=\"https:\/\/www.hashtag.al\/wp-content\/uploads\/2023\/02\/luizejlli.jpg\" alt=\"\" width=\"2000\" height=\"1000\" srcset=\"https:\/\/www.hashtag.al\/wp-content\/uploads\/2023\/02\/luizejlli.jpg 2000w, https:\/\/www.hashtag.al\/wp-content\/uploads\/2023\/02\/luizejlli-300x150.jpg 300w, https:\/\/www.hashtag.al\/wp-content\/uploads\/2023\/02\/luizejlli-1024x512.jpg 1024w, https:\/\/www.hashtag.al\/wp-content\/uploads\/2023\/02\/luizejlli-768x384.jpg 768w, https:\/\/www.hashtag.al\/wp-content\/uploads\/2023\/02\/luizejlli-1536x768.jpg 1536w\" sizes=\"auto, (max-width: 2000px) 100vw, 2000px\" \/><\/span><\/p>\n<p><span style=\"color: #000000;\">Gazeta zyrtare e PD-s\u00eb, <span style=\"color: #0000ff;\"><a style=\"color: #0000ff;\" href=\"https:\/\/rdnews.al\/index.php\/2023\/02\/15\/njerezit-nuk-kane-buke-te-hane-kullat-ngrihen-luiz-ejli-shperthen-per-situaten-ku-ndodhet-vendi\/\">RD<\/a>,<\/span>\u00a0 i ka b\u00ebr\u00eb jehon\u00eb nj\u00eb analize t\u00eb holl\u00eb ekonomike t\u00eb k\u00ebng\u00ebtarit Luiz Ejlli, i cili aktualisht \u00ebsht\u00eb banor i programit Big Brother Vip n\u00eb Top Channel. <\/span><\/p>\n<p><span style=\"color: #000000;\">RD shkruan se \u2018Ejlli ka reaguar me kritika t\u00eb ashpra p\u00ebr realitetin ku ndodhet vendi, q\u00eb sa vjen e p\u00ebrkeq\u00ebsohet\u2019.<\/span><\/p>\n<p><span style=\"color: #000000;\">Gjat\u00eb analiz\u00ebs s\u00eb tij, k\u00ebng\u00ebtari thekson se vendi po p\u00ebrballet me probleme t\u00eb shumta q\u00eb sa vijn\u00eb e p\u00ebrkeq\u00ebsohen nd\u00ebrkoh\u00eb q\u00eb askush nuk mban p\u00ebrgjegj\u00ebsi p\u00ebr k\u00ebt\u00eb. <\/span><\/p>\n<p><span style=\"color: #000000;\">Ejlli pohon se Shqip\u00ebria nuk ka qen\u00ebkurr\u00eb me keq teksa thot\u00eb se askush nuk e di se si do b\u00ebhet m\u00eb tej teksa n\u00eb vend ka njer\u00ebz q\u00eb nuk kan\u00eb buk\u00eb t\u00eb han\u00eb nd\u00ebrsa shton se ka jetuar n\u00eb Paris dhe se \u00e7mimet e apartamenteve n\u00eb Tiran\u00eb jan\u00eb dyfishi.<\/span><\/p>\n<p><span style=\"color: #000000;\">Me posht\u00eb mund t\u00eb ndiqni dhe pjes\u00eb nga analiza e ekspertit Ejlli.<\/span><\/p>\n<div style=\"width: 848px;\" class=\"wp-video\"><video class=\"wp-video-shortcode\" id=\"video-579678-1\" width=\"848\" height=\"464\" preload=\"metadata\" controls=\"controls\"><source type=\"video\/mp4\" src=\"https:\/\/www.hashtag.al\/wp-content\/uploads\/2023\/02\/WhatsApp-Video-2023-02-15-at-22.50.45.mp4?_=1\" \/><a href=\"https:\/\/www.hashtag.al\/wp-content\/uploads\/2023\/02\/WhatsApp-Video-2023-02-15-at-22.50.45.mp4\">https:\/\/www.hashtag.al\/wp-content\/uploads\/2023\/02\/WhatsApp-Video-2023-02-15-at-22.50.45.mp4<\/a><\/video><\/div>\n<p>&nbsp;<\/p>\n<p><span style=\"color: #000000;\"><em>\u201cReferuar shifrave t\u00eb INSTAT, lindjet n\u00eb Shqip\u00ebri jan\u00eb shifra shqet\u00ebsuese. Tregon se njer\u00ebzit nuk kan\u00eb mund\u00ebsi, as siguri p\u00ebr t\u00eb krijuar familje. Ka plot q\u00eb ikin jasht\u00eb? Nuk ka plot, jan\u00eb me gishta ata q\u00eb ikin jasht\u00eb me studime, sepse s\u2019kan\u00eb mund\u00ebsi familjet. Pjesa m\u00eb e madhe ikin me gomone, me kamion\u00eb dhe jemi duke punuar p\u00ebr drog\u00ebn e komplet Europ\u00ebs. Jemi p\u00ebrdit\u00eb n\u00eb lajme. Po kalojm\u00eb edhe Sirin\u00eb n\u00eb k\u00ebrkesat p\u00ebr azil. Ky vend ka shkuar aty nuk mban m\u00eb. P\u00ebrgjegj\u00ebsin\u00eb nuk e mban askush. Ky vend nuk b\u00ebhet. Se si do t\u00eb b\u00ebhet askush nuk e di. M\u00eb keq nuk ka qen\u00eb. Ke njer\u00ebz q\u00eb nuk kan\u00eb buk\u00eb t\u00eb han\u00eb dhe ke \u00e7do dit\u00eb kulla q\u00eb lul\u00ebzojn\u00eb n\u00eb Tiran\u00eb me nga 7-10 mij\u00eb euro m2. Kush i blen? Kush i nd\u00ebrton? P\u00ebrdit\u00eb duke lul\u00ebzuar k\u00ebto kompani. Kam jetuar n\u00eb Paris, e di sa jan\u00eb \u00e7mimet e apartamenteve atje dhe e di sa jan\u00eb te liqeni. Jan\u00eb t\u00eb frikshme. Jan\u00eb dyfish te liqeni. Kush i blen? Kush i kontrollon? K\u00ebtu nuk funksionon asgj\u00eb m\u00eb. N\u00eb Shqip\u00ebri jan\u00eb kamarier\u00ebt t\u00eb gjith\u00eb me diploma t\u00eb shkoll\u00ebs s\u00eb lart\u00eb, me juridik.\u201d<\/em> &#8211; thot\u00eb Ejlli.<\/span><\/p>\n","protected":false,"gt_translate_keys":[{"key":"rendered","format":"html"}]},"excerpt":{"rendered":"<p>Gazeta zyrtare e PD-s\u00eb, RD,\u00a0 i ka b\u00ebr\u00eb jehon\u00eb nj\u00eb analize t\u00eb holl\u00eb ekonomike t\u00eb k\u00ebng\u00ebtarit Luiz Ejlli, i cili aktualisht \u00ebsht\u00eb banor i programit Big Brother Vip n\u00eb Top Channel. RD shkruan se \u2018Ejlli ka reaguar me kritika t\u00eb ashpra p\u00ebr realitetin ku ndodhet vendi, q\u00eb sa vjen e p\u00ebrkeq\u00ebsohet\u2019. Gjat\u00eb analiz\u00ebs s\u00eb tij, [&hellip;]<\/p>\n","protected":false,"gt_translate_keys":[{"key":"rendered","format":"html"}]},"author":51,"featured_media":579679,"comment_status":"closed","ping_status":"closed","sticky":false,"template":"","format":"standard","meta":{"footnotes":""},"categories":[22,65,13],"tags":[],"class_list":["post-579678","post","type-post","status-publish","format-standard","has-post-thumbnail","hentry","category-ballina","category-lajme","category-te-fundit"],"gt_translate_keys":[{"key":"link","format":"url"}],"_links":{"self":[{"href":"https:\/\/www.hashtag.al\/index.php\/wp-json\/wp\/v2\/posts\/579678","targetHints":{"allow":["GET"]}}],"collection":[{"href":"https:\/\/www.hashtag.al\/index.php\/wp-json\/wp\/v2\/posts"}],"about":[{"href":"https:\/\/www.hashtag.al\/index.php\/wp-json\/wp\/v2\/types\/post"}],"author":[{"embeddable":true,"href":"https:\/\/www.hashtag.al\/index.php\/wp-json\/wp\/v2\/users\/51"}],"replies":[{"embeddable":true,"href":"https:\/\/www.hashtag.al\/index.php\/wp-json\/wp\/v2\/comments?post=579678"}],"version-history":[{"count":0,"href":"https:\/\/www.hashtag.al\/index.php\/wp-json\/wp\/v2\/posts\/579678\/revisions"}],"wp:featuredmedia":[{"embeddable":true,"href":"https:\/\/www.hashtag.al\/index.php\/wp-json\/wp\/v2\/media\/579679"}],"wp:attachment":[{"href":"https:\/\/www.hashtag.al\/index.php\/wp-json\/wp\/v2\/media?parent=579678"}],"wp:term":[{"taxonomy":"category","embeddable":true,"href":"https:\/\/www.hashtag.al\/index.php\/wp-json\/wp\/v2\/categories?post=579678"},{"taxonomy":"post_tag","embeddable":true,"href":"https:\/\/www.hashtag.al\/index.php\/wp-json\/wp\/v2\/tags?post=579678"}],"curies":[{"name":"wp","href":"https:\/\/api.w.org\/{rel}","templated":true}]}}