{"id":579668,"date":"2023-02-15T22:25:33","date_gmt":"2023-02-15T21:25:33","guid":{"rendered":"https:\/\/www.hashtag.al\/?p=579668"},"modified":"2023-02-15T22:25:33","modified_gmt":"2023-02-15T21:25:33","slug":"kurti-thelbi-i-marredhenieve-me-qeverine-shqiptare-shume-i-mire-dallimi-im-me-ramen-eshte-per-ballkanin-e-hapur","status":"publish","type":"post","link":"https:\/\/www.hashtag.al\/index.php\/2023\/02\/15\/kurti-thelbi-i-marredhenieve-me-qeverine-shqiptare-shume-i-mire-dallimi-im-me-ramen-eshte-per-ballkanin-e-hapur\/","title":{"rendered":"Kurti: Thelbi i marr\u00ebdh\u00ebnieve me qeverin\u00eb shqiptare shum\u00eb i mir\u00eb, dallimi im me Ram\u00ebn \u00ebsht\u00eb p\u00ebr \u2018Ballkanin e Hapur\u2019","gt_translate_keys":[{"key":"rendered","format":"text"}]},"content":{"rendered":"<p><img loading=\"lazy\" decoding=\"async\" class=\"aligncenter size-full wp-image-579669\" src=\"https:\/\/www.hashtag.al\/wp-content\/uploads\/2023\/02\/kurti-2.jpg\" alt=\"\" width=\"770\" height=\"433\" srcset=\"https:\/\/www.hashtag.al\/wp-content\/uploads\/2023\/02\/kurti-2.jpg 770w, https:\/\/www.hashtag.al\/wp-content\/uploads\/2023\/02\/kurti-2-300x169.jpg 300w, https:\/\/www.hashtag.al\/wp-content\/uploads\/2023\/02\/kurti-2-768x432.jpg 768w\" sizes=\"auto, (max-width: 770px) 100vw, 770px\" \/><\/p>\n<p><span style=\"color: #000000;\">Kryeministri i Kosov\u00ebs Albin Kurti i ka vler\u00ebsuar si shum\u00eb t\u00eb mira marr\u00ebdh\u00ebniet mes qeveris\u00eb s\u00eb drejtuar prej tij dhe qeveris\u00eb s\u00eb kryeministrit Rama. <\/span><\/p>\n<p><span style=\"color: #000000;\">Gjat\u00eb nj\u00eb interviste n\u00eb emisionin \u2018Opinion\u2019 ai tha se mes dy vendeve jan\u00eb arritur shum\u00eb marr\u00ebveshje, nd\u00ebrsa pohoi edhe disa dallime me kryeministrin e Shqip\u00ebris\u00eb Rama ku theksoi projektin e \u2018Ballkanit t\u00eb Hapur\u2019.<\/span><\/p>\n<p><span style=\"color: #000000;\"><em>\u201cThelbi i marr\u00ebdh\u00ebnieve mes dy qeverive tona \u00ebsht\u00eb shum\u00eb i mir\u00eb. Kemi b\u00ebr\u00eb mbi 40 marr\u00ebveshje, kemi pasur mledhjen e dy Kuvendeve dhe jemi duke b\u00ebr\u00eb hapa gjigant\u00eb n\u00eb zbatimin e atyre marr\u00ebveshjeve. Kosova e b\u00ebn zhdoganimin n\u00eb Durr\u00ebs e Porto Romano, qarkullimi i lir\u00eb Kosov\u00eb-Shqip\u00ebri n\u00eb muajt e ver\u00ebs \u00e7do vit, etj. Dallimi m\u00eb i njohur publikisht mes meje e Ram\u00ebs jan\u00eb raportet n\u00eb Ballkanin Per\u00ebndimor. Projekti Ballkani i Hapur nuk \u00ebsht\u00eb mjaftuesh\u00ebm demokratik e evropian.\u201d<\/em> &#8211; tha Kurti.<\/span><\/p>\n<p><span style=\"color: #000000;\">Ai foli m\u00eb tej edhe mbi planin franko-gjerman p\u00ebr normalizimin e marr\u00ebdh\u00ebnieve Kosov\u00eb-Serbi duke th\u00ebn\u00eb se p\u00ebrfundimi i tij dhe normalizimi i marr\u00ebdh\u00ebnieve mes dy vendeve duhet t\u00eb p\u00ebrfshij\u00eb njohjen e nd\u00ebrsjell\u00eb.<\/span><\/p>\n<p><span style=\"color: #000000;\"><em>\u201cPlani franko-gjerman ka ngelur t\u00eb negociohet. \u00cbsht\u00eb nj\u00eb baz\u00eb e mir\u00eb p\u00ebr negociatat e m\u00ebtejshme. Ne e pranojm\u00eb n\u00eb parim, duhet t\u00eb negociojm\u00eb e m\u00eb pas ta shnd\u00ebrrojm\u00eb n\u00eb marr\u00ebveshje, sidomos p\u00ebr sa u p\u00ebrket garancive nd\u00ebrkomb\u00ebtare. Propozimi \u00ebsht\u00eb i bazuar n\u00eb koncepte universale shum\u00eb t\u00eb mira.\u201d<\/em> &#8211; shtoi Kurti.<\/span><\/p>\n","protected":false,"gt_translate_keys":[{"key":"rendered","format":"html"}]},"excerpt":{"rendered":"<p>Kryeministri i Kosov\u00ebs Albin Kurti i ka vler\u00ebsuar si shum\u00eb t\u00eb mira marr\u00ebdh\u00ebniet mes qeveris\u00eb s\u00eb drejtuar prej tij dhe qeveris\u00eb s\u00eb kryeministrit Rama. Gjat\u00eb nj\u00eb interviste n\u00eb emisionin \u2018Opinion\u2019 ai tha se mes dy vendeve jan\u00eb arritur shum\u00eb marr\u00ebveshje, nd\u00ebrsa pohoi edhe disa dallime me kryeministrin e Shqip\u00ebris\u00eb Rama ku theksoi projektin e \u2018Ballkanit [&hellip;]<\/p>\n","protected":false,"gt_translate_keys":[{"key":"rendered","format":"html"}]},"author":51,"featured_media":579669,"comment_status":"closed","ping_status":"closed","sticky":false,"template":"","format":"standard","meta":{"footnotes":""},"categories":[65,13],"tags":[],"class_list":["post-579668","post","type-post","status-publish","format-standard","has-post-thumbnail","hentry","category-lajme","category-te-fundit"],"gt_translate_keys":[{"key":"link","format":"url"}],"_links":{"self":[{"href":"https:\/\/www.hashtag.al\/index.php\/wp-json\/wp\/v2\/posts\/579668","targetHints":{"allow":["GET"]}}],"collection":[{"href":"https:\/\/www.hashtag.al\/index.php\/wp-json\/wp\/v2\/posts"}],"about":[{"href":"https:\/\/www.hashtag.al\/index.php\/wp-json\/wp\/v2\/types\/post"}],"author":[{"embeddable":true,"href":"https:\/\/www.hashtag.al\/index.php\/wp-json\/wp\/v2\/users\/51"}],"replies":[{"embeddable":true,"href":"https:\/\/www.hashtag.al\/index.php\/wp-json\/wp\/v2\/comments?post=579668"}],"version-history":[{"count":0,"href":"https:\/\/www.hashtag.al\/index.php\/wp-json\/wp\/v2\/posts\/579668\/revisions"}],"wp:featuredmedia":[{"embeddable":true,"href":"https:\/\/www.hashtag.al\/index.php\/wp-json\/wp\/v2\/media\/579669"}],"wp:attachment":[{"href":"https:\/\/www.hashtag.al\/index.php\/wp-json\/wp\/v2\/media?parent=579668"}],"wp:term":[{"taxonomy":"category","embeddable":true,"href":"https:\/\/www.hashtag.al\/index.php\/wp-json\/wp\/v2\/categories?post=579668"},{"taxonomy":"post_tag","embeddable":true,"href":"https:\/\/www.hashtag.al\/index.php\/wp-json\/wp\/v2\/tags?post=579668"}],"curies":[{"name":"wp","href":"https:\/\/api.w.org\/{rel}","templated":true}]}}