{"id":579352,"date":"2023-02-14T13:28:35","date_gmt":"2023-02-14T12:28:35","guid":{"rendered":"https:\/\/www.hashtag.al\/?p=579352"},"modified":"2023-02-14T13:28:35","modified_gmt":"2023-02-14T12:28:35","slug":"majko-ben-kritike-ndaj-artan-lames-per-regjistrimet-e-pronave-ne-kukes","status":"publish","type":"post","link":"https:\/\/www.hashtag.al\/index.php\/2023\/02\/14\/majko-ben-kritike-ndaj-artan-lames-per-regjistrimet-e-pronave-ne-kukes\/","title":{"rendered":"Majko b\u00ebn kritik\u00eb ndaj Artan Lames p\u00ebr regjistrimet e pronave n\u00eb Kuk\u00ebs","gt_translate_keys":[{"key":"rendered","format":"text"}]},"content":{"rendered":"<p><span style=\"color: #000000;\"><a style=\"color: #000000;\" href=\"https:\/\/www.hashtag.al\/wp-content\/uploads\/2023\/02\/majko.jpg\"><img loading=\"lazy\" decoding=\"async\" class=\"aligncenter size-full wp-image-579353\" src=\"https:\/\/www.hashtag.al\/wp-content\/uploads\/2023\/02\/majko.jpg\" alt=\"\" width=\"780\" height=\"440\" srcset=\"https:\/\/www.hashtag.al\/wp-content\/uploads\/2023\/02\/majko.jpg 780w, https:\/\/www.hashtag.al\/wp-content\/uploads\/2023\/02\/majko-300x169.jpg 300w, https:\/\/www.hashtag.al\/wp-content\/uploads\/2023\/02\/majko-768x433.jpg 768w\" sizes=\"auto, (max-width: 780px) 100vw, 780px\" \/><\/a><\/span><\/p>\n<p><span style=\"color: #000000;\">Deputeti i PS, Pandeli Majko n\u00eb komisionin e Ligjeve, drejtoi disa kritika p\u00ebr sa i p\u00ebrket qarkut t\u00eb Kuk\u00ebsit ndaj kreut t\u00eb Kadastr\u00ebs, Artan Lame .<\/span><\/p>\n<p><span style=\"color: #000000;\">Majko u shpreh se n\u00eb raportin e dor\u00ebzuar p\u00ebr k\u00ebt\u00eb qark, flitet n\u00eb p\u00ebrgjith\u00ebsi ndaj duhet pasqyrim sa m\u00eb i sakt\u00eb.<\/span><\/p>\n<p><span style=\"color: #000000;\"><em>Ju flisni n\u00eb terma t\u00eb p\u00ebrgjithshme, por n\u00eb thelb un\u00eb e p\u00ebrkrah k\u00ebt\u00eb dhe kam vler\u00ebsimin tim p\u00ebr pun\u00ebn e Kadastr\u00ebs, por tjet\u00ebr problem regjistrimi prone ka Tirana, tjet\u00ebr Kuk\u00ebsi, tjet\u00ebr Mal\u00ebsia e Madhe\u2026 Ne jemi t\u00eb interesuar q\u00eb analiza t\u00eb jet\u00eb e ndar\u00eb edhe sipas k\u00ebsaj cil\u00ebsie. Pra un\u00eb jam i interesuar p\u00ebr Kuk\u00ebsin, dhe atje problemi baz\u00eb nuk \u00ebsht\u00eb sht\u00ebpit\u00eb pa leje, por njohja e pron\u00ebsis\u00eb s\u00eb tok\u00ebs. Ju akoma nuk i keni b\u00ebr\u00eb letrat e regjistrimit, dhe nuk \u00ebsht\u00eb regjistruar edhe pron\u00ebsia komunitare, dhe ky \u00ebsht\u00eb nj\u00eb problem\u201d,<\/em> u shpreh Majko.<\/span><\/p>\n","protected":false,"gt_translate_keys":[{"key":"rendered","format":"html"}]},"excerpt":{"rendered":"<p>Deputeti i PS, Pandeli Majko n\u00eb komisionin e Ligjeve, drejtoi disa kritika p\u00ebr sa i p\u00ebrket qarkut t\u00eb Kuk\u00ebsit ndaj kreut t\u00eb Kadastr\u00ebs, Artan Lame . Majko u shpreh se n\u00eb raportin e dor\u00ebzuar p\u00ebr k\u00ebt\u00eb qark, flitet n\u00eb p\u00ebrgjith\u00ebsi ndaj duhet pasqyrim sa m\u00eb i sakt\u00eb. Ju flisni n\u00eb terma t\u00eb p\u00ebrgjithshme, por n\u00eb [&hellip;]<\/p>\n","protected":false,"gt_translate_keys":[{"key":"rendered","format":"html"}]},"author":30,"featured_media":579353,"comment_status":"closed","ping_status":"closed","sticky":false,"template":"","format":"standard","meta":{"footnotes":""},"categories":[65],"tags":[],"class_list":["post-579352","post","type-post","status-publish","format-standard","has-post-thumbnail","hentry","category-lajme"],"gt_translate_keys":[{"key":"link","format":"url"}],"_links":{"self":[{"href":"https:\/\/www.hashtag.al\/index.php\/wp-json\/wp\/v2\/posts\/579352","targetHints":{"allow":["GET"]}}],"collection":[{"href":"https:\/\/www.hashtag.al\/index.php\/wp-json\/wp\/v2\/posts"}],"about":[{"href":"https:\/\/www.hashtag.al\/index.php\/wp-json\/wp\/v2\/types\/post"}],"author":[{"embeddable":true,"href":"https:\/\/www.hashtag.al\/index.php\/wp-json\/wp\/v2\/users\/30"}],"replies":[{"embeddable":true,"href":"https:\/\/www.hashtag.al\/index.php\/wp-json\/wp\/v2\/comments?post=579352"}],"version-history":[{"count":0,"href":"https:\/\/www.hashtag.al\/index.php\/wp-json\/wp\/v2\/posts\/579352\/revisions"}],"wp:featuredmedia":[{"embeddable":true,"href":"https:\/\/www.hashtag.al\/index.php\/wp-json\/wp\/v2\/media\/579353"}],"wp:attachment":[{"href":"https:\/\/www.hashtag.al\/index.php\/wp-json\/wp\/v2\/media?parent=579352"}],"wp:term":[{"taxonomy":"category","embeddable":true,"href":"https:\/\/www.hashtag.al\/index.php\/wp-json\/wp\/v2\/categories?post=579352"},{"taxonomy":"post_tag","embeddable":true,"href":"https:\/\/www.hashtag.al\/index.php\/wp-json\/wp\/v2\/tags?post=579352"}],"curies":[{"name":"wp","href":"https:\/\/api.w.org\/{rel}","templated":true}]}}