{"id":579158,"date":"2023-02-13T14:56:44","date_gmt":"2023-02-13T13:56:44","guid":{"rendered":"https:\/\/www.hashtag.al\/?p=579158"},"modified":"2023-02-13T14:56:44","modified_gmt":"2023-02-13T13:56:44","slug":"noka-protestat-nuk-do-ndalojne-na-i-imponon-sjellja-e-rames","status":"publish","type":"post","link":"https:\/\/www.hashtag.al\/index.php\/2023\/02\/13\/noka-protestat-nuk-do-ndalojne-na-i-imponon-sjellja-e-rames\/","title":{"rendered":"Noka: Protestat nuk do ndalojn\u00eb, na i imponon sjellja e Ram\u00ebs","gt_translate_keys":[{"key":"rendered","format":"text"}]},"content":{"rendered":"<p><span style=\"color: #000000;\"><a style=\"color: #000000;\" href=\"https:\/\/www.hashtag.al\/wp-content\/uploads\/2023\/02\/noka.jpeg\"><img loading=\"lazy\" decoding=\"async\" class=\"aligncenter size-full wp-image-579159\" src=\"https:\/\/www.hashtag.al\/wp-content\/uploads\/2023\/02\/noka.jpeg\" alt=\"\" width=\"1150\" height=\"593\" \/><\/a><\/span><\/p>\n<p><span style=\"color: #000000;\">Sekretari i P\u00ebrgjithsh\u00ebm i PD, Flamur Noka, ishte k\u00ebt\u00eb mesdit\u00eb i ftuar n\u00eb rubrik\u00ebn \u201cOpinion\u201d n\u00eb News24, p\u00ebr t\u00eb folur p\u00ebr detajet e fundit pak or\u00eb para protest\u00ebs s\u00eb paralajm\u00ebruar nga opozita.<\/span><\/p>\n<p><span style=\"color: #000000;\">Flamur Noka duke i quajtur si revolucion protestat q\u00eb po zhvillon opozita, thas e ato nuk do t\u00eb ndalen pasi jan\u00eb t\u00eb imponuara nga sjella e Edi ram\u00ebs.<\/span><\/p>\n<p><span style=\"color: #000000;\">Ai shtoi se tashm\u00eb e n\u00eb vijim do t\u00eb ket\u00eb dy Parlamente, ai brenda e deputet\u00ebt, dhe ai jasht\u00eb me qytetar\u00ebt.<\/span><\/p>\n<p><span style=\"color: #000000;\">\u201c<em>Situata \u00ebn t\u00eb cil\u00ebn zhvillohet ky revolucion \u00ebsht\u00eb e imponuar nga sjellja e kryeministrit dhe organizat\u00ebs s\u00eb tij kriminale q\u00eb quhet qeveri. Afera Rama-McGonigal nuk mund t\u00eb kaloj\u00eb, sepse \u00ebsht\u00eb afer\u00eb korruptive p\u00ebr t\u00eb goditur opozit\u00ebn. Rama nuk mund t\u00eb jet\u00eb m\u00eb kryeminist\u00ebr i k\u00ebtij vendi. E gjith\u00eb kjo \u00ebsht\u00eb b\u00ebr\u00eb vet\u00ebm p\u00ebr t\u2019i sh\u00ebrbyer karriges s\u00eb Edi Ram\u00ebs. Jan\u00eb 750 mij\u00eb opozitar\u00eb q\u00eb nuk mund t\u2019i n\u00ebp\u00ebrk\u00ebmb\u00eb apo t\u2019i shkel\u00eb Rama. E kemi sot protest\u00ebn, do ta kemi dit\u00ebn e enjte, pasi parlamenti \u00ebsht\u00eb shnd\u00ebrruar n\u00eb nj\u00eb fole ku krimi dhe korrupsioni jan\u00eb bashk\u00eb.<\/em><\/span><\/p>\n<p><span style=\"color: #000000;\"><em>Ky Parlament ose do t\u2019i rikthehet legjitimitetit, ose Parlament duke zhdukur opozit\u00ebn nuk do t\u00eb ket\u00eb! Sot do t\u00eb ket\u00eb dy Parlamente dhe do t\u00eb ket\u00eb n\u00eb vazhdim, nj\u00eb Parlament brenda dhe nj\u00eb Parlament jasht\u00eb, ai i qytetar\u00ebve. Edi Rama nuk mundet t\u2019a kaloj\u00eb k\u00ebt\u00eb situat\u00eb<\/em>\u201d, tha Noka.<\/span><\/p>\n<p><span style=\"color: #000000;\">\u201c<em>Sot \u00ebsht\u00eb tjet\u00ebr skenar, por mesazhet jan\u00eb d\u00ebrguar\u201d,<\/em> tha Noka i pyetur n\u00ebse do t\u00eb ndiqet i nj\u00ebjti itinerar si dit\u00ebn e shtun\u00eb.<\/span><\/p>\n<p>&nbsp;<\/p>\n<p>&nbsp;<\/p>\n","protected":false,"gt_translate_keys":[{"key":"rendered","format":"html"}]},"excerpt":{"rendered":"<p>Sekretari i P\u00ebrgjithsh\u00ebm i PD, Flamur Noka, ishte k\u00ebt\u00eb mesdit\u00eb i ftuar n\u00eb rubrik\u00ebn \u201cOpinion\u201d n\u00eb News24, p\u00ebr t\u00eb folur p\u00ebr detajet e fundit pak or\u00eb para protest\u00ebs s\u00eb paralajm\u00ebruar nga opozita. Flamur Noka duke i quajtur si revolucion protestat q\u00eb po zhvillon opozita, thas e ato nuk do t\u00eb ndalen pasi jan\u00eb t\u00eb imponuara [&hellip;]<\/p>\n","protected":false,"gt_translate_keys":[{"key":"rendered","format":"html"}]},"author":30,"featured_media":579159,"comment_status":"closed","ping_status":"closed","sticky":false,"template":"","format":"standard","meta":{"footnotes":""},"categories":[65],"tags":[],"class_list":["post-579158","post","type-post","status-publish","format-standard","has-post-thumbnail","hentry","category-lajme"],"gt_translate_keys":[{"key":"link","format":"url"}],"_links":{"self":[{"href":"https:\/\/www.hashtag.al\/index.php\/wp-json\/wp\/v2\/posts\/579158","targetHints":{"allow":["GET"]}}],"collection":[{"href":"https:\/\/www.hashtag.al\/index.php\/wp-json\/wp\/v2\/posts"}],"about":[{"href":"https:\/\/www.hashtag.al\/index.php\/wp-json\/wp\/v2\/types\/post"}],"author":[{"embeddable":true,"href":"https:\/\/www.hashtag.al\/index.php\/wp-json\/wp\/v2\/users\/30"}],"replies":[{"embeddable":true,"href":"https:\/\/www.hashtag.al\/index.php\/wp-json\/wp\/v2\/comments?post=579158"}],"version-history":[{"count":0,"href":"https:\/\/www.hashtag.al\/index.php\/wp-json\/wp\/v2\/posts\/579158\/revisions"}],"wp:featuredmedia":[{"embeddable":true,"href":"https:\/\/www.hashtag.al\/index.php\/wp-json\/wp\/v2\/media\/579159"}],"wp:attachment":[{"href":"https:\/\/www.hashtag.al\/index.php\/wp-json\/wp\/v2\/media?parent=579158"}],"wp:term":[{"taxonomy":"category","embeddable":true,"href":"https:\/\/www.hashtag.al\/index.php\/wp-json\/wp\/v2\/categories?post=579158"},{"taxonomy":"post_tag","embeddable":true,"href":"https:\/\/www.hashtag.al\/index.php\/wp-json\/wp\/v2\/tags?post=579158"}],"curies":[{"name":"wp","href":"https:\/\/api.w.org\/{rel}","templated":true}]}}