{"id":579097,"date":"2023-02-13T10:24:06","date_gmt":"2023-02-13T09:24:06","guid":{"rendered":"https:\/\/www.hashtag.al\/?p=579097"},"modified":"2023-02-13T10:24:31","modified_gmt":"2023-02-13T09:24:31","slug":"anija-e-lashte-zbulon-nje-pamje-te-papare-te-luksis-mbreteror-mesjetar","status":"publish","type":"post","link":"https:\/\/www.hashtag.al\/index.php\/2023\/02\/13\/anija-e-lashte-zbulon-nje-pamje-te-papare-te-luksis-mbreteror-mesjetar\/","title":{"rendered":"Anija e lasht\u00eb zbulon nj\u00eb pamje t\u00eb papar\u00eb t\u00eb luksit mbret\u00ebror mesjetar","gt_translate_keys":[{"key":"rendered","format":"text"}]},"content":{"rendered":"<p><img loading=\"lazy\" decoding=\"async\" class=\"aligncenter size-full wp-image-579098\" src=\"https:\/\/www.hashtag.al\/wp-content\/uploads\/2023\/02\/ezgif.com-webp-to-jpg-16.jpg\" alt=\"\" width=\"2501\" height=\"1977\" srcset=\"https:\/\/www.hashtag.al\/wp-content\/uploads\/2023\/02\/ezgif.com-webp-to-jpg-16.jpg 2501w, https:\/\/www.hashtag.al\/wp-content\/uploads\/2023\/02\/ezgif.com-webp-to-jpg-16-300x237.jpg 300w, https:\/\/www.hashtag.al\/wp-content\/uploads\/2023\/02\/ezgif.com-webp-to-jpg-16-1024x809.jpg 1024w, https:\/\/www.hashtag.al\/wp-content\/uploads\/2023\/02\/ezgif.com-webp-to-jpg-16-768x607.jpg 768w, https:\/\/www.hashtag.al\/wp-content\/uploads\/2023\/02\/ezgif.com-webp-to-jpg-16-1536x1214.jpg 1536w, https:\/\/www.hashtag.al\/wp-content\/uploads\/2023\/02\/ezgif.com-webp-to-jpg-16-2048x1619.jpg 2048w\" sizes=\"auto, (max-width: 2501px) 100vw, 2501px\" \/><\/p>\n<p><span style=\"color: #000000;\">Nj\u00eb hetim arkeologjik i nj\u00eb anije t\u00eb mbytur n\u00eb bregun e Suedis\u00eb ka zbuluar nj\u00eb pamje t\u00eb shkurt\u00ebr t\u00eb jet\u00ebs n\u00eb oborret mbret\u00ebrore t\u00eb shekullit t\u00eb 15-t\u00eb t\u00eb Skandinavis\u00eb, me zbulimin e m\u00eb shum\u00eb se 3,000 ekzemplar\u00ebve bimore n\u00eb bord, duke p\u00ebrfshir\u00eb er\u00ebza t\u00eb tilla ekzotike dhe ekskluzive si shafrani, xhenxhefili, karafili, kokrra piperi dhe bajame.<\/span><\/p>\n<p><span style=\"color: #000000;\">Mbytja e \u2018Gribshunden\u2019 \u00ebsht\u00eb nj\u00eb histori q\u00eb nuk do ishte e pavend n\u00eb nj\u00eb shfaqje komedie. Anija duhej t\u00eb ishte mjeti i mbretit Hans t\u00eb Danimark\u00ebs dhe Norvegjis\u00eb, q\u00eb sillte monarkun nga Kopenhagen, Danimark\u00eb, n\u00eb nj\u00eb samiti politik n\u00eb Kalmar, Suedi, n\u00eb vitin 1495. Shpresa e tij ishte t\u00eb bashkonte tre vendet skandinave, ve\u00e7an\u00ebrisht, t&#8217;i bashkonte ato n\u00ebn sundimin e tij.<\/span><\/p>\n<p><span style=\"color: #000000;\">N\u00eb vend t\u00eb k\u00ebsaj, anija u dogj dhe u mbyt para se t\u00eb arrinte ndonj\u00ebher\u00eb n\u00eb destinacion, duke marr\u00eb me vete pasuri t\u00eb pallogaritshme q\u00eb synonin t&#8217;u jepeshin suedez\u00ebve p\u00ebr t&#8217;u bashkuar me mbret\u00ebrin\u00eb danezo-norvegjeze.<\/span><\/p>\n<p><span style=\"color: #000000;\"><img loading=\"lazy\" decoding=\"async\" class=\"aligncenter size-full wp-image-579099\" src=\"https:\/\/www.hashtag.al\/wp-content\/uploads\/2023\/02\/ezgif.com-webp-to-jpg-1-2.jpg\" alt=\"\" width=\"1200\" height=\"676\" srcset=\"https:\/\/www.hashtag.al\/wp-content\/uploads\/2023\/02\/ezgif.com-webp-to-jpg-1-2.jpg 1200w, https:\/\/www.hashtag.al\/wp-content\/uploads\/2023\/02\/ezgif.com-webp-to-jpg-1-2-300x169.jpg 300w, https:\/\/www.hashtag.al\/wp-content\/uploads\/2023\/02\/ezgif.com-webp-to-jpg-1-2-1024x577.jpg 1024w, https:\/\/www.hashtag.al\/wp-content\/uploads\/2023\/02\/ezgif.com-webp-to-jpg-1-2-768x433.jpg 768w\" sizes=\"auto, (max-width: 1200px) 100vw, 1200px\" \/><\/span><\/p>\n<p><span style=\"color: #000000;\">Anija dhe ngarkesa e saj q\u00ebndruan t\u00eb fshehura n\u00ebn 10 metra uj\u00eb n\u00eb detet n\u00eb an\u00ebn veriore t\u00eb Stora Ek\u00f6n, n\u00eb bregun jugor t\u00eb Suedis\u00eb, derisa u rizbulua n\u00eb vitet 1970. E mbrojtur natyrsh\u00ebm gjat\u00eb shekujve nga kushtet e jasht\u00ebzakonshme mjedisore t\u00eb detit Baltik, Gribshunden tani konsiderohet nga ekspert\u00ebt si nj\u00eb nga anijet m\u00eb t\u00eb ruajtura n\u00eb bot\u00eb t\u00eb shekullit t\u00eb 15-t\u00eb, me nj\u00eb mori gjetjesh arkeologjike t\u00eb mbledhura nga rr\u00ebnojat gjat\u00eb dekadave.<\/span><\/p>\n<p><span style=\"color: #000000;\">Megjithat\u00eb, studimi i ri \u00ebsht\u00eb i pari q\u00eb merr n\u00eb konsiderat\u00eb jet\u00ebn e bim\u00ebve q\u00eb u mor n\u00eb bordin e anijes. \u00cbsht\u00eb e r\u00ebnd\u00ebsishme jo vet\u00ebm p\u00ebr t\u00eb dh\u00ebnat arkeologjike &#8211; shum\u00eb prej k\u00ebtyre bim\u00ebve p\u00ebrfaq\u00ebsojn\u00eb shembujt m\u00eb t\u00eb hersh\u00ebm t\u00eb njohur t\u00eb llojeve t\u00eb tyre n\u00eb rajonin e Balltikut &#8211; por gjithashtu jep at\u00eb q\u00eb studiuesit e quajn\u00eb \u2018nj\u00eb pasqyr\u00eb t\u00eb pashembullt mbi funksionimin e oborrit mbret\u00ebror nordike t\u00eb von\u00eb mesjetar\u2019.<\/span><\/p>\n<p><span style=\"color: #000000;\">Nuk \u00ebsht\u00eb ekzagjerim n\u00ebse thuhet se ajo ishte m\u00eb shum\u00eb se thjesht nj\u00eb anije. Gribshunden nuk ishte asgj\u00eb m\u00eb pak se nj\u00eb \u2018k\u00ebshtjell\u00eb lundruese\u2019, shkruajn\u00eb studiuesit, duke sh\u00ebrbyer si flamuri dhe selia e l\u00ebvizshme e qeveris\u00eb s\u00eb mbretit.<\/span><\/p>\n<p><span style=\"color: #000000;\"><img loading=\"lazy\" decoding=\"async\" class=\"aligncenter size-full wp-image-579100\" src=\"https:\/\/www.hashtag.al\/wp-content\/uploads\/2023\/02\/ezgif.com-webp-to-jpg-2-2.jpg\" alt=\"\" width=\"1200\" height=\"866\" srcset=\"https:\/\/www.hashtag.al\/wp-content\/uploads\/2023\/02\/ezgif.com-webp-to-jpg-2-2.jpg 1200w, https:\/\/www.hashtag.al\/wp-content\/uploads\/2023\/02\/ezgif.com-webp-to-jpg-2-2-300x217.jpg 300w, https:\/\/www.hashtag.al\/wp-content\/uploads\/2023\/02\/ezgif.com-webp-to-jpg-2-2-1024x739.jpg 1024w, https:\/\/www.hashtag.al\/wp-content\/uploads\/2023\/02\/ezgif.com-webp-to-jpg-2-2-768x554.jpg 768w\" sizes=\"auto, (max-width: 1200px) 100vw, 1200px\" \/><\/span><\/p>\n<p><span style=\"color: #000000;\">S\u00eb bashku me Hansin shpres\u00ebdh\u00ebn\u00ebs, anija ishte e pajisur plot\u00ebsisht me shfaqje t\u00eb dukshme t\u00eb pasuris\u00eb dhe autoritetit t\u00eb mbretit: artileri, nj\u00eb batalion ushtar\u00ebsh profesionist\u00eb dhe arm\u00eb t\u00eb vogla, duke p\u00ebrfshir\u00eb harqet dhe arm\u00ebt me barut, si dhe tregues t\u00eb fuqis\u00eb s\u00eb but\u00eb si monedha, vepra arti, dhe sende t\u00eb tjera, shkruan <span style=\"color: #0000ff;\"><a style=\"color: #0000ff;\" href=\"https:\/\/www.iflscience.com\/ancient-shipwreck-reveals-unprecedented-glimpse-into-medieval-royal-luxury-67334?utm_source=The+IFLScience+Newsletter&amp;utm_campaign=15e2d26e8f-TWIS-January-30-february-3&amp;utm_medium=email&amp;utm_term=0_3aa1738e2a-15e2d26e8f-273849604&amp;mc_cid=15e2d26e8f&amp;mc_eid=cda17b2e5e\">IFL Science<\/a><\/span>.<\/span><\/p>\n<p><span style=\"color: #000000;\">Dhe n\u00ebse kishte nj\u00eb gj\u00eb q\u00eb ishte e garantuar t\u00eb b\u00ebnte p\u00ebrshtypje n\u00eb Evrop\u00ebn e shekullit t\u00eb 15-t\u00eb, ishte nj\u00eb raft er\u00ebzash i pajisur plot\u00ebsisht. \u00cbsht\u00eb e leht\u00eb t\u00eb marr\u00ebsh gj\u00ebra si arr\u00ebmyshk dhe karafil si t\u00eb mir\u00ebqena sot, por luft\u00ebra t\u00eb t\u00ebra dhe gjenocide t\u00eb p\u00ebrgjakshme u kryen n\u00eb em\u00ebr t\u00eb k\u00ebtyre bi\u00ebve aromatike.<\/span><\/p>\n<p><span style=\"color: #000000;\"><em>&#8220;Vet\u00ebm ata q\u00eb zot\u00ebronin burime t\u00eb mjaftueshme financiare mund t&#8217;i p\u00ebrballonin k\u00ebto ushqime t\u00eb shtrenjta.&#8221; <\/em>&#8211; thon\u00eb studiuesit.<\/span><\/p>\n<p><span style=\"color: #000000;\"><em>&#8220;Ato ishin nj\u00eb luks i kufizuar p\u00ebr elitat.&#8221;<\/em><\/span><\/p>\n<p><span style=\"color: #000000;\">Si t\u00eb tilla, k\u00ebto er\u00ebza ekzotike do sh\u00ebrbenin jo vet\u00ebm si m\u00ebnyra p\u00ebr t&#8217;i b\u00ebr\u00eb ushqimet e Mbretit m\u00eb t\u00eb shijshme n\u00eb udh\u00ebtimin e tij nga Kopenhagen n\u00eb Kalmar, por si <em>\u2018nj\u00eb aspekt thelb\u00ebsor i mbretit Hans dhe monark\u00ebve t\u00eb tjer\u00eb dhe paraqitjes s\u00eb tyre ndaj subjekteve t\u00eb tyre\u2019<\/em>, shkruajn\u00eb studiuesit.<\/span><\/p>\n<p><span style=\"color: #000000;\"><em>\u201cSikur Gribshunden t\u00eb kishte mb\u00ebrritur sh\u00ebndosh\u00eb e mir\u00eb n\u00eb Kalmar, nga kuvertat a anijes s\u00eb tij, Hans do kishte p\u00ebrdorur \u00e7do lloj mjeti elitar p\u00ebr t&#8217;i b\u00ebr\u00eb p\u00ebrshtypje K\u00ebshillit Suedez,\u201d<\/em> shpjegojn\u00eb ata.<\/span><\/p>\n<p><span style=\"color: #000000;\"><em>\u201cKonsumimi i ushqimeve ekzotike sigurisht q\u00eb ishte simbol i prestigjit dhe ep\u00ebrsis\u00eb sociale brenda mbret\u00ebris\u00eb s\u00eb Hans. Ajo tregon gjithashtu se mbreti Hans dhe Danimarka mesjetare ishin t\u00eb integruara kulturalisht me pjes\u00ebn tjet\u00ebr t\u00eb Evrop\u00ebs dhe me bot\u00ebn p\u00ebrtej kufijve kontinental.\u201d &#8211;<\/em> shtuan studiuesit.<\/span><\/p>\n<p><span style=\"color: #000000;\"><img loading=\"lazy\" decoding=\"async\" class=\"aligncenter size-full wp-image-579101\" src=\"https:\/\/www.hashtag.al\/wp-content\/uploads\/2023\/02\/ezgif.com-webp-to-jpg-3-1.jpg\" alt=\"\" width=\"1200\" height=\"866\" srcset=\"https:\/\/www.hashtag.al\/wp-content\/uploads\/2023\/02\/ezgif.com-webp-to-jpg-3-1.jpg 1200w, https:\/\/www.hashtag.al\/wp-content\/uploads\/2023\/02\/ezgif.com-webp-to-jpg-3-1-300x217.jpg 300w, https:\/\/www.hashtag.al\/wp-content\/uploads\/2023\/02\/ezgif.com-webp-to-jpg-3-1-1024x739.jpg 1024w, https:\/\/www.hashtag.al\/wp-content\/uploads\/2023\/02\/ezgif.com-webp-to-jpg-3-1-768x554.jpg 768w\" sizes=\"auto, (max-width: 1200px) 100vw, 1200px\" \/><\/span><\/p>\n<p><span style=\"color: #000000;\">Pas mbytjes s\u00eb anijes, mbreti Hans nuk do arrinte n\u00eb n\u00eb koh\u00eb p\u00ebr t\u00eb joshur sundimtar\u00ebt suedez\u00eb. N\u00eb vend t\u00eb k\u00ebsaj, ai duhej t\u00eb mb\u00ebshtetej n\u00eb shtyll\u00ebn e vjet\u00ebr t\u00eb diplomacis\u00eb nd\u00ebrkomb\u00ebtare: luft\u00ebn. Pas nj\u00eb fushate t\u00eb shkurt\u00ebr dhe efektive ushtarake, mbreti Hans p\u00ebrfundimisht mori kuror\u00ebn e Suedis\u00eb n\u00eb 1497, duke arritur m\u00eb n\u00eb fund q\u00ebllimin e tij p\u00ebr t\u00eb bashkuar Danimark\u00ebn, Norvegjia dhe Suedia n\u00ebn Unionin Kalmar.<\/span><\/p>\n<p><span style=\"color: #000000;\">Studimi \u00ebsht\u00eb publikuar n\u00eb revist\u00ebn PLOS ONE.<\/span><\/p>\n","protected":false,"gt_translate_keys":[{"key":"rendered","format":"html"}]},"excerpt":{"rendered":"<p>Nj\u00eb hetim arkeologjik i nj\u00eb anije t\u00eb mbytur n\u00eb bregun e Suedis\u00eb ka zbuluar nj\u00eb pamje t\u00eb shkurt\u00ebr t\u00eb jet\u00ebs n\u00eb oborret mbret\u00ebrore t\u00eb shekullit t\u00eb 15-t\u00eb t\u00eb Skandinavis\u00eb, me zbulimin e m\u00eb shum\u00eb se 3,000 ekzemplar\u00ebve bimore n\u00eb bord, duke p\u00ebrfshir\u00eb er\u00ebza t\u00eb tilla ekzotike dhe ekskluzive si shafrani, xhenxhefili, karafili, kokrra piperi dhe [&hellip;]<\/p>\n","protected":false,"gt_translate_keys":[{"key":"rendered","format":"html"}]},"author":51,"featured_media":579098,"comment_status":"closed","ping_status":"closed","sticky":false,"template":"","format":"standard","meta":{"footnotes":""},"categories":[53],"tags":[],"class_list":["post-579097","post","type-post","status-publish","format-standard","has-post-thumbnail","hentry","category-fast-foodi"],"gt_translate_keys":[{"key":"link","format":"url"}],"_links":{"self":[{"href":"https:\/\/www.hashtag.al\/index.php\/wp-json\/wp\/v2\/posts\/579097","targetHints":{"allow":["GET"]}}],"collection":[{"href":"https:\/\/www.hashtag.al\/index.php\/wp-json\/wp\/v2\/posts"}],"about":[{"href":"https:\/\/www.hashtag.al\/index.php\/wp-json\/wp\/v2\/types\/post"}],"author":[{"embeddable":true,"href":"https:\/\/www.hashtag.al\/index.php\/wp-json\/wp\/v2\/users\/51"}],"replies":[{"embeddable":true,"href":"https:\/\/www.hashtag.al\/index.php\/wp-json\/wp\/v2\/comments?post=579097"}],"version-history":[{"count":0,"href":"https:\/\/www.hashtag.al\/index.php\/wp-json\/wp\/v2\/posts\/579097\/revisions"}],"wp:featuredmedia":[{"embeddable":true,"href":"https:\/\/www.hashtag.al\/index.php\/wp-json\/wp\/v2\/media\/579098"}],"wp:attachment":[{"href":"https:\/\/www.hashtag.al\/index.php\/wp-json\/wp\/v2\/media?parent=579097"}],"wp:term":[{"taxonomy":"category","embeddable":true,"href":"https:\/\/www.hashtag.al\/index.php\/wp-json\/wp\/v2\/categories?post=579097"},{"taxonomy":"post_tag","embeddable":true,"href":"https:\/\/www.hashtag.al\/index.php\/wp-json\/wp\/v2\/tags?post=579097"}],"curies":[{"name":"wp","href":"https:\/\/api.w.org\/{rel}","templated":true}]}}