{"id":579092,"date":"2023-02-13T10:07:45","date_gmt":"2023-02-13T09:07:45","guid":{"rendered":"https:\/\/www.hashtag.al\/?p=579092"},"modified":"2023-02-13T10:07:45","modified_gmt":"2023-02-13T09:07:45","slug":"deri-frymen-e-fundit-do-kerkoj-drejtesi-per-joy-n-nena-e-22-vjecares-qe-nderroi-jete-ne-kenia-pasi-u-dhunua-barbarisht-ne-tirane","status":"publish","type":"post","link":"https:\/\/www.hashtag.al\/index.php\/2023\/02\/13\/deri-frymen-e-fundit-do-kerkoj-drejtesi-per-joy-n-nena-e-22-vjecares-qe-nderroi-jete-ne-kenia-pasi-u-dhunua-barbarisht-ne-tirane\/","title":{"rendered":"\u201cDeri frym\u00ebn e fundit do k\u00ebrkoj drejt\u00ebsi p\u00ebr Joy-n\u201d \u2013 N\u00ebna e 22-vje\u00e7ares q\u00eb nd\u00ebrroi jet\u00eb n\u00eb Kenia pasi u dhunua barbarisht n\u00eb Tiran\u00eb","gt_translate_keys":[{"key":"rendered","format":"text"}]},"content":{"rendered":"<p><span style=\"color: #000000;\"><img loading=\"lazy\" decoding=\"async\" class=\"aligncenter size-full wp-image-579094\" src=\"https:\/\/www.hashtag.al\/wp-content\/uploads\/2023\/02\/abongo.png\" alt=\"\" width=\"1330\" height=\"541\" srcset=\"https:\/\/www.hashtag.al\/wp-content\/uploads\/2023\/02\/abongo.png 1330w, https:\/\/www.hashtag.al\/wp-content\/uploads\/2023\/02\/abongo-300x122.png 300w, https:\/\/www.hashtag.al\/wp-content\/uploads\/2023\/02\/abongo-1024x417.png 1024w, https:\/\/www.hashtag.al\/wp-content\/uploads\/2023\/02\/abongo-768x312.png 768w\" sizes=\"auto, (max-width: 1330px) 100vw, 1330px\" \/><\/span><\/p>\n<p><span style=\"color: #000000;\">N\u00ebna e 22-vje\u00e7ares Joy Ayoko \u00ebsht\u00eb zotuar se do b\u00ebj\u00eb gjith\u00e7ka p\u00ebr t\u00eb gjetur drejt\u00ebsi p\u00ebr t\u00eb bij\u00ebn, e cila nd\u00ebrroi jet\u00eb n\u00eb Kenia gjasht\u00eb muaj pasi u dhunua barbarisht n\u00eb Tiran\u00eb. <\/span><\/p>\n<p><span style=\"color: #000000;\">Ruth Abongo ka deklaruar se do k\u00ebrkoj\u00eb drejt\u00ebsi deri n\u00eb frym\u00ebn e fundit n\u00eb m\u00ebnyr\u00eb q\u00eb autori apo autor\u00ebt q\u00eb dhunuan t\u00eb bij\u00ebn duke i kushtuar asaj jet\u00ebn t\u00eb dalin para drejt\u00ebsis\u00eb, shkruan <span style=\"color: #0000ff;\"><a style=\"color: #0000ff;\" href=\"https:\/\/www.balkanweb.com\/deri-ne-frymen-e-fundit-nena-e-22-vjecares-keniane-do-bej-te-pamunduren-te-vendoset-drejtesi-per-joyn\/\">BW<\/a>.<\/span><\/span><\/p>\n<p><span style=\"color: #000000;\"><em>\u201cDo b\u00ebj t\u00eb pamundur\u00ebn q\u00eb t\u00eb vendoset drejt\u00ebsi p\u00ebr vajz\u00ebn time. N\u00ebse kjo drejt\u00ebsi do t\u00eb marr\u00eb frym\u00ebn time t\u00eb fundit p\u00ebr t\u00eb vendosur drejt\u00ebsi p\u00ebr Joyn, at\u00ebher\u00eb jam gati.\u201d<\/em> &#8211; ka th\u00ebn\u00eb Ruth Abongo.<\/span><\/p>\n<p><span style=\"color: #000000;\">E reja nga Kenia ishte rekrutuar p\u00ebr t\u00eb punuar n\u00eb nj\u00eb kazino n\u00eb Tiran\u00eb q\u00eb operonte n\u00eb stadiumin \u2018Air Albania\u2019. <\/span><\/p>\n<p><span style=\"color: #000000;\">Ajo u gjet n\u00eb gjendje t\u00eb r\u00ebnd\u00eb posht\u00eb ballkonit n\u00eb banes\u00ebn e saj n\u00eb rrug\u00ebn \u2018Pandeli Evangjeli\u2019 n\u00eb Tiran\u00eb m\u00ebngjesin e 14 gushtit 2022. <\/span><\/p>\n<p><span style=\"color: #000000;\">Policia e mediat e mbajt\u00ebn t\u00eb fsheht\u00eb lajmin p\u00ebr disa jav\u00eb nd\u00ebrkoh\u00eb q\u00eb prokuroria i nisi me vones\u00eb hetimet pasi sipas saj njoftimi ishte referuar me vones\u00eb.<\/span><\/p>\n<p><span style=\"color: #000000;\"> Pasi q\u00ebndroi n\u00eb koma p\u00ebr disa muaj n\u00eb spitalin e Traum\u00ebs, e reja u transferua n\u00eb janar 2023 n\u00eb Kenia pasi bashk\u00ebkombasit e saj grumbulluan shum\u00ebn e duhur t\u00eb parave p\u00ebr transferimin.<\/span><\/p>\n","protected":false,"gt_translate_keys":[{"key":"rendered","format":"html"}]},"excerpt":{"rendered":"<p>N\u00ebna e 22-vje\u00e7ares Joy Ayoko \u00ebsht\u00eb zotuar se do b\u00ebj\u00eb gjith\u00e7ka p\u00ebr t\u00eb gjetur drejt\u00ebsi p\u00ebr t\u00eb bij\u00ebn, e cila nd\u00ebrroi jet\u00eb n\u00eb Kenia gjasht\u00eb muaj pasi u dhunua barbarisht n\u00eb Tiran\u00eb. Ruth Abongo ka deklaruar se do k\u00ebrkoj\u00eb drejt\u00ebsi deri n\u00eb frym\u00ebn e fundit n\u00eb m\u00ebnyr\u00eb q\u00eb autori apo autor\u00ebt q\u00eb dhunuan t\u00eb bij\u00ebn [&hellip;]<\/p>\n","protected":false,"gt_translate_keys":[{"key":"rendered","format":"html"}]},"author":51,"featured_media":579094,"comment_status":"closed","ping_status":"closed","sticky":false,"template":"","format":"standard","meta":{"footnotes":""},"categories":[65,13],"tags":[],"class_list":["post-579092","post","type-post","status-publish","format-standard","has-post-thumbnail","hentry","category-lajme","category-te-fundit"],"gt_translate_keys":[{"key":"link","format":"url"}],"_links":{"self":[{"href":"https:\/\/www.hashtag.al\/index.php\/wp-json\/wp\/v2\/posts\/579092","targetHints":{"allow":["GET"]}}],"collection":[{"href":"https:\/\/www.hashtag.al\/index.php\/wp-json\/wp\/v2\/posts"}],"about":[{"href":"https:\/\/www.hashtag.al\/index.php\/wp-json\/wp\/v2\/types\/post"}],"author":[{"embeddable":true,"href":"https:\/\/www.hashtag.al\/index.php\/wp-json\/wp\/v2\/users\/51"}],"replies":[{"embeddable":true,"href":"https:\/\/www.hashtag.al\/index.php\/wp-json\/wp\/v2\/comments?post=579092"}],"version-history":[{"count":0,"href":"https:\/\/www.hashtag.al\/index.php\/wp-json\/wp\/v2\/posts\/579092\/revisions"}],"wp:featuredmedia":[{"embeddable":true,"href":"https:\/\/www.hashtag.al\/index.php\/wp-json\/wp\/v2\/media\/579094"}],"wp:attachment":[{"href":"https:\/\/www.hashtag.al\/index.php\/wp-json\/wp\/v2\/media?parent=579092"}],"wp:term":[{"taxonomy":"category","embeddable":true,"href":"https:\/\/www.hashtag.al\/index.php\/wp-json\/wp\/v2\/categories?post=579092"},{"taxonomy":"post_tag","embeddable":true,"href":"https:\/\/www.hashtag.al\/index.php\/wp-json\/wp\/v2\/tags?post=579092"}],"curies":[{"name":"wp","href":"https:\/\/api.w.org\/{rel}","templated":true}]}}