{"id":579084,"date":"2023-02-13T09:31:39","date_gmt":"2023-02-13T08:31:39","guid":{"rendered":"https:\/\/www.hashtag.al\/?p=579084"},"modified":"2023-02-13T10:10:40","modified_gmt":"2023-02-13T09:10:40","slug":"u-dhunua-barbarisht-ne-tirane-nderron-jete-ne-kenia-22-vjecarja","status":"publish","type":"post","link":"https:\/\/www.hashtag.al\/index.php\/2023\/02\/13\/u-dhunua-barbarisht-ne-tirane-nderron-jete-ne-kenia-22-vjecarja\/","title":{"rendered":"U dhunua barbarisht n\u00eb Tiran\u00eb, nd\u00ebrron jet\u00eb n\u00eb Kenia 22-vje\u00e7arja","gt_translate_keys":[{"key":"rendered","format":"text"}]},"content":{"rendered":"<p><span style=\"color: #000000;\"><img loading=\"lazy\" decoding=\"async\" class=\"aligncenter size-full wp-image-579085\" src=\"https:\/\/www.hashtag.al\/wp-content\/uploads\/2023\/02\/ezgif.com-webp-to-jpg-15.jpg\" alt=\"\" width=\"720\" height=\"600\" srcset=\"https:\/\/www.hashtag.al\/wp-content\/uploads\/2023\/02\/ezgif.com-webp-to-jpg-15.jpg 720w, https:\/\/www.hashtag.al\/wp-content\/uploads\/2023\/02\/ezgif.com-webp-to-jpg-15-300x250.jpg 300w\" sizes=\"auto, (max-width: 720px) 100vw, 720px\" \/><\/span><\/p>\n<p><span style=\"color: #000000;\">Ka nd\u00ebrruar jet\u00eb n\u00eb Kenia 22-vje\u00e7arja Joy Ayoko q\u00eb u dhunua barbarisht n\u00eb Tiran\u00eb. <\/span><\/p>\n<p><span style=\"color: #000000;\">Lajmi \u00ebsht\u00eb konfirmuar nga n\u00ebna e s\u00eb res\u00eb, Ruth Abongo, shkruan <a href=\"https:\/\/www.balkanweb.com\/lajm-i-fundit-nderron-jete-ne-kenia-22-vjecarja-qe-u-dhunua-barbarisht-ne-tirane\/\"><span style=\"color: #0000ff;\">BW<\/span><\/a>.<\/span><\/p>\n<p><span style=\"color: #000000;\">Ajo u largua n\u00eb janar 2023 drejt vendit t\u00eb saj p\u00ebr t\u2019u kuruar pasi bashk\u00ebkombasit e saj iu p\u00ebrgjigj\u00ebn thirrjes p\u00ebr t\u00eb mbledhur donacione duke b\u00ebr\u00eb t\u00eb mundur transferimi e saj, por nuk ka mundur t\u2019ia dal\u00eb.<\/span><\/p>\n<p><span style=\"color: #000000;\">E reja q\u00ebndroi disa muaj n\u00eb gjendje kome n\u00eb spitalin e Traum\u00ebs pasi u gjet n\u00eb gjendje t\u00eb r\u00ebnd\u00eb posht\u00eb banes\u00ebs s\u00eb saj \u00a0n\u00eb rrug\u00ebn \u2018Pandeli Evangjeli\u2019 n\u00eb Tiran\u00eb m\u00ebngjesin e 14 gushtit 2022. Vajza e re ishte rekrutuar p\u00ebr t\u00eb punuar n\u00eb nj\u00eb kazino n\u00eb Tiran\u00eb.<\/span><\/p>\n<p><span style=\"color: #000000;\">22-vje\u00e7arja me emrin Joy u gjet n\u00eb gjendje t\u00eb r\u00ebnd\u00eb pran\u00eb banes\u00ebs s\u00eb saj n\u00eb rrethana t\u00eb mistershme nd\u00ebrsa tani ndodhet n\u00eb gjendje kome n\u00eb Spitalin e Traum\u00ebs. Ajo punonte n\u00eb kazinon\u00eb e dedikuar prane \u2018Air Albania\u2019 e cila cila operohet nga nj\u00eb kompani austriake q\u00eb p\u00ebrfaq\u00ebsohet ne Tiran\u00eb nga shtetasi Bledar Sinanaj i njohur si Dari.<\/span><\/p>\n<p><span style=\"color: #000000;\">Ngjarja u mbajt e fsheht\u00eb p\u00ebr jav\u00eb me radh\u00eb dhe nuk u raportua asokohe as nga policia e as nga mediat nd\u00ebrsa njoftimi i par\u00eb i policis\u00eb ka ardhur m\u00eb 9 n\u00ebntor 2022.<\/span><\/p>\n<p><span style=\"color: #000000;\">Prokuroria ka nisur hetimet rreth dy jav\u00eb pas ngjarjes, pasi rasti i \u00ebsht\u00eb referuar me vones\u00eb nga policia e Tiran\u00ebs, shkruan BW q\u00eb citon burime t\u00eb paidentifikuara. Prokuroria ka marr\u00eb akt-ekspertimin mjeko-ligjor p\u00ebr 22-vje\u00e7aren, n\u00eb baz\u00eb t\u00eb cilit \u00ebsht\u00eb referuar vepra penale \u2018Plagosja e r\u00ebnd\u00eb me dashje\u2019, pasi rezulton se e reja \u00ebsht\u00eb dhunuar.<\/span><\/p>\n<p><span style=\"color: #000000;\">Organi i akuz\u00ebs ka marr\u00eb n\u00eb pyetje personat e af\u00ebrt dhe bashk\u00ebkombaset e 22-vje\u00e7ares t\u00eb quajtur Joy nga Kenia q\u00eb jetojn\u00eb e punojn\u00eb n\u00eb Shqip\u00ebri dhe njiheshin me t\u00eb e po ashtu jan\u00eb marr\u00eb n\u00eb pyetje edhe kontaktet e fundit t\u00eb vajz\u00ebs.<\/span><\/p>\n<p><span style=\"color: #000000;\">Jan\u00eb pyetur edhe banor\u00eb t\u00eb zon\u00ebs ku ndodhej banesa dhe fqinj\u00ebt e 22-vje\u00e7ares. Dyshohet dit\u00ebn kur ndodhi ngjarja brenda n\u00eb banes\u00ebn ku Joy jetonte me qira, kan\u00eb qen\u00eb edhe persona t\u00eb tjer\u00eb. P\u00ebr k\u00ebt\u00eb jan\u00eb mbledhur edhe prova shkencore, si gjurm\u00eb, shenja gishtash, dhe kampion\u00eb biologjik\u00eb p\u00ebr t\u00eb zbuluar se cil\u00ebt jan\u00eb personat q\u00eb ishin n\u00eb banes\u00ebn e 22-vje\u00e7ares nat\u00ebn kur ndodhi ngjarja dhe \u00e7far\u00eb i lidh ata me vajz\u00ebn nga Kenia, e cila punonte n\u00eb nj\u00eb kazino n\u00eb Tiran\u00eb. Gjithashtu \u00ebsht\u00eb k\u00ebqyrur telefoni i 22-vje\u00e7ares dhe bisedat e saj t\u00eb fundit.<\/span><\/p>\n<p><span style=\"color: #000000;\">6 muaj pas ngjarjes, nuk ka ende asnj\u00eb t\u00eb arrestuar apo t\u00eb dyshuar p\u00ebr ngjarjen e r\u00ebnd\u00eb,<\/span><\/p>\n<p><span style=\"color: #000000;\">Po k\u00ebshtu e \u00ebma e s\u00eb res\u00eb pohoi pasi mb\u00ebrriti n\u00eb Tiran\u00eb se policia i ka th\u00ebn\u00eb se vajza e saj mund t\u00eb ket\u00eb tentuar vet\u00ebvrasjen, gj\u00eb t\u00eb cil\u00ebn ajo e ka hedhur posht\u00eb me forc\u00eb. Ajo tha gjithashtu se policia nuk i ka dh\u00ebn\u00eb telefonat e s\u00eb bij\u00ebs, q\u00eb nat\u00ebn e ngjarjes kan\u00eb qen\u00eb mbi krevat.<\/span><\/p>\n<p><span style=\"color: #000000;\"><strong>\u00c7far\u00eb deklaronte e \u00ebma m\u00eb 9 n\u00ebntor 2022<\/strong><\/span><\/p>\n<p><span style=\"color: #000000;\"><span style=\"color: #0000ff;\">N\u00ebna e vajz\u00ebs<\/span>: Vij nga Kenia dhe jam mamaja e Joy. Joy \u00ebsht\u00eb f\u00ebmija im i fundit. Ajo jeton n\u00eb Shqip\u00ebris\u00eb dhe k\u00ebt\u00eb vit po k\u00ebrkonte mund\u00ebsi p\u00ebr pun\u00eb k\u00ebtu n\u00eb Shqip\u00ebri. Ajo aplikoi p\u00ebr pun\u00eb n\u00eb fillim t\u00eb Janarit dhe mb\u00ebrriti n\u00eb Shqip\u00ebri m\u00eb 15 Shkurt. Puna e saj ishte n\u00eb kazino dhe ajo e p\u00eblqente. Ishte okej derisa m\u00eb 13 gusht, ishte e premte duke u kthyer nga puna n\u00eb 3 t\u00eb m\u00ebngjesit, pasi vajti n\u00eb sht\u00ebpi, un\u00eb po flisja me vajz\u00ebn dhe ishte me humor. M\u00eb pyeti \u00e7\u2019po b\u00ebja. I thash\u00eb po ushqehem, m\u00eb tha \u2018t\u00eb b\u00ebft\u00eb mir\u00eb\u2019 dhe m\u00eb tregoi se edhe ajo kishte porositur ushqim. \u2018Sa ta marr dhe do t\u00eb shkruaj s\u00ebrish.\u2019 Pasi e mori ushqimin ne filluam t\u00eb flisnim dhe gj\u00ebja e fundit q\u00eb m\u00eb tha ishte se ushqimi q\u00eb kishte porositur ishte shum\u00eb i shijsh\u00ebm. M\u00eb pas mendova se do fliste. Ky ishte mesazhi i fundit. Pra n\u00eb 3:25, m\u00eb 13 gusht. M\u00eb pas un\u00eb vijova t\u2019i shkruaja s\u00ebrish, d\u00ebrisa t\u00eb h\u00ebn\u00ebn, m\u00eb 15 gusht, kompania ku ajo punonte m\u00eb mori n\u00eb telefon.<\/span><\/p>\n<p><span style=\"color: #000000;\">Mu prezantuan fillimisht dhe m\u00eb than\u00eb se vajza ime ka p\u00ebsuar nj\u00eb aksident af\u00ebr sht\u00ebpis\u00eb, dhe m\u00eb than\u00eb q\u00eb \u00ebsht\u00eb n\u00eb spital.<\/span><\/p>\n<p><span style=\"color: #000000;\">I pyeta \u00e7far\u00eb tipi aksidenti. Sepse un\u00eb po flisja me at\u00eb t\u00eb shtun\u00ebn n\u00eb m\u00ebngjes. Kam folur gjat\u00eb gjith\u00eb koh\u00ebs. Dhe ata m\u00eb than\u00eb se s\u2019mund t\u00eb m\u00eb tregonin \u00e7do gj\u00eb p\u00ebrmes telefonit, dhe fatkeq\u00ebsisht vajza s\u2019mund t\u00eb fliste. Pas disa dit\u00ebsh komunikimi me kompanin\u00eb, i pyeta si \u00ebsht\u00eb gjendja e vajz\u00ebs dhe ata m\u00eb than\u00eb se \u00ebsht\u00eb n\u00eb koma. I pyeta se si mund t\u00eb vija n\u00eb Shqip\u00ebri, si mund t\u00eb aplikoja p\u00ebr viz\u00eb dhe ata m\u00eb soll\u00ebn k\u00ebtu.\u00a0<\/span><span style=\"color: #000000;\">Mb\u00ebrrita k\u00ebtu m\u00eb 12 shtator.<\/span><\/p>\n<p><span style=\"color: #ff0000;\">Aksidenti i vajz\u00ebs kur ka ndodhur?<\/span><\/p>\n<p><span style=\"color: #000000;\"><span style=\"color: #0000ff;\">N\u00ebna e vajz\u00ebs<\/span>: Aksidenti ka ndodhur m\u00eb 13 gusht, pra kur ajo u dhunua.<\/span><\/p>\n<p><span style=\"color: #ff0000;\">Keni komunikuar me Policin\u00eb, \u00e7far\u00eb ju than\u00eb ata?<\/span><\/p>\n<p><span style=\"color: #000000;\"><span style=\"color: #0000ff;\">N\u00ebna e vajz\u00ebs<\/span>: Kur erdha i mora n\u00eb telefon, pas nj\u00eb jave me th\u00ebn\u00eb t\u00eb drejt\u00ebn sepse mendjen e kisha tek vajza. Vet\u00ebm m\u00eb than\u00eb se po hetonin.<\/span><\/p>\n<p><span style=\"color: #ff0000;\">I pelqente vajz\u00ebs puna q\u00eb b\u00ebnte?<\/span><\/p>\n<p><span style=\"color: #000000;\"><span style=\"color: #0000ff;\">N\u00ebna e vajz\u00ebs<\/span>: Vajza ime e p\u00eblqente pun\u00ebn, nuk kishte probleme me t\u00eb. N\u00eb fillim t\u00eb gushtit u transferua nga nj\u00eb kazino n\u00eb nj\u00eb tjet\u00ebr dhe po i p\u00eblqente.<\/span><\/p>\n<p><span style=\"color: #ff0000;\">A kishte t\u00eb dashur vajza k\u00ebtu?<\/span><\/p>\n<p><span style=\"color: #000000;\"><span style=\"color: #0000ff;\">N\u00ebna e vajz\u00ebs<\/span>: Ajo nuk kishte t\u00eb dashur k\u00ebtu. Nj\u00eb dit\u00eb m\u00eb tha se e kishte ngacmuar nj\u00eb djal\u00eb, por e kishte refuzuar. Por si nj\u00eb vajz\u00eb e bukur e kan\u00eb ngacmuar. Por m\u00eb thoshte se djemt\u00eb shqiptar\u00eb e p\u00eblqenin.<\/span><\/p>\n<p><span style=\"color: #ff0000;\">Po n\u00eb lidhje me telefonin e saj? Kush e ka apo nuk e gjet\u00ebt??<\/span><\/p>\n<p><span style=\"color: #000000;\"><span style=\"color: #0000ff;\">N\u00ebna e vajz\u00ebs<\/span>: Dit\u00ebn e incidentit telefonat ishin mbi krevat.Kur erdha k\u00ebtu m\u00eb than\u00eb se telefonat i mori policia dhe deri tani policia nuk mi tregon telefonat dhe m\u00eb thon\u00eb q\u00eb po investigohen telefonat e saj.<\/span><\/p>\n<p><span style=\"color: #ff0000;\">Po avokat\u00ebt i keni marr\u00eb?<\/span><\/p>\n<p><span style=\"color: #000000;\"><span style=\"color: #0000ff;\">N\u00ebna e vajz\u00ebs:<\/span> Po kam marr\u00eb, duke qen\u00eb se policia nuk po m\u00eb ndihmon kam k\u00ebrkuar p\u00ebr nj\u00eb avokat q\u00eb t\u00eb merret me rastin tim, prej dy jav\u00ebsh e kam nj\u00eb.<\/span><\/p>\n<p><span style=\"color: #ff0000;\">A keni qen\u00eb n\u00eb sht\u00ebpin\u00eb e vajz\u00ebs?<\/span><\/p>\n<p><span style=\"color: #000000;\"><span style=\"color: #0000ff;\">N\u00ebna e vajz\u00ebs<\/span>: Po. Kur shkova n\u00eb komisariat her\u00ebn e par\u00eb ata me mor\u00ebn q\u00eb t\u00eb shihja sht\u00ebpin\u00eb ku jetonte dhe jav\u00ebn e kaluar kur shkova t\u00eb mblidhja gj\u00ebrat e saj.<\/span><\/p>\n<p><span style=\"color: #ff0000;\">Nuk vut\u00eb re ndonj\u00eb gj\u00eb t\u00eb \u00e7uditshme atje?<\/span><\/p>\n<p><span style=\"color: #000000;\"><span style=\"color: #0000ff;\">N\u00ebna e vajz\u00ebs<\/span>: Nuk pash\u00eb ndonj\u00eb gj\u00eb t\u00eb \u00e7uditshme, e vetmja gj\u00eb e \u00e7uditshme pash\u00eb q\u00eb krevati i vajz\u00ebs, pra vajza jetonte n\u00eb kat t\u00eb dyt\u00eb por nuk ishte i lart\u00eb, sepse policia m\u00eb tha q\u00eb ndoshta ka tentuar t\u00eb kryej vet\u00ebvrasje ose mund te kete r\u00ebn\u00eb aksidentalisht nga dritarja. Jo nuk e besoj k\u00ebt\u00eb. Jo Jo. Sepse gjith\u00e7ka m\u00eb tregoi at\u00eb nat\u00eb ishte se ishte e qet\u00eb dhe po ushqehej n\u00eb krevat, dhe ushqimi ishte i shp\u00ebrndar\u00eb, dikush q\u00eb do t\u00eb vet\u00ebvritet nuk b\u00ebn rremuj\u00eb. Kjo \u00ebsht\u00eb e sigurt, une besoj se dikush e ka l\u00ebnduar at\u00eb. Sepse asgj\u00eb nuk \u00ebsht\u00eb marr\u00eb nga shpia e saj, as celular\u00ebt, dera nuk ishte e thyer asgj\u00eb e till\u00eb.<\/span><\/p>\n","protected":false,"gt_translate_keys":[{"key":"rendered","format":"html"}]},"excerpt":{"rendered":"<p>Ka nd\u00ebrruar jet\u00eb n\u00eb Kenia 22-vje\u00e7arja Joy Ayoko q\u00eb u dhunua barbarisht n\u00eb Tiran\u00eb. Lajmi \u00ebsht\u00eb konfirmuar nga n\u00ebna e s\u00eb res\u00eb, Ruth Abongo, shkruan BW. Ajo u largua n\u00eb janar 2023 drejt vendit t\u00eb saj p\u00ebr t\u2019u kuruar pasi bashk\u00ebkombasit e saj iu p\u00ebrgjigj\u00ebn thirrjes p\u00ebr t\u00eb mbledhur donacione duke b\u00ebr\u00eb t\u00eb mundur transferimi [&hellip;]<\/p>\n","protected":false,"gt_translate_keys":[{"key":"rendered","format":"html"}]},"author":51,"featured_media":579085,"comment_status":"closed","ping_status":"closed","sticky":false,"template":"","format":"standard","meta":{"footnotes":""},"categories":[22,65,13],"tags":[],"class_list":["post-579084","post","type-post","status-publish","format-standard","has-post-thumbnail","hentry","category-ballina","category-lajme","category-te-fundit"],"gt_translate_keys":[{"key":"link","format":"url"}],"_links":{"self":[{"href":"https:\/\/www.hashtag.al\/index.php\/wp-json\/wp\/v2\/posts\/579084","targetHints":{"allow":["GET"]}}],"collection":[{"href":"https:\/\/www.hashtag.al\/index.php\/wp-json\/wp\/v2\/posts"}],"about":[{"href":"https:\/\/www.hashtag.al\/index.php\/wp-json\/wp\/v2\/types\/post"}],"author":[{"embeddable":true,"href":"https:\/\/www.hashtag.al\/index.php\/wp-json\/wp\/v2\/users\/51"}],"replies":[{"embeddable":true,"href":"https:\/\/www.hashtag.al\/index.php\/wp-json\/wp\/v2\/comments?post=579084"}],"version-history":[{"count":0,"href":"https:\/\/www.hashtag.al\/index.php\/wp-json\/wp\/v2\/posts\/579084\/revisions"}],"wp:featuredmedia":[{"embeddable":true,"href":"https:\/\/www.hashtag.al\/index.php\/wp-json\/wp\/v2\/media\/579085"}],"wp:attachment":[{"href":"https:\/\/www.hashtag.al\/index.php\/wp-json\/wp\/v2\/media?parent=579084"}],"wp:term":[{"taxonomy":"category","embeddable":true,"href":"https:\/\/www.hashtag.al\/index.php\/wp-json\/wp\/v2\/categories?post=579084"},{"taxonomy":"post_tag","embeddable":true,"href":"https:\/\/www.hashtag.al\/index.php\/wp-json\/wp\/v2\/tags?post=579084"}],"curies":[{"name":"wp","href":"https:\/\/api.w.org\/{rel}","templated":true}]}}