{"id":578876,"date":"2023-02-12T09:23:27","date_gmt":"2023-02-12T08:23:27","guid":{"rendered":"https:\/\/www.hashtag.al\/?p=578876"},"modified":"2023-02-12T09:25:15","modified_gmt":"2023-02-12T08:25:15","slug":"be-bie-dakord-per-masa-me-te-rrepta-kunder-emigracionit-te-parregullt","status":"publish","type":"post","link":"https:\/\/www.hashtag.al\/index.php\/2023\/02\/12\/be-bie-dakord-per-masa-me-te-rrepta-kunder-emigracionit-te-parregullt\/","title":{"rendered":"BE bie dakord p\u00ebr masa m\u00eb t\u00eb rrepta kund\u00ebr emigracionit t\u00eb parregullt","gt_translate_keys":[{"key":"rendered","format":"text"}]},"content":{"rendered":"<p><span style=\"color: #000000;\"><a style=\"color: #000000;\" href=\"https:\/\/www.hashtag.al\/wp-content\/uploads\/2023\/02\/62167102_1006.jpg\"><img loading=\"lazy\" decoding=\"async\" class=\"aligncenter size-full wp-image-578877\" src=\"https:\/\/www.hashtag.al\/wp-content\/uploads\/2023\/02\/62167102_1006.jpg\" alt=\"\" width=\"1600\" height=\"700\" srcset=\"https:\/\/www.hashtag.al\/wp-content\/uploads\/2023\/02\/62167102_1006.jpg 1600w, https:\/\/www.hashtag.al\/wp-content\/uploads\/2023\/02\/62167102_1006-300x131.jpg 300w, https:\/\/www.hashtag.al\/wp-content\/uploads\/2023\/02\/62167102_1006-1024x448.jpg 1024w, https:\/\/www.hashtag.al\/wp-content\/uploads\/2023\/02\/62167102_1006-768x336.jpg 768w, https:\/\/www.hashtag.al\/wp-content\/uploads\/2023\/02\/62167102_1006-1536x672.jpg 1536w\" sizes=\"auto, (max-width: 1600px) 100vw, 1600px\" \/><\/a><\/span><\/p>\n<p><span style=\"color: #000000;\">Udh\u00ebheq\u00ebsit e BE-s\u00eb duan t\u00eb parandalojn\u00eb emigrant\u00ebt q\u00eb t\u00eb k\u00ebrkojn\u00eb azil n\u00eb nj\u00eb vend tjet\u00ebr n\u00eb bllok, n\u00ebse ata tashm\u00eb jan\u00eb refuzuar n\u00eb nj\u00eb vend tjet\u00ebr. Por ata nuk jan\u00eb dakord p\u00ebr nd\u00ebrtimin e nj\u00eb muri n\u00eb kufijt\u00eb e jasht\u00ebm t\u00eb BE-s\u00eb, sipas<span style=\"color: #0000ff;\"><a style=\"color: #0000ff;\" href=\"https:\/\/www.dw.com\/en\/eu-agrees-on-stricter-measures-against-irregular-migration\/a-64670121\"> DW.<\/a><\/span><\/span><\/p>\n<p><span style=\"color: #000000;\">Presidentja e Komisionit Evropian Ursula von der Leyen tha her\u00ebt t\u00eb premten se lider\u00ebt e BE ran\u00eb dakord p\u00ebr masa m\u00eb t\u00eb ashpra p\u00ebr t\u00eb trajtuar &#8220;emigrimin e parregullt&#8221;.<\/span><\/p>\n<p><span style=\"color: #000000;\">&#8220;<em>Ne do t\u00eb veprojm\u00eb p\u00ebr t\u00eb forcuar kufijt\u00eb tan\u00eb t\u00eb jasht\u00ebm dhe p\u00ebr t\u00eb parandaluar migrimin e parregullt,&#8221;<\/em> tha von der Leyen pas samitit t\u00eb BE-s\u00eb t\u00eb s\u00eb enjtes.<\/span><\/p>\n<p><span style=\"color: #000000;\">Masa erdhi pasi disa vende t\u00eb BE-s\u00eb k\u00ebrkuan rregulla m\u00eb t\u00eb rrepta p\u00ebr t\u00eb frenuar numrin e lart\u00eb t\u00eb k\u00ebrkesave p\u00ebr azil p\u00ebr bllokun 27-an\u00ebtar\u00ebsh<\/span><\/p>\n<p><span style=\"color: #000000;\">BE-ja pret miliona refugjat\u00eb q\u00eb kishin ikur nga konfliktet n\u00eb Ukrain\u00eb, Siri dhe Afganistan. Por blloku shpesh i konsideron k\u00ebrkesat p\u00ebr azil nga shtetas t\u00eb vendeve relativisht m\u00eb t\u00eb sigurta, si Bangladeshi, Turqia dhe Tunizia, si migrant\u00eb ekonomik\u00eb t\u00eb pap\u00ebrshtatsh\u00ebm p\u00ebr azil.<\/span><\/p>\n<p><span style=\"color: #000000;\">Von der Leyen tha se vendet e BE-s\u00eb donin t\u00eb njihnin vendimet e deportimit t\u00eb nj\u00ebri-tjetrit n\u00eb nj\u00eb p\u00ebrpjekje p\u00ebr t\u00eb rritur d\u00ebbimet e tilla<\/span><\/p>\n<p><span style=\"color: #000000;\">Ata ran\u00eb dakord p\u00ebr nj\u00eb &#8220;parim&#8221; p\u00ebr t\u00eb parandaluar migrant\u00ebt q\u00eb t\u00eb k\u00ebrkojn\u00eb azil n\u00eb nj\u00eb vend tjet\u00ebr t\u00eb BE-s\u00eb pasi u refuzuan n\u00eb fillim.<\/span><\/p>\n<p><span style=\"color: #000000;\">Udh\u00ebheq\u00ebsit e BE ran\u00eb dakord p\u00ebr nj\u00eb s\u00ebr\u00eb masash, duke p\u00ebrfshir\u00eb nisma p\u00ebr t\u00eb forcuar infrastruktur\u00ebn e mbrojtjes n\u00eb kufijt\u00eb e jasht\u00ebm t\u00eb BE-s\u00eb.<\/span><\/p>\n<p><span style=\"color: #000000;\">Ata i b\u00ebn\u00eb thirrje Komisionit &#8220;t\u00eb mobilizoj\u00eb menj\u00ebher\u00eb fonde t\u00eb konsiderueshme t\u00eb BE-s\u00eb&#8221; p\u00ebr t\u00eb p\u00ebrforcuar kufirin e jasht\u00ebm t\u00eb bllokut me &#8220;<em>aft\u00ebsi dhe infrastruktur\u00eb mbrojt\u00ebse, mjete t\u00eb mbikqyrjes, duke p\u00ebrfshir\u00eb mbik\u00ebqyrjen ajrore dhe pajisje&#8221;,<\/em> sipas dokumentit t\u00eb samitit.<\/span><\/p>\n<p><span style=\"color: #000000;\">\u00c7\u00ebshtja e nd\u00ebrtimit t\u00eb mure n\u00eb kufijt\u00eb e BE-s\u00eb ka qen\u00eb nj\u00eb pik\u00eb e ndezur n\u00eb bisedime, me von der Leyen q\u00eb m\u00eb par\u00eb tha se BE nuk do t\u00eb paguante p\u00ebr mure t\u00eb tilla<\/span><\/p>\n<p><span style=\"color: #000000;\">P\u00ebrpara samitit t\u00eb s\u00eb enjtes, kancelari austriak Karl Nehammer b\u00ebri thirrje q\u00eb BE t\u00eb financoj\u00eb gardhe n\u00eb kufijt\u00eb me vendet fqinje t\u00eb BE-s\u00eb, si Turqia.<\/span><\/p>\n<p><span style=\"color: #000000;\">Kancelari gjerman Olaf Scholz tha se ishte e r\u00ebnd\u00ebsishme q\u00eb an\u00ebtar\u00ebt e BE-s\u00eb t\u00eb punojn\u00eb s\u00eb bashku p\u00ebr migracionin, pavar\u00ebsisht n\u00ebse &#8220;<em>ka t\u00eb b\u00ebj\u00eb me kontrollet n\u00eb kufijt\u00eb e jasht\u00ebm, p\u00ebrmir\u00ebsimin e infrastruktur\u00ebs ose bashk\u00ebpunimin me vendet e origjin\u00ebs dhe tranzitit&#8221;.<\/em><\/span><\/p>\n<p><span style=\"color: #000000;\">Xavier Bettel, kryeministri i Luksemburgut, kritikoi ashp\u00ebr thirrjet p\u00ebr nd\u00ebrtimin e gardheve t\u00eb tilla.<\/span><\/p>\n<p><span style=\"color: #000000;\">\u201c<em>Do t\u00eb ishte turp n\u00ebse n\u00eb Evrop\u00eb do t\u00eb nd\u00ebrtohej nj\u00eb mur me yjet evropiane\u201d,<\/em> tha ai, duke shtuar se p\u00ebr t\u00eb, Evropa do t\u00eb ishte \u201cr\u00ebnia e nj\u00eb muri\u201d.<\/span><\/p>\n<p><span style=\"color: #000000;\">Kryediplomati i BE-s\u00eb, Josep Borrell, tha se &#8220;Fortesa e Evrop\u00ebs&#8221; nuk ishte zgjidhja dhe b\u00ebri thirrje p\u00ebr t&#8217;u ofruar emigrant\u00ebve procese ligjore p\u00ebr t\u00eb hyr\u00eb n\u00eb BE.<\/span><\/p>\n<p><span style=\"color: #000000;\">&#8220;<em>Njer\u00ebzit l\u00ebvizin sepse n\u00eb vendet e tyre nuk ka t\u00eb ardhme, nuk ka paqe, nuk ka stabilitet,&#8221;<\/em> tha ai.<\/span><\/p>\n<p>&nbsp;<\/p>\n","protected":false,"gt_translate_keys":[{"key":"rendered","format":"html"}]},"excerpt":{"rendered":"<p>Udh\u00ebheq\u00ebsit e BE-s\u00eb duan t\u00eb parandalojn\u00eb emigrant\u00ebt q\u00eb t\u00eb k\u00ebrkojn\u00eb azil n\u00eb nj\u00eb vend tjet\u00ebr n\u00eb bllok, n\u00ebse ata tashm\u00eb jan\u00eb refuzuar n\u00eb nj\u00eb vend tjet\u00ebr. Por ata nuk jan\u00eb dakord p\u00ebr nd\u00ebrtimin e nj\u00eb muri n\u00eb kufijt\u00eb e jasht\u00ebm t\u00eb BE-s\u00eb, sipas DW. Presidentja e Komisionit Evropian Ursula von der Leyen tha her\u00ebt t\u00eb [&hellip;]<\/p>\n","protected":false,"gt_translate_keys":[{"key":"rendered","format":"html"}]},"author":30,"featured_media":578877,"comment_status":"closed","ping_status":"closed","sticky":false,"template":"","format":"standard","meta":{"footnotes":""},"categories":[6,1],"tags":[],"class_list":["post-578876","post","type-post","status-publish","format-standard","has-post-thumbnail","hentry","category-nderkombetare","category-uncategorized"],"gt_translate_keys":[{"key":"link","format":"url"}],"_links":{"self":[{"href":"https:\/\/www.hashtag.al\/index.php\/wp-json\/wp\/v2\/posts\/578876","targetHints":{"allow":["GET"]}}],"collection":[{"href":"https:\/\/www.hashtag.al\/index.php\/wp-json\/wp\/v2\/posts"}],"about":[{"href":"https:\/\/www.hashtag.al\/index.php\/wp-json\/wp\/v2\/types\/post"}],"author":[{"embeddable":true,"href":"https:\/\/www.hashtag.al\/index.php\/wp-json\/wp\/v2\/users\/30"}],"replies":[{"embeddable":true,"href":"https:\/\/www.hashtag.al\/index.php\/wp-json\/wp\/v2\/comments?post=578876"}],"version-history":[{"count":0,"href":"https:\/\/www.hashtag.al\/index.php\/wp-json\/wp\/v2\/posts\/578876\/revisions"}],"wp:featuredmedia":[{"embeddable":true,"href":"https:\/\/www.hashtag.al\/index.php\/wp-json\/wp\/v2\/media\/578877"}],"wp:attachment":[{"href":"https:\/\/www.hashtag.al\/index.php\/wp-json\/wp\/v2\/media?parent=578876"}],"wp:term":[{"taxonomy":"category","embeddable":true,"href":"https:\/\/www.hashtag.al\/index.php\/wp-json\/wp\/v2\/categories?post=578876"},{"taxonomy":"post_tag","embeddable":true,"href":"https:\/\/www.hashtag.al\/index.php\/wp-json\/wp\/v2\/tags?post=578876"}],"curies":[{"name":"wp","href":"https:\/\/api.w.org\/{rel}","templated":true}]}}