{"id":578855,"date":"2023-02-11T20:46:03","date_gmt":"2023-02-11T19:46:03","guid":{"rendered":"https:\/\/www.hashtag.al\/?p=578855"},"modified":"2023-02-11T20:46:03","modified_gmt":"2023-02-11T19:46:03","slug":"erion-veliaj-e-pastruam-sheshin-ne-kohe-rekord-nga-mbetjet-e-revolucionit-te-radhes","status":"publish","type":"post","link":"https:\/\/www.hashtag.al\/index.php\/2023\/02\/11\/erion-veliaj-e-pastruam-sheshin-ne-kohe-rekord-nga-mbetjet-e-revolucionit-te-radhes\/","title":{"rendered":"Erion Veliaj: E pastruam sheshin n\u00eb koh\u00eb rekord nga mbetjet e revolucionit\u00a0t\u00eb\u00a0radh\u00ebs","gt_translate_keys":[{"key":"rendered","format":"text"}]},"content":{"rendered":"<p><span style=\"color: #000000;\"><a style=\"color: #000000;\" href=\"https:\/\/www.hashtag.al\/wp-content\/uploads\/2023\/02\/erv-1.jpg\"><img loading=\"lazy\" decoding=\"async\" class=\"aligncenter size-full wp-image-578857\" src=\"https:\/\/www.hashtag.al\/wp-content\/uploads\/2023\/02\/erv-1.jpg\" alt=\"\" width=\"739\" height=\"502\" srcset=\"https:\/\/www.hashtag.al\/wp-content\/uploads\/2023\/02\/erv-1.jpg 739w, https:\/\/www.hashtag.al\/wp-content\/uploads\/2023\/02\/erv-1-300x204.jpg 300w\" sizes=\"auto, (max-width: 739px) 100vw, 739px\" \/><\/a><\/span><\/p>\n<p><span style=\"color: #000000;\">Pas largimit t\u00eb protestuesve s\u00eb dit\u00ebs s\u00eb sotme p\u00ebrpara kryeministris\u00eb, kryetari i Bashkis\u00eb Tiran\u00eb Erion Veliaj, me nota ironike ka shp\u00ebrndar\u00eb nj\u00eb status n\u00eb Facebook, ku falenderon skuadr\u00ebn fantastike si\u00e7 e quan ai, p\u00ebr pastrimin dhe rikuperimin e hap\u00ebsirave publike pas \u2018revolucionit\u2019 t\u00eb rradh\u00ebs.<\/span><\/p>\n<p><span style=\"color: #000000;\">\u201c<em>Falemnderit skuadr\u00ebs fantastike t\u00eb pastrimit e riparimeve t\u00eb Bashkia Tiran\u00eb p\u00ebr rikuperimin n\u00eb koh\u00eb rekord t\u00eb hap\u00ebsirave publike pas &#8220;revolucionit&#8221; t\u00eb radh\u00ebs! <\/em><\/span><\/p>\n<p><span style=\"color: #000000;\"><em>\u00c7do gj\u00eb xix\u00eb, p\u00ebr nj\u00eb fundjav\u00eb t\u00eb bukur t\u00eb familjeve t\u00eb Tiran\u00ebs t\u00eb majta e t\u00eb djathta, n\u00eb 103-vjetorin Kryeqytet!<\/em> \u201c \u2013shkruan Veliaj.<\/span><\/p>\n<p><a href=\"https:\/\/www.hashtag.al\/wp-content\/uploads\/2023\/02\/erv-2.jpg\"><img loading=\"lazy\" decoding=\"async\" class=\"aligncenter size-full wp-image-578858\" src=\"https:\/\/www.hashtag.al\/wp-content\/uploads\/2023\/02\/erv-2.jpg\" alt=\"\" width=\"739\" height=\"1600\" srcset=\"https:\/\/www.hashtag.al\/wp-content\/uploads\/2023\/02\/erv-2.jpg 739w, https:\/\/www.hashtag.al\/wp-content\/uploads\/2023\/02\/erv-2-139x300.jpg 139w, https:\/\/www.hashtag.al\/wp-content\/uploads\/2023\/02\/erv-2-473x1024.jpg 473w, https:\/\/www.hashtag.al\/wp-content\/uploads\/2023\/02\/erv-2-709x1536.jpg 709w\" sizes=\"auto, (max-width: 739px) 100vw, 739px\" \/><\/a><\/p>\n","protected":false,"gt_translate_keys":[{"key":"rendered","format":"html"}]},"excerpt":{"rendered":"<p>Pas largimit t\u00eb protestuesve s\u00eb dit\u00ebs s\u00eb sotme p\u00ebrpara kryeministris\u00eb, kryetari i Bashkis\u00eb Tiran\u00eb Erion Veliaj, me nota ironike ka shp\u00ebrndar\u00eb nj\u00eb status n\u00eb Facebook, ku falenderon skuadr\u00ebn fantastike si\u00e7 e quan ai, p\u00ebr pastrimin dhe rikuperimin e hap\u00ebsirave publike pas \u2018revolucionit\u2019 t\u00eb rradh\u00ebs. \u201cFalemnderit skuadr\u00ebs fantastike t\u00eb pastrimit e riparimeve t\u00eb Bashkia Tiran\u00eb p\u00ebr [&hellip;]<\/p>\n","protected":false,"gt_translate_keys":[{"key":"rendered","format":"html"}]},"author":30,"featured_media":578857,"comment_status":"closed","ping_status":"closed","sticky":false,"template":"","format":"standard","meta":{"footnotes":""},"categories":[65],"tags":[],"class_list":["post-578855","post","type-post","status-publish","format-standard","has-post-thumbnail","hentry","category-lajme"],"gt_translate_keys":[{"key":"link","format":"url"}],"_links":{"self":[{"href":"https:\/\/www.hashtag.al\/index.php\/wp-json\/wp\/v2\/posts\/578855","targetHints":{"allow":["GET"]}}],"collection":[{"href":"https:\/\/www.hashtag.al\/index.php\/wp-json\/wp\/v2\/posts"}],"about":[{"href":"https:\/\/www.hashtag.al\/index.php\/wp-json\/wp\/v2\/types\/post"}],"author":[{"embeddable":true,"href":"https:\/\/www.hashtag.al\/index.php\/wp-json\/wp\/v2\/users\/30"}],"replies":[{"embeddable":true,"href":"https:\/\/www.hashtag.al\/index.php\/wp-json\/wp\/v2\/comments?post=578855"}],"version-history":[{"count":0,"href":"https:\/\/www.hashtag.al\/index.php\/wp-json\/wp\/v2\/posts\/578855\/revisions"}],"wp:featuredmedia":[{"embeddable":true,"href":"https:\/\/www.hashtag.al\/index.php\/wp-json\/wp\/v2\/media\/578857"}],"wp:attachment":[{"href":"https:\/\/www.hashtag.al\/index.php\/wp-json\/wp\/v2\/media?parent=578855"}],"wp:term":[{"taxonomy":"category","embeddable":true,"href":"https:\/\/www.hashtag.al\/index.php\/wp-json\/wp\/v2\/categories?post=578855"},{"taxonomy":"post_tag","embeddable":true,"href":"https:\/\/www.hashtag.al\/index.php\/wp-json\/wp\/v2\/tags?post=578855"}],"curies":[{"name":"wp","href":"https:\/\/api.w.org\/{rel}","templated":true}]}}