{"id":578837,"date":"2023-02-11T19:26:06","date_gmt":"2023-02-11T18:26:06","guid":{"rendered":"https:\/\/www.hashtag.al\/?p=578837"},"modified":"2023-02-11T19:26:06","modified_gmt":"2023-02-11T18:26:06","slug":"berisha-akuzonte-meten-per-vrasje-dy-qendrimet-kontradiktore-te-berishes-per-aleatin-e-tij-kryesor","status":"publish","type":"post","link":"https:\/\/www.hashtag.al\/index.php\/2023\/02\/11\/berisha-akuzonte-meten-per-vrasje-dy-qendrimet-kontradiktore-te-berishes-per-aleatin-e-tij-kryesor\/","title":{"rendered":"Berisha akuzonte Met\u00ebn p\u00ebr vrasje\/ Dy q\u00ebndrimet kontradiktore t\u00eb Berish\u00ebs p\u00ebr aleatin e tij kryesor","gt_translate_keys":[{"key":"rendered","format":"text"}]},"content":{"rendered":"<p><span style=\"color: #000000;\"><a style=\"color: #000000;\" href=\"https:\/\/www.hashtag.al\/wp-content\/uploads\/2023\/02\/meta-berisha.jpg\"><img loading=\"lazy\" decoding=\"async\" class=\"aligncenter size-full wp-image-578838\" src=\"https:\/\/www.hashtag.al\/wp-content\/uploads\/2023\/02\/meta-berisha.jpg\" alt=\"\" width=\"640\" height=\"336\" srcset=\"https:\/\/www.hashtag.al\/wp-content\/uploads\/2023\/02\/meta-berisha.jpg 640w, https:\/\/www.hashtag.al\/wp-content\/uploads\/2023\/02\/meta-berisha-300x158.jpg 300w\" sizes=\"auto, (max-width: 640px) 100vw, 640px\" \/><\/a><\/span><\/p>\n<p>&nbsp;<\/p>\n<p><span style=\"color: #000000;\">N\u00eb protest\u00ebn e opozit\u00ebs n\u00eb krye jan\u00eb dy personazhet kryesore Sali Berisha dhe Ilir Meta.<\/span><\/p>\n<p><span style=\"color: #000000;\">Marrdh\u00ebnia mes tyre ka qen\u00eb e trazuar, gati nj\u00eb dashuri \u2013 urretje. T\u00eb dy jan\u00eb p\u00ebrplasur ashp\u00ebr me akuza t\u00eb r\u00ebnda por edhe kan\u00eb b\u00ebr\u00eb aleanca. Nj\u00eb dit\u00eb para protest\u00ebs, Berisha fliste p\u00ebr agjentin e FBI duke akuzuar Ram\u00ebn, sipas Berish\u00ebs kryeministri ka nxitur Tom Doshin q\u00eb t\u00eb akuzonte Met\u00ebn p\u00ebr komplot p\u00ebr vrasje dhe se ishte qeveria ajo q\u00eb organizoi takimin me agjent\u00ebt e FBI.<\/span><\/p>\n<p>&nbsp;<\/p>\n<p><span style=\"color: #000000;\"><strong>10.2.2023<\/strong><\/span><\/p>\n<p>&nbsp;<\/p>\n<p>&nbsp;<\/p>\n<p><span style=\"color: #000000;\"><strong>Berisha<\/strong>:\u00a0 Toma paguante 5 milion\u00eb euro p\u00ebr hetim, McGonigalit, p\u00ebr t\u00eb hetuar gjoja atentatin q\u00eb gjoja i kishin organizuar. Pra hetimi n\u00eb Vjen\u00eb, nuk u organizua nga Toma, por u organizua nga qeveria p\u00ebr Tom\u00ebn, me q\u00ebllimin q\u00eb njeriun q\u00eb kishte zgjedhur p\u00ebr president, ta akuzonte p\u00ebr vras\u00ebs. E keni parasysh se \u00e7far\u00eb i thoshte Durim Bami, Tom\u00ebs, q\u00eb m\u00eb ka thirrur Ilir Meta dhe m\u00eb ka b\u00ebr\u00eb k\u00ebto e k\u00ebto.<\/span><\/p>\n<p>&nbsp;<\/p>\n<p><span style=\"color: #000000;\">Kryek\u00ebput ndryshe nga q\u00ebndrimet dhe deklarata e Berish\u00ebs n\u00eb vitin 2015 kur Tom Doshi denoncoi at\u00eb q\u00eb u quajt plan p\u00ebr ta vrar\u00eb. N\u00eb at\u00eb koh\u00eb Sali Berisha akuzonte Ilir Met\u00ebn se kishte porositur vrasje. T\u00eb dy u p\u00ebrplasen ashp\u00ebr n\u00eb seanc\u00ebn e kuvendit t\u00eb dat\u00ebs 5 mars t\u00eb vitit 2015. Le ta risjellim.<\/span><\/p>\n<p>&nbsp;<\/p>\n<p><span style=\"color: #000000;\"><strong>5.3.2015<\/strong><\/span><\/p>\n<p><span style=\"color: #000000;\"><strong>Sali Berisha:<\/strong> T\u00eb kam denoncuar n\u00eb Parlament\u2026<\/span><\/p>\n<p><span style=\"color: #000000;\"><strong>Ilir Meta<\/strong>: E nise si lider demokracie dhe po e mbaron si aksioner pularie. Ky mezi po priste t\u00eb ndodhte vrasja brenda maxhoranc\u00ebs<\/span><\/p>\n<p><span style=\"color: #000000;\"><strong>Sali Berisha:<\/strong> Logjik\u00eb njer\u00ebzore mbi tok\u00eb, p\u00ebrve\u00e7 logjik\u00ebs s\u00eb Ilir Met\u00ebs, k\u00ebt\u00eb nuk mund ta pranonte askush tjet\u00ebr, p\u00ebrve\u00e7 logjik\u00ebs s\u00eb atij q\u00eb do t\u00eb kapet pas \u00e7do fije bari. Sot n\u00eb bot\u00eb nuk ka kryetar Parlamenti t\u00eb akuzuar n\u00eb k\u00ebt\u00eb m\u00ebnyr\u00eb, nga nj\u00eb deputet i maxhoranc\u00ebs<\/span><\/p>\n<p><span style=\"color: #000000;\"><strong>Ilir Meta<\/strong>: Nga cili deputet?<\/span><\/p>\n<p><span style=\"color: #000000;\"><strong>Sali Berisha<\/strong>: Nga deputeti Tom Doshi<\/span><\/p>\n<p><span style=\"color: #000000;\"><strong>Ilir Meta:<\/strong> \u00cbsht\u00eb miku juaj prej disa muajsh\u2026<\/span><\/p>\n<p><span style=\"color: #000000;\"><strong>Sali Berisha:<\/strong> Vet\u00ebm sa fakton shkall\u00ebn e krimit, sepse mor i mjer\u00eb\u2026!<\/span><\/p>\n<p><span style=\"color: #000000;\"><strong>Ilir Meta:<\/strong> Kush \u00ebsht\u00eb i mjer\u00eb?<\/span><\/p>\n<p><span style=\"color: #000000;\"><strong>Sali Berisha:<\/strong> Ai q\u00eb mendon q\u00eb mund t\u00eb shes\u00eb Doshin, si njeri t\u00eb Sali Berish\u00ebs. Tom Doshi \u00ebsht\u00eb njeriu m\u00eb i sulmuar nga Sali Berisha, bashk\u00eb me Ko\u00e7o Kok\u00ebdhim\u00ebn. Ajo qe opozita k\u00ebrkon me ngulm dhe e ka k\u00ebrkes\u00eb t\u00eb panegociueshme \u00ebsht\u00eb dor\u00ebheqja e kryetarit t\u00eb Kuvendit, Ilir Meta p\u00ebr t\u2019i hapur rrug\u00eb, si\u00e7 thot\u00eb, mund\u00ebsis\u00eb s\u00eb nj\u00eb hetimi t\u00eb papenguar nga pushteti.<\/span><\/p>\n<p><span style=\"color: #000000;\"><strong>Sali Berisha<\/strong>: Hapni rrug\u00ebn e hetimit! Jep dor\u00ebheqjen nga Parlamenti! Mos shfryt\u00ebzo votat e krimit p\u00ebr t\u00eb q\u00ebndruar n\u00eb postin q\u00eb je. Je kok\u00eb e qelbur! Jep dor\u00ebheqjen!<\/span><\/p>\n<p><span style=\"color: #000000;\"><strong>Ilir Meta<\/strong>: Mos ul\u00ebrit, doktor, t\u00eb lutem! Jepjani ila\u00e7et doktorit, sepse kemi p\u00ebrgjegj\u00ebsi p\u00ebr sh\u00ebndetin e doktorit! P\u00ebrgjigjja ime p\u00ebr sa thua doktor \u00ebsht\u00eb kjo: Un\u00eb p\u00ebr ty b\u00ebj \u00e7do sakrific\u00eb, por p\u00ebr Shk\u00eblzen Berish\u00ebn e kam dh\u00ebn\u00eb nj\u00eb her\u00eb dor\u00ebheqjen, dy her\u00eb nuk e jap p\u00ebr Shk\u00eblzen Berish\u00ebn. Mos u b\u00ebj pjes\u00eb e \u2018pu\u00e7it t\u00eb pularis\u00eb\u2019 me Tom Doshin dhe Dritan Priftin si aksioner. Po ta b\u00ebj k\u00ebt\u00eb gj\u00eb n\u00eb m\u00ebnyr\u00ebn m\u00eb miq\u00ebsore, p\u00ebr ty b\u00ebj \u00e7do gj\u00eb, por jo p\u00ebr Zenin\u2026<\/span><\/p>\n<p><span style=\"color: #000000;\"><strong>Ilir Meta:<\/strong> Ulu tani doktor, se nuk ke mosh\u00eb p\u00ebr t\u00eb ngrohur vez\u00ebt e krimit! Ti je njeri serioz\u2026Ti t\u00eb jesh i bindur se do t\u00eb p\u00ebrfundosh an\u00ebtar i partis\u00eb s\u00eb Tom\u00ebs. Toma e ka gabim q\u00eb t\u00eb hap\u00eb parti t\u00eb re, se gati e ka partin\u00eb Toma\u2026<\/span><\/p>\n<p><span style=\"color: #000000;\"><strong>Sali Berisha<\/strong>: K\u00ebto jan\u00eb p\u00ebrp\u00eblitjet e atij q\u00eb mbytet, por ti s\u2019mund t\u00eb mbys\u00ebsh vendin p\u00ebr veten t\u00ebnde!<\/span><\/p>\n<p><span style=\"color: #000000;\"><strong>Ilir Meta:<\/strong> P\u00ebr Zenin dhe p\u00ebr Dritan Priftin e kam dh\u00ebn\u00eb nj\u00ebher\u00eb dor\u00ebheqjen. Se t\u00eb k\u00ebrc\u00ebnon ty Dritani, me videot e Zenit dhe bashk\u00eb me Tom\u00ebn kjo \u00ebsht\u00eb \u00e7\u00ebshtje tjet\u00ebr nuk \u00ebsht\u00eb \u00e7\u00ebshtja im<\/span><\/p>\n<p><span style=\"color: #000000;\"><strong>Sali Berisha<\/strong>: Un\u00eb u them shqiptar\u00ebve, q\u00eb ky (Meta) \u00ebsht\u00eb e zeza e vendit.<\/span><\/p>\n<p><span style=\"color: #000000;\"><strong>Sali Berisha:<\/strong> Ngjarjet nuk zbardhen me ty kryetar parlamenti. P\u00ebr 700 mij\u00eb euro dhe dor\u00ebheqjen her\u00ebn e par\u00eb\u2026<\/span><\/p>\n<p><span style=\"color: #000000;\"><strong>Ilir Meta:<\/strong> E dhash\u00eb prej Shk\u00eblzenit dor\u00ebheqjen, sepse Shk\u00eblzeni ishte n\u00eb videot e Dritan Priftit dhe m\u00eb the: \u2018shiko cfar\u00eb m\u00eb ka b\u00ebr\u00eb ky budallai!\u2019 Vazhdo merr mendjen e Shk\u00eblzenit akoma, \u00e7far\u00eb t\u00eb b\u00ebj un\u00eb.<\/span><\/p>\n<p><span style=\"color: #000000;\"><strong>Sali Berisha:<\/strong> Me k\u00ebto gj\u00ebra q\u00eb thua vet\u00ebm e zhyt veten m\u00eb thell\u00eb. Ne kurr\u00eb s\u2019do t\u00eb pranojm\u00eb q\u00eb Parlamentin ta udh\u00ebheq\u00eb nj\u00eb njeri i akuzuar p\u00ebr dy vrasje.<\/span><\/p>\n<p><span style=\"color: #000000;\">Q\u00eb t\u00eb dy kan\u00eb akuzuar nj\u00ebri tjetrin p\u00ebr vrasje, korrupsion dhe krime. T\u00eb gjitha u harruan p\u00ebr hir t\u00eb pushtetit dhe imunitetit nga pushteti. Sot ata dol\u00ebn n\u00eb protest\u00eb kund\u00ebr penges\u00ebs kryesore q\u00eb i ndalon t\u00eb rikthehen si dikur t\u00eb papreksh\u00ebm<\/span><\/p>\n<p><span style=\"color: #000000;\"><span style=\"color: #ff0000;\">VINI RE<\/span>: Ky material \u00ebsht\u00eb pron\u00ebsi intelektuale e<a href=\"https:\/\/top-channel.tv\/video\/top-channel-berisha-akuzonte-meten-per-vrasje-dy-qendrimet-kontradiktore-per-aleatin-e-tij-kryesor\/\"><span style=\"color: #0000ff;\"> Top Channel<\/span><\/a><\/span><\/p>\n","protected":false,"gt_translate_keys":[{"key":"rendered","format":"html"}]},"excerpt":{"rendered":"<p>&nbsp; N\u00eb protest\u00ebn e opozit\u00ebs n\u00eb krye jan\u00eb dy personazhet kryesore Sali Berisha dhe Ilir Meta. Marrdh\u00ebnia mes tyre ka qen\u00eb e trazuar, gati nj\u00eb dashuri \u2013 urretje. T\u00eb dy jan\u00eb p\u00ebrplasur ashp\u00ebr me akuza t\u00eb r\u00ebnda por edhe kan\u00eb b\u00ebr\u00eb aleanca. Nj\u00eb dit\u00eb para protest\u00ebs, Berisha fliste p\u00ebr agjentin e FBI duke akuzuar Ram\u00ebn, [&hellip;]<\/p>\n","protected":false,"gt_translate_keys":[{"key":"rendered","format":"html"}]},"author":30,"featured_media":578838,"comment_status":"closed","ping_status":"closed","sticky":false,"template":"","format":"standard","meta":{"footnotes":""},"categories":[65],"tags":[],"class_list":["post-578837","post","type-post","status-publish","format-standard","has-post-thumbnail","hentry","category-lajme"],"gt_translate_keys":[{"key":"link","format":"url"}],"_links":{"self":[{"href":"https:\/\/www.hashtag.al\/index.php\/wp-json\/wp\/v2\/posts\/578837","targetHints":{"allow":["GET"]}}],"collection":[{"href":"https:\/\/www.hashtag.al\/index.php\/wp-json\/wp\/v2\/posts"}],"about":[{"href":"https:\/\/www.hashtag.al\/index.php\/wp-json\/wp\/v2\/types\/post"}],"author":[{"embeddable":true,"href":"https:\/\/www.hashtag.al\/index.php\/wp-json\/wp\/v2\/users\/30"}],"replies":[{"embeddable":true,"href":"https:\/\/www.hashtag.al\/index.php\/wp-json\/wp\/v2\/comments?post=578837"}],"version-history":[{"count":0,"href":"https:\/\/www.hashtag.al\/index.php\/wp-json\/wp\/v2\/posts\/578837\/revisions"}],"wp:featuredmedia":[{"embeddable":true,"href":"https:\/\/www.hashtag.al\/index.php\/wp-json\/wp\/v2\/media\/578838"}],"wp:attachment":[{"href":"https:\/\/www.hashtag.al\/index.php\/wp-json\/wp\/v2\/media?parent=578837"}],"wp:term":[{"taxonomy":"category","embeddable":true,"href":"https:\/\/www.hashtag.al\/index.php\/wp-json\/wp\/v2\/categories?post=578837"},{"taxonomy":"post_tag","embeddable":true,"href":"https:\/\/www.hashtag.al\/index.php\/wp-json\/wp\/v2\/tags?post=578837"}],"curies":[{"name":"wp","href":"https:\/\/api.w.org\/{rel}","templated":true}]}}