{"id":578363,"date":"2023-02-09T14:08:55","date_gmt":"2023-02-09T13:08:55","guid":{"rendered":"https:\/\/www.hashtag.al\/?p=578363"},"modified":"2023-02-09T14:08:55","modified_gmt":"2023-02-09T13:08:55","slug":"mediu-dosja-e-spak-ska-lidhje-me-tragjedine-e-gerdecit-proces-politik-e-mediatik","status":"publish","type":"post","link":"https:\/\/www.hashtag.al\/index.php\/2023\/02\/09\/mediu-dosja-e-spak-ska-lidhje-me-tragjedine-e-gerdecit-proces-politik-e-mediatik\/","title":{"rendered":"Mediu: Dosja e SPAK s\u2019ka lidhje me tragjedin\u00eb e G\u00ebrdecit, proces politik e mediatik","gt_translate_keys":[{"key":"rendered","format":"text"}]},"content":{"rendered":"<p><span style=\"color: #000000;\"><a style=\"color: #000000;\" href=\"https:\/\/www.hashtag.al\/wp-content\/uploads\/2023\/02\/mediu.jpeg\"><img loading=\"lazy\" decoding=\"async\" class=\"aligncenter size-full wp-image-578364\" src=\"https:\/\/www.hashtag.al\/wp-content\/uploads\/2023\/02\/mediu.jpeg\" alt=\"\" width=\"789\" height=\"406\" srcset=\"https:\/\/www.hashtag.al\/wp-content\/uploads\/2023\/02\/mediu.jpeg 789w, https:\/\/www.hashtag.al\/wp-content\/uploads\/2023\/02\/mediu-300x154.jpeg 300w, https:\/\/www.hashtag.al\/wp-content\/uploads\/2023\/02\/mediu-768x395.jpeg 768w\" sizes=\"auto, (max-width: 789px) 100vw, 789px\" \/><\/a><\/span><\/p>\n<p><span style=\"color: #000000;\">Ish-Ministri i Mbrojtjes, Fatmir Mediu e konsideroi proces t\u00ebr\u00ebsisht politik dhe mediatik d\u00ebrgimin p\u00ebr gjykim t\u00eb dosjes G\u00ebrdeci.<\/span><\/p>\n<p><span style=\"color: #000000;\">Sipas tij procesi nuk ka lidhje me tragjedin\u00eb e G\u00ebrdecit.<\/span><\/p>\n<p><span style=\"color: #000000;\">\u201c<em>Proces politik dhe mediat q\u00eb nuk ka t\u00eb b\u00ebj\u00eb me \u00e7\u00ebshtjen e G\u00ebrdecit. Kjo \u00e7\u00ebshtje e 2009 \u00ebsht\u00eb p\u00ebrcjell\u00eb pa asnj\u00eb shtes\u00eb, po me t\u00eb nj\u00ebjt\u00ebn dosje dhe prokuror\u00eb, dhe p\u00ebr m\u00eb tep\u00ebr nga pik\u00ebpamja procedurale \u00ebsht\u00eb nj\u00eb \u00e7\u00ebshtje e parashkruar, dhe sillet p\u00ebr interesa q\u00eb nuk kan\u00eb t\u00eb b\u00ebjn\u00eb me tragjedin\u00eb. Nuk mund t\u2019i b\u00ebj interpretim tjet\u00ebr.<\/em><\/span><\/p>\n<p><span style=\"color: #000000;\"><em>Kjo \u00e7\u00ebshtje sa her\u00eb ka pasur zgjedhje \u00ebsht\u00eb risjell\u00eb n\u00eb v\u00ebmendje. Ideja p\u00ebr ta marr\u00eb nga hi\u00e7i k\u00ebt\u00eb dosje p\u00ebr ta sjell\u00eb nga prokuror\u00ebt e SPAK, nd\u00ebrkoh\u00eb q\u00eb ka qen\u00eb n\u00eb Prokurorin\u00eb e P\u00ebrgjithshme, e cila kur \u00ebsht\u00eb k\u00ebrkuar t\u00eb rihapet \u00e7\u00ebshtja ka th\u00ebn\u00eb se nuk ka baz\u00eb ligjore, sillet p\u00ebr interesa q\u00eb nuk kan\u00eb t\u00eb b\u00ebjn\u00eb me \u00e7\u00ebshtjen<\/em>\u201d, shprehet Mediu p\u00ebr Ne\u00ebs 24.<\/span><\/p>\n<p><span style=\"color: #000000;\">Nga ana tjet\u00ebr ai u shpreh se prokuroria n\u00eb at\u00eb koh\u00eb, nd\u00ebrtoi sipas tij nj\u00eb fabul ku thuhej se demontimet kryheshin me q\u00ebllime kriminale, gj\u00eb q\u00eb sipas tij \u00ebsht\u00eb absurde.<\/span><\/p>\n<p><span style=\"color: #000000;\">\u201c<em>Prokuroria n\u00eb at\u00eb koh\u00eb nd\u00ebrtoi nj\u00eb fabul se demontimet b\u00ebheshin p\u00ebr q\u00ebllime kriminale, gj\u00eb q\u00eb \u00ebsht\u00eb absurde dhe \u00ebsht\u00eb b\u00ebr\u00eb para se t\u00eb isha minist\u00ebr, dhe ka qen\u00eb detyrim sipas strategjis\u00eb s\u00eb siguris\u00eb komb\u00ebtare. Ishte nj\u00eb baz\u00eb ligjore dhe fillon me ligjin p\u00ebr pushtet dhe autoritete. Proceset e demontimeve kan\u00eb pasur viktima, nuk ka qen\u00eb vet\u00ebm n\u00eb G\u00ebrdec. T\u00eb tilla jan\u00eb proceset, me rrezikshm\u00ebri jo t\u00eb vog\u00ebl. Pas G\u00ebrdecit n\u00eb Poli\u00e7an kemi pasur nj\u00eb viktim\u00eb n\u00eb fabrik\u00ebn e demontimit t\u00eb municioneve<\/em>\u201d, pohoi ai.<\/span><\/p>\n<p><span style=\"color: #000000;\">SPAK n\u00eb njoftimin zyrtar ka deklaruar se ka ndar\u00eb nj\u00eb \u00e7\u00ebshtje penale ku po heton p\u00ebr vepr\u00ebn penale t\u00eb korrupsionit.<\/span><\/p>\n","protected":false,"gt_translate_keys":[{"key":"rendered","format":"html"}]},"excerpt":{"rendered":"<p>Ish-Ministri i Mbrojtjes, Fatmir Mediu e konsideroi proces t\u00ebr\u00ebsisht politik dhe mediatik d\u00ebrgimin p\u00ebr gjykim t\u00eb dosjes G\u00ebrdeci. Sipas tij procesi nuk ka lidhje me tragjedin\u00eb e G\u00ebrdecit. \u201cProces politik dhe mediat q\u00eb nuk ka t\u00eb b\u00ebj\u00eb me \u00e7\u00ebshtjen e G\u00ebrdecit. Kjo \u00e7\u00ebshtje e 2009 \u00ebsht\u00eb p\u00ebrcjell\u00eb pa asnj\u00eb shtes\u00eb, po me t\u00eb nj\u00ebjt\u00ebn dosje [&hellip;]<\/p>\n","protected":false,"gt_translate_keys":[{"key":"rendered","format":"html"}]},"author":32,"featured_media":578364,"comment_status":"closed","ping_status":"closed","sticky":false,"template":"","format":"standard","meta":{"footnotes":""},"categories":[65,13],"tags":[],"class_list":["post-578363","post","type-post","status-publish","format-standard","has-post-thumbnail","hentry","category-lajme","category-te-fundit"],"gt_translate_keys":[{"key":"link","format":"url"}],"_links":{"self":[{"href":"https:\/\/www.hashtag.al\/index.php\/wp-json\/wp\/v2\/posts\/578363","targetHints":{"allow":["GET"]}}],"collection":[{"href":"https:\/\/www.hashtag.al\/index.php\/wp-json\/wp\/v2\/posts"}],"about":[{"href":"https:\/\/www.hashtag.al\/index.php\/wp-json\/wp\/v2\/types\/post"}],"author":[{"embeddable":true,"href":"https:\/\/www.hashtag.al\/index.php\/wp-json\/wp\/v2\/users\/32"}],"replies":[{"embeddable":true,"href":"https:\/\/www.hashtag.al\/index.php\/wp-json\/wp\/v2\/comments?post=578363"}],"version-history":[{"count":0,"href":"https:\/\/www.hashtag.al\/index.php\/wp-json\/wp\/v2\/posts\/578363\/revisions"}],"wp:featuredmedia":[{"embeddable":true,"href":"https:\/\/www.hashtag.al\/index.php\/wp-json\/wp\/v2\/media\/578364"}],"wp:attachment":[{"href":"https:\/\/www.hashtag.al\/index.php\/wp-json\/wp\/v2\/media?parent=578363"}],"wp:term":[{"taxonomy":"category","embeddable":true,"href":"https:\/\/www.hashtag.al\/index.php\/wp-json\/wp\/v2\/categories?post=578363"},{"taxonomy":"post_tag","embeddable":true,"href":"https:\/\/www.hashtag.al\/index.php\/wp-json\/wp\/v2\/tags?post=578363"}],"curies":[{"name":"wp","href":"https:\/\/api.w.org\/{rel}","templated":true}]}}