{"id":578211,"date":"2023-02-08T19:24:17","date_gmt":"2023-02-08T18:24:17","guid":{"rendered":"https:\/\/www.hashtag.al\/?p=578211"},"modified":"2023-02-08T19:24:17","modified_gmt":"2023-02-08T18:24:17","slug":"goditen-mjeken-ne-spitalin-infektiv-dhe-demtuan-spitalin-arrestohen-dy-persona","status":"publish","type":"post","link":"https:\/\/www.hashtag.al\/index.php\/2023\/02\/08\/goditen-mjeken-ne-spitalin-infektiv-dhe-demtuan-spitalin-arrestohen-dy-persona\/","title":{"rendered":"Godit\u00ebn mjeken n\u00eb spitalin infektiv dhe d\u00ebmtuan spitalin, arrestohen dy persona","gt_translate_keys":[{"key":"rendered","format":"text"}]},"content":{"rendered":"<p><span style=\"color: #000000;\"><a style=\"color: #000000;\" href=\"https:\/\/www.hashtag.al\/wp-content\/uploads\/2021\/10\/infektivi.jpg\"><img loading=\"lazy\" decoding=\"async\" class=\"aligncenter size-full wp-image-481097\" src=\"https:\/\/www.hashtag.al\/wp-content\/uploads\/2021\/10\/infektivi.jpg\" alt=\"\" width=\"1280\" height=\"720\" srcset=\"https:\/\/www.hashtag.al\/wp-content\/uploads\/2021\/10\/infektivi.jpg 1280w, https:\/\/www.hashtag.al\/wp-content\/uploads\/2021\/10\/infektivi-300x169.jpg 300w, https:\/\/www.hashtag.al\/wp-content\/uploads\/2021\/10\/infektivi-768x432.jpg 768w, https:\/\/www.hashtag.al\/wp-content\/uploads\/2021\/10\/infektivi-1024x576.jpg 1024w\" sizes=\"auto, (max-width: 1280px) 100vw, 1280px\" \/><\/a><\/span><\/p>\n<p><span style=\"color: #000000;\">Dy persona jan\u00eb arrestuar dhe tre t\u00eb tjer\u00eb jan\u00eb proceduar penalisht pasi godit\u00ebn p\u00ebr shkak t\u00eb detyr\u00ebs nj\u00eb mjeke n\u00eb Spitalin Infektiv n\u00eb Tiran\u00eb si dhe d\u00ebmtuan dyert dhe dritaret e spitalit.<\/span><\/p>\n<p><span style=\"color: #000000;\">Policia arrestoi n\u00eb flagranc\u00eb shtetasit I. S., 41 vje\u00e7 dhe B. B., 54 vje\u00e7, t\u00eb dy banues n\u00eb Tiran\u00eb si dhe nisi procedimi penal n\u00eb gjendje t\u00eb lir\u00eb p\u00ebr shtetasit: K. S., 50 vje\u00e7 (me precedent t\u00eb m\u00ebparsh\u00ebm penal), E. Xh., 47 vje\u00e7 dhe A. M., 55 vje\u00e7.<\/span><\/p>\n<p><span style=\"color: #000000;\">\u201c<em>Specialist\u00ebt p\u00ebr Hetimin e Krimeve t\u00eb Komisariatit t\u00eb Policis\u00eb Nr. 4, pas marrjes s\u00eb njoftimit se disa shtetas kishin goditur p\u00ebr shkak t\u00eb detyr\u00ebs nj\u00eb mjeke dhe kishin d\u00ebmtuar ambientet e spitalit ku ajo punonte, kan\u00eb organizuar menj\u00ebher\u00eb pun\u00ebn p\u00ebr identifikimin dhe kapjen e autor\u00ebve. <\/em><\/span><\/p>\n<p><span style=\"color: #000000;\"><em>Si rezultat i veprimeve t\u00eb shpejta nga sh\u00ebrbimet e Policis\u00eb, u arrestuan n\u00eb flagranc\u00eb shtetasit I. S., 41 vje\u00e7 dhe B. B., 54 vje\u00e7, t\u00eb dy banues n\u00eb Tiran\u00eb. <\/em><\/span><\/p>\n<p><span style=\"color: #000000;\"><em>Gjithashtu, u referuan materialet n\u00eb Prokurori dhe nisi procedimi penal n\u00eb gjendje t\u00eb lir\u00eb p\u00ebr shtetasit: K. S., 50 vje\u00e7 (me precedent t\u00eb m\u00ebparsh\u00ebm penal), E. Xh., 47 vje\u00e7 dhe A. M., 55 vje\u00e7. <\/em><\/span><\/p>\n<p><span style=\"color: #000000;\"><em>K\u00ebta shtetas, rreth or\u00ebs 02:00 t\u00eb dit\u00ebs s\u00eb sotme, n\u00eb ambientet e nj\u00eb spitali shtet\u00ebror, kan\u00eb goditur me grushte, p\u00ebr shkak t\u00eb detyr\u00ebs, nj\u00eb mjeke t\u00eb k\u00ebtij spitali, me pretendimin p\u00ebr neglizhenc\u00eb mjek\u00ebsore ndaj nj\u00eb t\u00eb af\u00ebrmi t\u00eb tyre, q\u00eb mjekohej n\u00eb k\u00ebt\u00eb spital, si dhe kan\u00eb d\u00ebmtuar dyert dhe dritaret e k\u00ebtij institucioni. <\/em><\/span><\/p>\n<p><span style=\"color: #000000;\"><em>Gjithashtu, k\u00ebta shtetas nuk iu jan\u00eb bindur urdhrave t\u00eb punonj\u00ebsve t\u00eb Policis\u00eb q\u00eb shkuan n\u00eb vendin e ngjarjes, menj\u00ebher\u00eb pas marrjes s\u00eb njoftimit p\u00ebr k\u00ebt\u00eb rast. <\/em><\/span><\/p>\n<p><span style=\"color: #000000;\"><em>Materialet i kaluan Prokuroris\u00eb pran\u00eb Gjykat\u00ebs s\u00eb Rrethit Gjyq\u00ebsor Tiran\u00eb, p\u00ebr veprat penale \u201cGoditje p\u00ebr shkak detyr\u00ebs&#8221;, \u201cMosbindja ndaj urdhrit t\u00eb punonj\u00ebsit t\u00eb Policis\u00eb s\u00eb rendit publik\u201d dhe \u201cShkat\u00ebrrimi i pron\u00ebs\u201d, t\u00eb kryera n\u00eb bashk\u00ebpunim\u201d-<\/em>njofton policia.<\/span><\/p>\n<p><span style=\"color: #000000;\">P\u00ebr rastin reagoni dhe Ministria e Sh\u00ebndet\u00ebsis\u00eb e cila tha se mjekja dhe infermier\u00ebt ishin duke reanimuar nj\u00eb pacient n\u00eb gjendje t\u00eb r\u00ebnd\u00eb teksa u godit\u00ebn dhe u dhunuan nga familjar\u00ebt e pacient\u00ebt.<\/span><\/p>\n<p><span style=\"color: #000000;\">\u201c<em>Ministria e Sh\u00ebndet\u00ebsis\u00eb dhe Mbrojtjes Sociale d\u00ebnon ashp\u00ebr dhun\u00ebn e ushtruar ndaj ekipit t\u00eb mjek\u00ebve dhe infermier\u00ebve n\u00eb Spitalin Infektiv, t\u00eb cil\u00ebt kan\u00eb qen\u00eb n\u00eb krye t\u00eb detyr\u00ebs, duke reanimuar nj\u00eb pacient n\u00eb gjendje t\u00eb r\u00ebnd\u00eb, teksa jan\u00eb goditur dhe dhunuar nga familjar\u00ebt e pacientit.<\/em><\/span><\/p>\n<p><span style=\"color: #000000;\"><em>MSHMS e konsideron t\u00eb patoleruesh\u00ebm \u00e7do akt dhune ndaj personelit sh\u00ebndet\u00ebsor dhe inkurajon organet e drejt\u00ebsis\u00eb t\u00eb \u00e7ojn\u00eb deri n\u00eb fund zbardhjen e k\u00ebsaj ngjarjeje, duke \u00e7uar para drejt\u00ebsis\u00eb autorin\/autor\u00ebt q\u00eb kan\u00eb ushtruar dhun\u00eb ndaj mjek\u00ebve dhe infermier\u00ebve n\u00eb detyr\u00eb.<\/em><\/span><\/p>\n<p><span style=\"color: #000000;\"><em>Ministria e Sh\u00ebndet\u00ebsis\u00eb dhe Mbrojtjes Sociale siguron qytetar\u00ebt se sh\u00ebrbimi mjek\u00ebsor \u00ebsht\u00eb garantuar dhe do t\u00eb vijoj\u00eb t\u00eb garantohet p\u00ebr \u00e7do qytetar nga personeli sh\u00ebndet\u00ebsor i kualifikuar. MSHMS mb\u00ebshtet stafin mjek\u00ebsor q\u00eb sh\u00ebrben \u00e7do dit\u00eb me p\u00ebrkushtim e profesionaliz\u00ebm p\u00ebr pacient\u00ebt dhe dekurajon \u00e7dok\u00ebnd q\u00eb nxit gjuh\u00ebn e urrejtjes ndaj mjek\u00ebve dhe infermier\u00ebve<\/em>\u201d-shkruan Ministria n\u00eb deklarat\u00eb.<\/span><\/p>\n","protected":false,"gt_translate_keys":[{"key":"rendered","format":"html"}]},"excerpt":{"rendered":"<p>Dy persona jan\u00eb arrestuar dhe tre t\u00eb tjer\u00eb jan\u00eb proceduar penalisht pasi godit\u00ebn p\u00ebr shkak t\u00eb detyr\u00ebs nj\u00eb mjeke n\u00eb Spitalin Infektiv n\u00eb Tiran\u00eb si dhe d\u00ebmtuan dyert dhe dritaret e spitalit. Policia arrestoi n\u00eb flagranc\u00eb shtetasit I. S., 41 vje\u00e7 dhe B. B., 54 vje\u00e7, t\u00eb dy banues n\u00eb Tiran\u00eb si dhe nisi procedimi [&hellip;]<\/p>\n","protected":false,"gt_translate_keys":[{"key":"rendered","format":"html"}]},"author":32,"featured_media":481097,"comment_status":"closed","ping_status":"closed","sticky":false,"template":"","format":"standard","meta":{"footnotes":""},"categories":[65,13],"tags":[],"class_list":["post-578211","post","type-post","status-publish","format-standard","has-post-thumbnail","hentry","category-lajme","category-te-fundit"],"gt_translate_keys":[{"key":"link","format":"url"}],"_links":{"self":[{"href":"https:\/\/www.hashtag.al\/index.php\/wp-json\/wp\/v2\/posts\/578211","targetHints":{"allow":["GET"]}}],"collection":[{"href":"https:\/\/www.hashtag.al\/index.php\/wp-json\/wp\/v2\/posts"}],"about":[{"href":"https:\/\/www.hashtag.al\/index.php\/wp-json\/wp\/v2\/types\/post"}],"author":[{"embeddable":true,"href":"https:\/\/www.hashtag.al\/index.php\/wp-json\/wp\/v2\/users\/32"}],"replies":[{"embeddable":true,"href":"https:\/\/www.hashtag.al\/index.php\/wp-json\/wp\/v2\/comments?post=578211"}],"version-history":[{"count":0,"href":"https:\/\/www.hashtag.al\/index.php\/wp-json\/wp\/v2\/posts\/578211\/revisions"}],"wp:featuredmedia":[{"embeddable":true,"href":"https:\/\/www.hashtag.al\/index.php\/wp-json\/wp\/v2\/media\/481097"}],"wp:attachment":[{"href":"https:\/\/www.hashtag.al\/index.php\/wp-json\/wp\/v2\/media?parent=578211"}],"wp:term":[{"taxonomy":"category","embeddable":true,"href":"https:\/\/www.hashtag.al\/index.php\/wp-json\/wp\/v2\/categories?post=578211"},{"taxonomy":"post_tag","embeddable":true,"href":"https:\/\/www.hashtag.al\/index.php\/wp-json\/wp\/v2\/tags?post=578211"}],"curies":[{"name":"wp","href":"https:\/\/api.w.org\/{rel}","templated":true}]}}