{"id":577789,"date":"2023-02-07T08:19:52","date_gmt":"2023-02-07T07:19:52","guid":{"rendered":"https:\/\/www.hashtag.al\/?p=577789"},"modified":"2023-02-07T08:19:52","modified_gmt":"2023-02-07T07:19:52","slug":"17-vende-te-be-se-dergojne-ekipe-kerkim-shpetimi-ne-turqine-e-goditur-nga-termeti","status":"publish","type":"post","link":"https:\/\/www.hashtag.al\/index.php\/2023\/02\/07\/17-vende-te-be-se-dergojne-ekipe-kerkim-shpetimi-ne-turqine-e-goditur-nga-termeti\/","title":{"rendered":"17 vende t\u00eb BE-s\u00eb d\u00ebrgojn\u00eb ekipe k\u00ebrkim-shp\u00ebtimi n\u00eb Turqin\u00eb e goditur nga t\u00ebrmeti","gt_translate_keys":[{"key":"rendered","format":"text"}]},"content":{"rendered":"<p><img loading=\"lazy\" decoding=\"async\" class=\"aligncenter size-full wp-image-577790\" src=\"https:\/\/www.hashtag.al\/wp-content\/uploads\/2023\/02\/ndihme.jpg\" alt=\"\" width=\"864\" height=\"486\" srcset=\"https:\/\/www.hashtag.al\/wp-content\/uploads\/2023\/02\/ndihme.jpg 864w, https:\/\/www.hashtag.al\/wp-content\/uploads\/2023\/02\/ndihme-300x169.jpg 300w, https:\/\/www.hashtag.al\/wp-content\/uploads\/2023\/02\/ndihme-768x432.jpg 768w\" sizes=\"auto, (max-width: 864px) 100vw, 864px\" \/><\/p>\n<p>Shtat\u00ebmb\u00ebdhjet\u00eb vende evropiane po ofrojn\u00eb ekipe k\u00ebrkimi dhe shp\u00ebtimi n\u00eb Turqi, pasi nj\u00eb seri t\u00ebrmetesh shkaktuan shkat\u00ebrrime t\u00eb gjera n\u00eb jug dhe lindje t\u00eb vendit, ku t\u00eb pakt\u00ebn 3381 njer\u00ebz kan\u00eb vdekur, tha t\u00eb h\u00ebn\u00ebn Komisioneri Evropian p\u00ebr Menaxhimin e Krizave, shkruan Anadolu Agency.<\/p>\n<p><em>\u201cShpejt\u00ebsia \u00ebsht\u00eb thelb\u00ebsore dhe po ashtu edhe bashk\u00ebrendimi nd\u00ebrkomb\u00ebtar\u201d<\/em>, tha Janez Lenarcic n\u00eb T\u00ebitter n\u00eb lidhje me zonat e prekura, duke shtuar:<em> \u201cP\u00ebrmes Mekanizmit ton\u00eb t\u00eb Mbrojtjes Civile t\u00eb BE-s\u00eb, 17 vende evropiane po ofrojn\u00eb ekipe shp\u00ebtimi\u201d<\/em>.<\/p>\n<p>Lenar\u00e7i\u00e7 vuri n\u00eb dukje se ekipet e para t\u00eb shp\u00ebtimit nga Rumania, Bullgaria dhe Hungaria kishin mb\u00ebrritur tashm\u00eb n\u00eb zonat e prekura nga t\u00ebrmeti.<\/p>\n<p><em>&#8220;N\u00eb Siri, ne po punojm\u00eb ngusht\u00eb me partner\u00ebt tan\u00eb humanitar tani gjithashtu duke nd\u00ebrmarr\u00eb operacione shp\u00ebtimi,&#8221;<\/em> shtoi ai.<\/p>\n<p>M\u00eb par\u00eb, numri i vendeve q\u00eb vendos\u00ebn ekipet e shp\u00ebtimit u njoftua si 13, duke p\u00ebrfshir\u00eb Bullgarin\u00eb, Kroacin\u00eb, Republik\u00ebn \u00c7eke, Franc\u00ebn, Greqin\u00eb, Holand\u00ebn, Polonin\u00eb, Rumanin\u00eb, Hungarin\u00eb, Italin\u00eb, Spanj\u00ebn, Malt\u00ebn dhe Sllovakin\u00eb.<\/p>\n","protected":false,"gt_translate_keys":[{"key":"rendered","format":"html"}]},"excerpt":{"rendered":"<p>Shtat\u00ebmb\u00ebdhjet\u00eb vende evropiane po ofrojn\u00eb ekipe k\u00ebrkimi dhe shp\u00ebtimi n\u00eb Turqi, pasi nj\u00eb seri t\u00ebrmetesh shkaktuan shkat\u00ebrrime t\u00eb gjera n\u00eb jug dhe lindje t\u00eb vendit, ku t\u00eb pakt\u00ebn 3381 njer\u00ebz kan\u00eb vdekur, tha t\u00eb h\u00ebn\u00ebn Komisioneri Evropian p\u00ebr Menaxhimin e Krizave, shkruan Anadolu Agency. \u201cShpejt\u00ebsia \u00ebsht\u00eb thelb\u00ebsore dhe po ashtu edhe bashk\u00ebrendimi nd\u00ebrkomb\u00ebtar\u201d, tha Janez [&hellip;]<\/p>\n","protected":false,"gt_translate_keys":[{"key":"rendered","format":"html"}]},"author":51,"featured_media":577790,"comment_status":"closed","ping_status":"closed","sticky":false,"template":"","format":"standard","meta":{"footnotes":""},"categories":[6],"tags":[],"class_list":["post-577789","post","type-post","status-publish","format-standard","has-post-thumbnail","hentry","category-nderkombetare"],"gt_translate_keys":[{"key":"link","format":"url"}],"_links":{"self":[{"href":"https:\/\/www.hashtag.al\/index.php\/wp-json\/wp\/v2\/posts\/577789","targetHints":{"allow":["GET"]}}],"collection":[{"href":"https:\/\/www.hashtag.al\/index.php\/wp-json\/wp\/v2\/posts"}],"about":[{"href":"https:\/\/www.hashtag.al\/index.php\/wp-json\/wp\/v2\/types\/post"}],"author":[{"embeddable":true,"href":"https:\/\/www.hashtag.al\/index.php\/wp-json\/wp\/v2\/users\/51"}],"replies":[{"embeddable":true,"href":"https:\/\/www.hashtag.al\/index.php\/wp-json\/wp\/v2\/comments?post=577789"}],"version-history":[{"count":0,"href":"https:\/\/www.hashtag.al\/index.php\/wp-json\/wp\/v2\/posts\/577789\/revisions"}],"wp:featuredmedia":[{"embeddable":true,"href":"https:\/\/www.hashtag.al\/index.php\/wp-json\/wp\/v2\/media\/577790"}],"wp:attachment":[{"href":"https:\/\/www.hashtag.al\/index.php\/wp-json\/wp\/v2\/media?parent=577789"}],"wp:term":[{"taxonomy":"category","embeddable":true,"href":"https:\/\/www.hashtag.al\/index.php\/wp-json\/wp\/v2\/categories?post=577789"},{"taxonomy":"post_tag","embeddable":true,"href":"https:\/\/www.hashtag.al\/index.php\/wp-json\/wp\/v2\/tags?post=577789"}],"curies":[{"name":"wp","href":"https:\/\/api.w.org\/{rel}","templated":true}]}}