{"id":577781,"date":"2023-02-07T07:43:14","date_gmt":"2023-02-07T06:43:14","guid":{"rendered":"https:\/\/www.hashtag.al\/?p=577781"},"modified":"2023-02-08T08:00:30","modified_gmt":"2023-02-08T07:00:30","slug":"4349-viktima-e-rreth-20-mije-te-plagosur-ne-turqi-e-siri-nga-termeti-shkaterrimtar-katastrofa-me-e-madhe-prej-viti-1939","status":"publish","type":"post","link":"https:\/\/www.hashtag.al\/index.php\/2023\/02\/07\/4349-viktima-e-rreth-20-mije-te-plagosur-ne-turqi-e-siri-nga-termeti-shkaterrimtar-katastrofa-me-e-madhe-prej-viti-1939\/","title":{"rendered":"4349 viktima e rreth 20 mij\u00eb t\u00eb plagosur n\u00eb Turqi e Siri nga t\u00ebrmeti shkat\u00ebrrimtar, katastrofa m\u00eb e madhe prej viti 1939","gt_translate_keys":[{"key":"rendered","format":"text"}]},"content":{"rendered":"<p><img loading=\"lazy\" decoding=\"async\" class=\"aligncenter size-full wp-image-577782\" src=\"https:\/\/www.hashtag.al\/wp-content\/uploads\/2023\/02\/turqi.jpg\" alt=\"\" width=\"864\" height=\"486\" srcset=\"https:\/\/www.hashtag.al\/wp-content\/uploads\/2023\/02\/turqi.jpg 864w, https:\/\/www.hashtag.al\/wp-content\/uploads\/2023\/02\/turqi-300x169.jpg 300w, https:\/\/www.hashtag.al\/wp-content\/uploads\/2023\/02\/turqi-768x432.jpg 768w\" sizes=\"auto, (max-width: 864px) 100vw, 864px\" \/><\/p>\n<p><span style=\"color: #000000;\">T\u00eb pakt\u00ebn 3381 njer\u00ebz kan\u00eb humbur jet\u00ebn dhe 15,834 t\u00eb tjer\u00eb jan\u00eb plagosur n\u00eb 10 provinca t\u00eb Turqis\u00eb pas dy t\u00ebrmeteve t\u00eb forta q\u00eb trondit\u00ebn pjes\u00ebn jugore t\u00eb vendit, tha nj\u00eb zyrtar nga agjencia e fatkeq\u00ebsive t\u00eb vendit t\u00eb mart\u00ebn her\u00ebt.<\/span><\/p>\n<p><span style=\"color: #000000;\">Nd\u00ebrkoh\u00eb n\u00eb Sirin\u00eb fqinje numri i viktimave nga t\u00ebrmeti ka shkuar n\u00eb 968 deri tani, nd\u00ebrsa numri i t\u00eb l\u00ebnduarve \u00ebsht\u00eb mbi tre mij\u00eb.<\/span><\/p>\n<p><span style=\"color: #000000;\">T\u00eb h\u00ebn\u00ebn her\u00ebt n\u00eb m\u00ebngjes, nj\u00eb t\u00ebrmet i fuqish\u00ebm me magnitud\u00eb 7.7 goditi qarkun Pazarcik t\u00eb provinc\u00ebs Kahramanmaras dhe tronditi fuqish\u00ebm disa provinca t\u00eb tjera, duke p\u00ebrfshir\u00eb Gaziantep, Sanliurfa, Diyarbakir, Adana, Adiyaman, Malatya, Osmaniye, Hatay dhe Kilis.<\/span><\/p>\n<p><span style=\"color: #000000;\">M\u00eb pas n\u00eb or\u00ebn 13.24, nj\u00eb t\u00ebrmet me magnitud\u00eb 7.6 me qend\u00ebr n\u00eb rrethin Elbistan t\u00eb Kahramanmaras goditi rajonin.<\/span><\/p>\n<p><span style=\"color: #000000;\">Yunus Sezer, kreu i Agjencis\u00eb s\u00eb Menaxhimit t\u00eb Fatkeq\u00ebsive dhe Emergjencave (AFAD), tha se t\u00ebrmetet u pasuan nga 243 pasgoditje dhe 6,217 nd\u00ebrtesa u shemb\u00ebn.<\/span><\/p>\n<p><span style=\"color: #000000;\">Rreth 16,400 personel k\u00ebrkimi-shp\u00ebtimi po punojn\u00eb n\u00eb rajon, tha Sezer, duke shtuar se 65 vende kan\u00eb ofruar ndihm\u00eb deri m\u00eb tani.<\/span><\/p>\n<p><span style=\"color: #000000;\">N\u00ebnpresidenti i Turqis\u00eb Fuat Oktay tha se 338,000 personat e mbetur pa banes\u00eb nga t\u00ebrmeti jan\u00eb strehuar n\u00eb konvikte, universitete dhe strehimore.<\/span><\/p>\n<p><span style=\"color: #000000;\">Orhan Tatar, menaxheri i p\u00ebrgjithsh\u00ebm i AFAD p\u00ebr reduktimin e rrezikut, tha m\u00eb her\u00ebt gjat\u00eb dit\u00ebs se 250 milion\u00eb lira turke (rreth 13.3 milion\u00eb dollar\u00eb) n\u00eb fonde emergjente ishin d\u00ebrguar n\u00eb provincat n\u00eb zon\u00ebn e fatkeq\u00ebsis\u00eb deri m\u00eb tani.<\/span><\/p>\n<p><span style=\"color: #000000;\">Presidenti turk Rexhep Tajip Erdogan tha t\u00ebrmeti i s\u00eb h\u00ebn\u00ebs \u00ebsht\u00eb \u2018katastrofa m\u00eb e madhe\u2019 q\u00eb nga t\u00ebrmeti i vitit 1939 n\u00eb Erzincan.<\/span><\/p>\n<p><span style=\"color: #000000;\">Zv.presidenti Oktay u b\u00ebri thirrje t\u00eb gjitha mediave, institucioneve dhe organizatave q\u00eb t\u00eb mb\u00ebshteten n\u00eb deklaratat zyrtare p\u00ebr t&#8217;u mbrojtur nga dezinformatat.<\/span><\/p>\n<p><span style=\"color: #000000;\">Ministri i Arsimit Komb\u00ebtar Mahmut Ozer tha se arsimi n\u00eb Turqi \u00ebsht\u00eb pezulluar deri t\u00eb h\u00ebn\u00ebn e ardhshme, 13 shkurt.<\/span><\/p>\n<p><span style=\"color: #000000;\">Ministri i Rinis\u00eb dhe Sporteve Mehmet Kasapoglu tha se t\u00eb gjitha ngjarjet sportive komb\u00ebtare n\u00eb Turqi jan\u00eb pezulluar deri n\u00eb nj\u00eb njoftim t\u00eb dyt\u00eb.<\/span><\/p>\n","protected":false,"gt_translate_keys":[{"key":"rendered","format":"html"}]},"excerpt":{"rendered":"<p>T\u00eb pakt\u00ebn 3381 njer\u00ebz kan\u00eb humbur jet\u00ebn dhe 15,834 t\u00eb tjer\u00eb jan\u00eb plagosur n\u00eb 10 provinca t\u00eb Turqis\u00eb pas dy t\u00ebrmeteve t\u00eb forta q\u00eb trondit\u00ebn pjes\u00ebn jugore t\u00eb vendit, tha nj\u00eb zyrtar nga agjencia e fatkeq\u00ebsive t\u00eb vendit t\u00eb mart\u00ebn her\u00ebt. Nd\u00ebrkoh\u00eb n\u00eb Sirin\u00eb fqinje numri i viktimave nga t\u00ebrmeti ka shkuar n\u00eb 968 deri [&hellip;]<\/p>\n","protected":false,"gt_translate_keys":[{"key":"rendered","format":"html"}]},"author":51,"featured_media":577782,"comment_status":"closed","ping_status":"closed","sticky":false,"template":"","format":"standard","meta":{"footnotes":""},"categories":[6],"tags":[],"class_list":["post-577781","post","type-post","status-publish","format-standard","has-post-thumbnail","hentry","category-nderkombetare"],"gt_translate_keys":[{"key":"link","format":"url"}],"_links":{"self":[{"href":"https:\/\/www.hashtag.al\/index.php\/wp-json\/wp\/v2\/posts\/577781","targetHints":{"allow":["GET"]}}],"collection":[{"href":"https:\/\/www.hashtag.al\/index.php\/wp-json\/wp\/v2\/posts"}],"about":[{"href":"https:\/\/www.hashtag.al\/index.php\/wp-json\/wp\/v2\/types\/post"}],"author":[{"embeddable":true,"href":"https:\/\/www.hashtag.al\/index.php\/wp-json\/wp\/v2\/users\/51"}],"replies":[{"embeddable":true,"href":"https:\/\/www.hashtag.al\/index.php\/wp-json\/wp\/v2\/comments?post=577781"}],"version-history":[{"count":0,"href":"https:\/\/www.hashtag.al\/index.php\/wp-json\/wp\/v2\/posts\/577781\/revisions"}],"wp:featuredmedia":[{"embeddable":true,"href":"https:\/\/www.hashtag.al\/index.php\/wp-json\/wp\/v2\/media\/577782"}],"wp:attachment":[{"href":"https:\/\/www.hashtag.al\/index.php\/wp-json\/wp\/v2\/media?parent=577781"}],"wp:term":[{"taxonomy":"category","embeddable":true,"href":"https:\/\/www.hashtag.al\/index.php\/wp-json\/wp\/v2\/categories?post=577781"},{"taxonomy":"post_tag","embeddable":true,"href":"https:\/\/www.hashtag.al\/index.php\/wp-json\/wp\/v2\/tags?post=577781"}],"curies":[{"name":"wp","href":"https:\/\/api.w.org\/{rel}","templated":true}]}}