{"id":577255,"date":"2023-02-04T14:36:39","date_gmt":"2023-02-04T13:36:39","guid":{"rendered":"https:\/\/www.hashtag.al\/?p=577255"},"modified":"2023-02-04T14:36:39","modified_gmt":"2023-02-04T13:36:39","slug":"portugalia-do-i-dergoje-ukraines-tanket-leopard","status":"publish","type":"post","link":"https:\/\/www.hashtag.al\/index.php\/2023\/02\/04\/portugalia-do-i-dergoje-ukraines-tanket-leopard\/","title":{"rendered":"Portugalia do i d\u00ebrgoj\u00eb Ukrain\u00ebs tanket Leopard","gt_translate_keys":[{"key":"rendered","format":"text"}]},"content":{"rendered":"<p><span style=\"color: #000000;\"><a href=\"https:\/\/www.hashtag.al\/wp-content\/uploads\/2023\/02\/portugal-tank.jpg\"><img loading=\"lazy\" decoding=\"async\" class=\"aligncenter size-full wp-image-577256\" src=\"https:\/\/www.hashtag.al\/wp-content\/uploads\/2023\/02\/portugal-tank.jpg\" alt=\"\" width=\"600\" height=\"399\" srcset=\"https:\/\/www.hashtag.al\/wp-content\/uploads\/2023\/02\/portugal-tank.jpg 600w, https:\/\/www.hashtag.al\/wp-content\/uploads\/2023\/02\/portugal-tank-300x200.jpg 300w\" sizes=\"auto, (max-width: 600px) 100vw, 600px\" \/><\/a><\/span><\/p>\n<p><span style=\"color: #000000;\">Kryeministri portugez, Antonio Costa, ka th\u00ebn\u00eb se Portugalia do t\u2019i d\u00ebrgoj\u00eb Ukrain\u00ebs disa tanke Leopard 2, pa e p\u00ebrmendur shifr\u00ebn e sakt\u00eb.<\/span><\/p>\n<p><span style=\"color: #000000;\">Sipas tij, Portugalia \u00ebsht\u00eb n\u00eb bisedime me Gjermanin\u00eb &#8211; vend prodhues i k\u00ebtyre tankeve &#8211; p\u00ebr t\u00eb siguruar pjes\u00ebt e nevojshme q\u00eb duhen p\u00ebr riparim t\u00eb tankeve t\u00eb d\u00ebmtuara Leopard q\u00eb gjenden n\u00eb inventarin e Portugalis\u00eb.<\/span><\/p>\n<p><span style=\"color: #000000;\">\u201cNe aktualisht jemi duke punuar p\u00ebr t\u00eb eksportuar disa tanke\u201d, ka th\u00ebn\u00eb Costa p\u00ebr agjencin\u00eb e lajmeve Lusa.<\/span><\/p>\n<p><span style=\"color: #000000;\">\u201cE di sa tanke do t\u00eb d\u00ebrgojm\u00eb, mir\u00ebpo kjo gj\u00eb do t\u00eb b\u00ebhet publike n\u00eb nj\u00eb koh\u00eb m\u00eb t\u00eb p\u00ebrshtatshme\u201d, p\u00ebrcjell REL.<\/span><\/p>\n<p><span style=\"color: #000000;\">Admirali Ant\u00f3nio Silva Ribeiro, udh\u00ebheq\u00ebs i forcave t\u00eb armatosura portugeze, ka th\u00ebn\u00eb muajin e kaluar se Portugalia ka 37 tanke Leopard 2, mir\u00ebpo n\u00eb mediat lokale \u00ebsht\u00eb raportuar se shumica prej tyre jan\u00eb t\u00eb d\u00ebmtuara.<\/span><\/p>\n<p><span style=\"color: #000000;\">Costa ka th\u00ebn\u00eb se shpreson q\u00eb riparimet t\u00eb ndodhin shpejt, ashtu q\u00eb tanket t\u00eb dor\u00ebzohen n\u00eb Ukrain\u00eb deri n\u00eb fund t\u00eb marsit.<\/span><\/p>\n<p><span style=\"color: #000000;\">Ministri i Jasht\u00ebm ukrainas, Dmytro Kuleba, ka th\u00ebn\u00eb m\u00eb her\u00ebt gjat\u00eb jav\u00ebs se shteti i tij do t\u00eb pranoj\u00eb 120 deri n\u00eb 140 tanke per\u00ebndimore, n\u00eb \u201cval\u00ebn e par\u00eb\u201d t\u00eb d\u00ebrgimit t\u00eb tyre nga nj\u00eb koalicion prej 12 shtetesh.<\/span><\/p>\n<p><span style=\"color: #000000;\">Kievit i jan\u00eb premtuar k\u00ebto tanke p\u00ebr t\u00eb luftuar pushtimin rus, i cili ka nisur m\u00eb 24 shkurt t\u00eb vitit t\u00eb kaluar.<\/span><\/p>\n<p><span style=\"color: #000000;\">Presidenti rus, Vladimir Putin, e quan luft\u00ebn si \u201coperacion special ushtarak\u201d p\u00ebr t\u00eb \u00e7militarizuar Ukrain\u00ebn.<\/span><\/p>\n<p><span style=\"color: #000000;\">Per\u00ebndimi \u00ebsht\u00eb p\u00ebrgjigjur ndaj Rusis\u00eb, duke goditur ekonomin\u00eb e k\u00ebtij shteti me sanksione t\u00eb ashpra.<\/span><\/p>\n<p><span style=\"color: #000000;\">Si pasoj\u00eb e luft\u00ebs kan\u00eb vdekur mij\u00ebra persona dhe miliona t\u00eb tjer\u00eb jan\u00eb zhvendosur nga sht\u00ebpit\u00eb e tyre.<\/span><\/p>\n","protected":false,"gt_translate_keys":[{"key":"rendered","format":"html"}]},"excerpt":{"rendered":"<p>Kryeministri portugez, Antonio Costa, ka th\u00ebn\u00eb se Portugalia do t\u2019i d\u00ebrgoj\u00eb Ukrain\u00ebs disa tanke Leopard 2, pa e p\u00ebrmendur shifr\u00ebn e sakt\u00eb. Sipas tij, Portugalia \u00ebsht\u00eb n\u00eb bisedime me Gjermanin\u00eb &#8211; vend prodhues i k\u00ebtyre tankeve &#8211; p\u00ebr t\u00eb siguruar pjes\u00ebt e nevojshme q\u00eb duhen p\u00ebr riparim t\u00eb tankeve t\u00eb d\u00ebmtuara Leopard q\u00eb gjenden n\u00eb [&hellip;]<\/p>\n","protected":false,"gt_translate_keys":[{"key":"rendered","format":"html"}]},"author":32,"featured_media":577256,"comment_status":"closed","ping_status":"closed","sticky":false,"template":"","format":"standard","meta":{"footnotes":""},"categories":[6,13],"tags":[],"class_list":["post-577255","post","type-post","status-publish","format-standard","has-post-thumbnail","hentry","category-nderkombetare","category-te-fundit"],"gt_translate_keys":[{"key":"link","format":"url"}],"_links":{"self":[{"href":"https:\/\/www.hashtag.al\/index.php\/wp-json\/wp\/v2\/posts\/577255","targetHints":{"allow":["GET"]}}],"collection":[{"href":"https:\/\/www.hashtag.al\/index.php\/wp-json\/wp\/v2\/posts"}],"about":[{"href":"https:\/\/www.hashtag.al\/index.php\/wp-json\/wp\/v2\/types\/post"}],"author":[{"embeddable":true,"href":"https:\/\/www.hashtag.al\/index.php\/wp-json\/wp\/v2\/users\/32"}],"replies":[{"embeddable":true,"href":"https:\/\/www.hashtag.al\/index.php\/wp-json\/wp\/v2\/comments?post=577255"}],"version-history":[{"count":0,"href":"https:\/\/www.hashtag.al\/index.php\/wp-json\/wp\/v2\/posts\/577255\/revisions"}],"wp:featuredmedia":[{"embeddable":true,"href":"https:\/\/www.hashtag.al\/index.php\/wp-json\/wp\/v2\/media\/577256"}],"wp:attachment":[{"href":"https:\/\/www.hashtag.al\/index.php\/wp-json\/wp\/v2\/media?parent=577255"}],"wp:term":[{"taxonomy":"category","embeddable":true,"href":"https:\/\/www.hashtag.al\/index.php\/wp-json\/wp\/v2\/categories?post=577255"},{"taxonomy":"post_tag","embeddable":true,"href":"https:\/\/www.hashtag.al\/index.php\/wp-json\/wp\/v2\/tags?post=577255"}],"curies":[{"name":"wp","href":"https:\/\/api.w.org\/{rel}","templated":true}]}}