{"id":576806,"date":"2023-02-01T19:54:26","date_gmt":"2023-02-01T18:54:26","guid":{"rendered":"https:\/\/www.hashtag.al\/?p=576806"},"modified":"2023-02-01T19:54:26","modified_gmt":"2023-02-01T18:54:26","slug":"ne-shenjester-ne-masakren-e-fushe-krujes-i-perfshire-dhe-nje-punonjes-policie-ndihmoi-qitesit","status":"publish","type":"post","link":"https:\/\/www.hashtag.al\/index.php\/2023\/02\/01\/ne-shenjester-ne-masakren-e-fushe-krujes-i-perfshire-dhe-nje-punonjes-policie-ndihmoi-qitesit\/","title":{"rendered":"\u201cN\u00eb sh\u00ebnjest\u00ebr\u201d: N\u00eb masakr\u00ebn e Fush\u00eb Kruj\u00ebs i p\u00ebrfshir\u00eb dhe nj\u00eb punonj\u00ebs policie, ndihmoi qit\u00ebsit","gt_translate_keys":[{"key":"rendered","format":"text"}]},"content":{"rendered":"<p><span style=\"color: #000000;\"><a href=\"https:\/\/www.hashtag.al\/wp-content\/uploads\/2023\/02\/martinaj-shkresa.jpg\"><img loading=\"lazy\" decoding=\"async\" class=\"aligncenter size-full wp-image-576807\" src=\"https:\/\/www.hashtag.al\/wp-content\/uploads\/2023\/02\/martinaj-shkresa.jpg\" alt=\"\" width=\"889\" height=\"517\" srcset=\"https:\/\/www.hashtag.al\/wp-content\/uploads\/2023\/02\/martinaj-shkresa.jpg 889w, https:\/\/www.hashtag.al\/wp-content\/uploads\/2023\/02\/martinaj-shkresa-300x174.jpg 300w, https:\/\/www.hashtag.al\/wp-content\/uploads\/2023\/02\/martinaj-shkresa-768x447.jpg 768w, https:\/\/www.hashtag.al\/wp-content\/uploads\/2023\/02\/martinaj-shkresa-250x145.jpg 250w\" sizes=\"auto, (max-width: 889px) 100vw, 889px\" \/><\/a><\/span><\/p>\n<p><span style=\"color: #000000;\">Vrasja e Brilant Martinaj dhe dy miqve t\u00eb tij, Besmir Hoxha dhe Dikler Vata ishte nj\u00eb nd\u00ebr ngjarjet m\u00eb t\u00eb bujshme t\u00eb ver\u00ebs q\u00eb lam\u00eb pas. Nj\u00eb vrasje e cila tronditi thell\u00eb jo vet\u00ebm bot\u00ebn e krimit p\u00ebr nga r\u00ebnd\u00ebsia e saj, por q\u00eb n\u00eb vetvete paralajm\u00ebroi edhe fundin e nj\u00eb kapitulli, at\u00eb t\u00eb mbret\u00ebrimit t\u00eb Ervis Martinajt.<\/span><\/p>\n<p><span style=\"color: #000000;\">Ishte mesdita e 17 korrikut 2022 kur n\u00eb mbikalimin e Fush\u00eb-Kruj\u00ebs Brilant Martinaj dhe dy miqt\u00eb e tij u ekzekutuan eg\u00ebrsisht. Si\u00e7 ka m\u00ebsuar edhe emisioni \u201cN\u00eb Sh\u00ebnjest\u00ebr\u201d kjo ngjarje p\u00ebrb\u00ebn nj\u00eb skandal m\u00eb vete p\u00ebr personat q\u00eb dyshohet se jan\u00eb implikuar n\u00eb t\u00eb.<\/span><\/p>\n<p><span style=\"color: #000000;\">Pas ekzekutimit t\u00eb Brilant Martinajt, Besmir Hoxh\u00ebs dhe Dikler Vat\u00ebs, autor\u00ebt u larguan t\u00eb pashqet\u00ebsuar nga vendngjarja, nd\u00ebrkoh\u00eb q\u00eb skandal p\u00ebrb\u00ebn akti se ata u fsheh\u00ebn nga nj\u00eb efektiv policie.<\/span><\/p>\n<p><span style=\"color: #000000;\">Sipas dosjes hetimore t\u00eb siguruar nga emisioni \u201cN\u00eb sh\u00ebnjest\u00ebr\u201d, gjith\u00e7ka lindi pas dyshimeve q\u00eb grupi hetues pati se pas autor\u00ebve t\u00eb masakr\u00ebs s\u00eb Fush\u00eb-Kruj\u00ebs, fshihej dora e st\u00ebrvitur e nj\u00eb punonj\u00ebsi policie, t\u00eb vetmit persona t\u00eb aft\u00eb q\u00eb mund t\u00eb instruktojn\u00eb mjesht\u00ebrisht vras\u00ebsit, mbi pozicionin q\u00eb ata duhet t\u00eb mbajn\u00eb n\u00eb nj\u00eb sken\u00eb krimi, por edhe se si t\u00eb mos diktohen gjat\u00eb l\u00ebvizjeve t\u00eb tyre.<\/span><\/p>\n<p><span style=\"color: #000000;\">Ky duket t\u00eb jet\u00eb edhe rasti se si autor\u00ebt mund\u00ebn t\u00eb ken\u00eb nj\u00eb bashk\u00ebpunim perfekt me strukturat e inkriminuara t\u00eb policis\u00eb.<\/span><\/p>\n<p><span style=\"color: #000000;\">Referuar gjithmon\u00eb dosjes hetimore, n\u00eb rastin e ekzekutimit t\u00eb Brilant Martinaj dhe miqve t\u00eb tij, grupi hetues ka dyshime t\u00eb forta se bashk\u00ebpun\u00ebtor n\u00eb k\u00ebt\u00eb ngjarje, t\u00eb jet\u00eb nj\u00eb oficer policie.<\/span><\/p>\n<p><span style=\"color: #000000;\">Efektivi thuhet se ka ndihmuar agresor\u00ebt t\u00eb \u00e7ajn\u00eb vet\u00eb rrethimin e policis\u00eb.<\/span><\/p>\n<p><span style=\"color: #000000;\">Emisioni \u201cN\u00eb Sh\u00ebnjest\u00ebr\u201d disponon identitetin e plot\u00eb t\u00eb punonj\u00ebsit t\u00eb policis\u00eb, por q\u00eb p\u00ebr arsye redaksionale dhe me q\u00ebllim p\u00ebr t\u00eb mos d\u00ebmtuar hetimin e m\u00ebtejsh\u00ebm t\u00eb ngjarjes, do t\u00eb p\u00ebrdor\u00eb vet\u00ebm inicialet e tij.<\/span><\/p>\n<p><span style=\"color: #000000;\"><strong>Por si erdhi zbulimi i k\u00ebtij polici dhe cili \u00ebsht\u00eb roli i tij n\u00eb k\u00ebt\u00eb ngjarje?\u00a0<\/strong><\/span><\/p>\n<p><span style=\"color: #000000;\">Sipas dosjes hetimore, zbulimi i k\u00ebtij renegati brenda radh\u00ebve t\u00eb policis\u00eb, u b\u00eb i mundur nga grupi hetues, pas krehjes s\u00eb kamerave t\u00eb siguris\u00eb n\u00eb zon\u00ebn ku ndodhi vrasja.<\/span><\/p>\n<p><span style=\"color: #000000;\">Rezultoi se or\u00ebn pas krimit t\u00eb trefisht\u00eb n\u00eb mbikalimin e Fush\u00eb-Kruj\u00ebs, nj\u00eb automjet me ngjyr\u00eb gri, u afrua pran\u00eb vendit ku autor\u00ebt dogj\u00ebn makin\u00ebn me t\u00eb cil\u00ebn kryen ekzekutimin e Martinaj dhe dy shok\u00ebve t\u00eb tij.<\/span><\/p>\n<p><span style=\"color: #000000;\">Prej aty efektivi kreu largimin e tyre nga vendngjarja, m\u00eb q\u00ebllim p\u00ebr t\u2019i shp\u00ebtuar ndjekjes s\u00eb policis\u00eb.<\/span><\/p>\n<p><span style=\"color: #000000;\"><strong><em>Dosja Hetimore<\/em><\/strong><\/span><\/p>\n<p><span style=\"color: #000000;\"><em>\u201cPas ekzekutimit t\u00eb Brilant Martinaj, Besmir Hoxh\u00ebs dhe Dikler Vat\u00ebs, m\u00eb 17 korrik 2022, ngjarje kjo e ndodhur n\u00eb Mbikalimin e Fush\u00eb-Kruj\u00ebs, grupi hetues, ka marr\u00eb dhe administruar nj\u00eb num\u00ebr t\u00eb madh t\u00eb kamerave t\u00eb siguris\u00eb t\u00eb montuara n\u00eb aksin Kam\u00ebz-Fush\u00eb Kruj\u00eb-La\u00e7. Nga k\u00ebqyrja e k\u00ebtyre kamerave si dhe nga informacionet e marra nga burime konfidenciale na rezulton se shtetasi M. D., \u00ebsht\u00eb personi q\u00eb ka ndihmuar t\u00eb fshihen para dhe pas ngjarjes autor\u00ebt e vrasjes s\u00eb trefisht\u00eb\u201d, thuhet n\u00eb dosjen hetimore.<\/em><\/span><\/p>\n<p><span style=\"color: #000000;\">Sipas grupit hetues gjith\u00e7ka duket t\u00eb ket\u00eb qen\u00eb e organizuar. Dhe jo m\u00eb kot, autor\u00ebt e vrasjes, kan\u00eb zgjedhur t\u00eb largohen nga vendngjarja me nj\u00eb njohje t\u00eb tyre n\u00eb radh\u00ebt e policis\u00eb.<\/span><\/p>\n<p><span style=\"color: #000000;\">Efektivi M.D. mendohet se mund t\u00eb ket\u00eb p\u00ebrdorur val\u00ebt e policis\u00eb p\u00ebr t\u2019i shp\u00ebtuar rrethimit t\u00eb koleg\u00ebve t\u00eb tij.<\/span><\/p>\n<p><span style=\"color: #000000;\">Kjo shpjegon m\u00eb s\u00eb miri edhe faktin se si autor\u00ebt mund\u00ebn t\u00eb largohen nga vendi i krimit, pa u diktuar nga policia.<\/span><\/p>\n<p><span style=\"color: #000000;\"><em>\u201cNga verifikimi i b\u00ebr\u00eb rezulton se shtetasi M.D p\u00ebrdor mjetin me targa AA00 \u2026 me ngjyr\u00eb gri. Nga ana e policis\u00eb gjyq\u00ebsore nuk \u00ebsht\u00eb b\u00ebr\u00eb i mundur sigurimi i numrit apo numrave celular\u00eb t\u00eb k\u00ebtij personi, q\u00eb p\u00ebrshkruhet si person i dyshuar, si bashk\u00ebpun\u00ebtor n\u00eb k\u00ebt\u00eb ngjarje t\u00eb vrasjes s\u00eb 3 personave\u201d, thuhet m\u00eb tej n\u00eb dosjen hetimore\u201d<\/em><\/span><\/p>\n<p><span style=\"color: #000000;\">Ky punonj\u00ebs policie si\u00e7 del nga dosja hetimore nuk ka sh\u00ebrbyer si suport p\u00ebr vras\u00ebsit vet\u00ebm pas ngjarjes, por edhe para saj, duke i strehuar ata.<\/span><\/p>\n<p><span style=\"color: #000000;\">Ai thuhet se i ka mbajtur autor\u00ebt e vrasjes, n\u00eb banes\u00ebn e tij, edhe nat\u00ebn para krimit duke mos e mbyllur pun\u00ebn e tij k\u00ebtu.<\/span><\/p>\n<p><span style=\"color: #000000;\">Efektivi M.D. i ka ndihmuar autor\u00ebt e dyshuar me largimin e tyre edhe t\u00eb nes\u00ebrmen pasi kryen atentatin e r\u00ebnd\u00eb.<\/span><\/p>\n<p><span style=\"color: #000000;\"><span style=\"color: #ff0000;\"><strong>VINI RE:<\/strong><\/span> Artikulli \u00ebsht\u00eb pron\u00eb intelektuale e emisionit \u201cN\u00eb Sh\u00ebnjest\u00ebr\u201d botuar n\u00eb <span style=\"color: #3366ff;\"><a style=\"color: #3366ff;\" href=\"https:\/\/www.balkanweb.com\/mjeti-me-ngjyre-gri-mori-vrasesit-nga-stervitja-te-ndihma-per-te-care-rrethimin-e-policise-si-i-ndihmoi-efektivi-autoret-e-masakres-se-fushe-krujes-zbulohet-identiteti\/\">BalkanWeb<\/a><\/span><\/span><\/p>\n","protected":false,"gt_translate_keys":[{"key":"rendered","format":"html"}]},"excerpt":{"rendered":"<p>Vrasja e Brilant Martinaj dhe dy miqve t\u00eb tij, Besmir Hoxha dhe Dikler Vata ishte nj\u00eb nd\u00ebr ngjarjet m\u00eb t\u00eb bujshme t\u00eb ver\u00ebs q\u00eb lam\u00eb pas. Nj\u00eb vrasje e cila tronditi thell\u00eb jo vet\u00ebm bot\u00ebn e krimit p\u00ebr nga r\u00ebnd\u00ebsia e saj, por q\u00eb n\u00eb vetvete paralajm\u00ebroi edhe fundin e nj\u00eb kapitulli, at\u00eb t\u00eb mbret\u00ebrimit [&hellip;]<\/p>\n","protected":false,"gt_translate_keys":[{"key":"rendered","format":"html"}]},"author":32,"featured_media":576807,"comment_status":"closed","ping_status":"closed","sticky":false,"template":"","format":"standard","meta":{"footnotes":""},"categories":[65,13],"tags":[],"class_list":["post-576806","post","type-post","status-publish","format-standard","has-post-thumbnail","hentry","category-lajme","category-te-fundit"],"gt_translate_keys":[{"key":"link","format":"url"}],"_links":{"self":[{"href":"https:\/\/www.hashtag.al\/index.php\/wp-json\/wp\/v2\/posts\/576806","targetHints":{"allow":["GET"]}}],"collection":[{"href":"https:\/\/www.hashtag.al\/index.php\/wp-json\/wp\/v2\/posts"}],"about":[{"href":"https:\/\/www.hashtag.al\/index.php\/wp-json\/wp\/v2\/types\/post"}],"author":[{"embeddable":true,"href":"https:\/\/www.hashtag.al\/index.php\/wp-json\/wp\/v2\/users\/32"}],"replies":[{"embeddable":true,"href":"https:\/\/www.hashtag.al\/index.php\/wp-json\/wp\/v2\/comments?post=576806"}],"version-history":[{"count":0,"href":"https:\/\/www.hashtag.al\/index.php\/wp-json\/wp\/v2\/posts\/576806\/revisions"}],"wp:featuredmedia":[{"embeddable":true,"href":"https:\/\/www.hashtag.al\/index.php\/wp-json\/wp\/v2\/media\/576807"}],"wp:attachment":[{"href":"https:\/\/www.hashtag.al\/index.php\/wp-json\/wp\/v2\/media?parent=576806"}],"wp:term":[{"taxonomy":"category","embeddable":true,"href":"https:\/\/www.hashtag.al\/index.php\/wp-json\/wp\/v2\/categories?post=576806"},{"taxonomy":"post_tag","embeddable":true,"href":"https:\/\/www.hashtag.al\/index.php\/wp-json\/wp\/v2\/tags?post=576806"}],"curies":[{"name":"wp","href":"https:\/\/api.w.org\/{rel}","templated":true}]}}