{"id":576750,"date":"2023-02-01T14:40:16","date_gmt":"2023-02-01T13:40:16","guid":{"rendered":"https:\/\/www.hashtag.al\/?p=576750"},"modified":"2023-02-01T14:40:16","modified_gmt":"2023-02-01T13:40:16","slug":"meta-as-nuk-kam-tentuar-te-takoj-mcgonigal-rama-ka-shantazhuar-mediat","status":"publish","type":"post","link":"https:\/\/www.hashtag.al\/index.php\/2023\/02\/01\/meta-as-nuk-kam-tentuar-te-takoj-mcgonigal-rama-ka-shantazhuar-mediat\/","title":{"rendered":"Meta : As nuk kam tentuar t\u00eb takoj McGonigal, Rama ka shantazhuar mediat","gt_translate_keys":[{"key":"rendered","format":"text"}]},"content":{"rendered":"<p><span style=\"color: #000000;\"><a style=\"color: #000000;\" href=\"https:\/\/www.hashtag.al\/wp-content\/uploads\/2023\/02\/ilir-meta7.jpg\"><img loading=\"lazy\" decoding=\"async\" class=\"aligncenter size-full wp-image-576751\" src=\"https:\/\/www.hashtag.al\/wp-content\/uploads\/2023\/02\/ilir-meta7.jpg\" alt=\"\" width=\"1004\" height=\"560\" srcset=\"https:\/\/www.hashtag.al\/wp-content\/uploads\/2023\/02\/ilir-meta7.jpg 1004w, https:\/\/www.hashtag.al\/wp-content\/uploads\/2023\/02\/ilir-meta7-300x167.jpg 300w, https:\/\/www.hashtag.al\/wp-content\/uploads\/2023\/02\/ilir-meta7-768x428.jpg 768w\" sizes=\"auto, (max-width: 1004px) 100vw, 1004px\" \/><\/a><\/span><\/p>\n<p><span style=\"color: #000000;\">N\u00eb deklarat\u00ebn e tij p\u00ebr meda, Kryetari i Partis\u00eb s\u00eb liris\u00eb, Ilir Meta, i pyetur n\u00ebse e ka takuar ish zyrtarin e FBI, ai u shpreh se nuk e ka takuar e as nuk ka tentuar ta takoj\u00eb.<\/span><\/p>\n<p><span style=\"color: #000000;\"><em>\u201cAbsolutisht nuk jam takuar, as nuk kam tentuar, por po zbardhen shum\u00eb t\u00eb v\u00ebrteta nga bizesmen\u00eb dhe pronar\u00eb mediash dhe nga njerzit q\u00eb kan\u00eb dal\u00eb nga sistemi i drejt\u00ebsis\u00eb dhe p\u00ebr fat t\u00eb keq, bashk\u00ebpuntor\u00ebt e kryeministrit, kan\u00eb tentuar ta kthejn\u00eb \u00e7\u00ebshtjen e Nongratave n\u00eb trafikun m\u00eb t\u00eb madh t\u00eb drog\u00ebs\u201d, <\/em>u shpreh Meta.<\/span><\/p>\n<p><span style=\"color: #000000;\">\u00a0M\u00eb tej Meta shprehu se kryeministri ka shantazhuar mediat p\u00ebr t\u00eb mos qen\u00eb kritike ndaj tij.<\/span><\/p>\n<p><span style=\"color: #000000;\">\u201c<em>Edi Rama i ka thirrur dhe u ka b\u00ebr\u00eb presion p\u00ebr gjob\u00ebv\u00ebnie ndaj mediave pronar\u00ebve t\u00eb tyre q\u00eb mos ishin kritik ndaj tij, duke p\u00ebrmendur si shantazh Amerik\u00ebn. <\/em><\/span><\/p>\n<p><span style=\"color: #000000;\"><em>\u00cbsht\u00eb detyra e drejt\u00ebsis\u00eb t\u00eb b\u00ebj\u00eb hetim t\u00eb plot\u00eb e t\u00eb thell\u00eb p\u00ebr t\u00eb gjith\u00eb personave q\u00eb kan\u00eb ardhur, dhe veprimtarin\u00eb e tyre t\u00eb paligjshme, p\u00ebr t\u00eb b\u00ebr\u00ebr presion k\u00ebtu n\u00ebn sh\u00ebrbim t\u00eb Ram\u00ebs<\/em>,\u201d tha Meta.<\/span><\/p>\n","protected":false,"gt_translate_keys":[{"key":"rendered","format":"html"}]},"excerpt":{"rendered":"<p>N\u00eb deklarat\u00ebn e tij p\u00ebr meda, Kryetari i Partis\u00eb s\u00eb liris\u00eb, Ilir Meta, i pyetur n\u00ebse e ka takuar ish zyrtarin e FBI, ai u shpreh se nuk e ka takuar e as nuk ka tentuar ta takoj\u00eb. \u201cAbsolutisht nuk jam takuar, as nuk kam tentuar, por po zbardhen shum\u00eb t\u00eb v\u00ebrteta nga bizesmen\u00eb dhe [&hellip;]<\/p>\n","protected":false,"gt_translate_keys":[{"key":"rendered","format":"html"}]},"author":30,"featured_media":576751,"comment_status":"closed","ping_status":"closed","sticky":false,"template":"","format":"standard","meta":{"footnotes":""},"categories":[65],"tags":[],"class_list":["post-576750","post","type-post","status-publish","format-standard","has-post-thumbnail","hentry","category-lajme"],"gt_translate_keys":[{"key":"link","format":"url"}],"_links":{"self":[{"href":"https:\/\/www.hashtag.al\/index.php\/wp-json\/wp\/v2\/posts\/576750","targetHints":{"allow":["GET"]}}],"collection":[{"href":"https:\/\/www.hashtag.al\/index.php\/wp-json\/wp\/v2\/posts"}],"about":[{"href":"https:\/\/www.hashtag.al\/index.php\/wp-json\/wp\/v2\/types\/post"}],"author":[{"embeddable":true,"href":"https:\/\/www.hashtag.al\/index.php\/wp-json\/wp\/v2\/users\/30"}],"replies":[{"embeddable":true,"href":"https:\/\/www.hashtag.al\/index.php\/wp-json\/wp\/v2\/comments?post=576750"}],"version-history":[{"count":0,"href":"https:\/\/www.hashtag.al\/index.php\/wp-json\/wp\/v2\/posts\/576750\/revisions"}],"wp:featuredmedia":[{"embeddable":true,"href":"https:\/\/www.hashtag.al\/index.php\/wp-json\/wp\/v2\/media\/576751"}],"wp:attachment":[{"href":"https:\/\/www.hashtag.al\/index.php\/wp-json\/wp\/v2\/media?parent=576750"}],"wp:term":[{"taxonomy":"category","embeddable":true,"href":"https:\/\/www.hashtag.al\/index.php\/wp-json\/wp\/v2\/categories?post=576750"},{"taxonomy":"post_tag","embeddable":true,"href":"https:\/\/www.hashtag.al\/index.php\/wp-json\/wp\/v2\/tags?post=576750"}],"curies":[{"name":"wp","href":"https:\/\/api.w.org\/{rel}","templated":true}]}}