{"id":576369,"date":"2023-01-30T16:01:19","date_gmt":"2023-01-30T15:01:19","guid":{"rendered":"https:\/\/www.hashtag.al\/?p=576369"},"modified":"2023-01-30T16:01:19","modified_gmt":"2023-01-30T15:01:19","slug":"idrizi-do-te-garojme-vetem-ne-zgjedhje-e-kemi-mundesine-dhe-peshen-per-ta-bere","status":"publish","type":"post","link":"https:\/\/www.hashtag.al\/index.php\/2023\/01\/30\/idrizi-do-te-garojme-vetem-ne-zgjedhje-e-kemi-mundesine-dhe-peshen-per-ta-bere\/","title":{"rendered":"Idrizi: Do t\u00eb garojm\u00eb vet\u00ebm n\u00eb zgjedhje, e kemi mund\u00ebsin\u00eb dhe pesh\u00ebn p\u00ebr ta b\u00ebr\u00eb","gt_translate_keys":[{"key":"rendered","format":"text"}]},"content":{"rendered":"<p><span style=\"color: #000000;\"><a style=\"color: #000000;\" href=\"https:\/\/www.hashtag.al\/wp-content\/uploads\/2023\/01\/IDRZI.png\"><img loading=\"lazy\" decoding=\"async\" class=\"aligncenter size-full wp-image-576370\" src=\"https:\/\/www.hashtag.al\/wp-content\/uploads\/2023\/01\/IDRZI.png\" alt=\"\" width=\"1912\" height=\"950\" srcset=\"https:\/\/www.hashtag.al\/wp-content\/uploads\/2023\/01\/IDRZI.png 1912w, https:\/\/www.hashtag.al\/wp-content\/uploads\/2023\/01\/IDRZI-300x149.png 300w, https:\/\/www.hashtag.al\/wp-content\/uploads\/2023\/01\/IDRZI-1024x509.png 1024w, https:\/\/www.hashtag.al\/wp-content\/uploads\/2023\/01\/IDRZI-768x382.png 768w, https:\/\/www.hashtag.al\/wp-content\/uploads\/2023\/01\/IDRZI-1536x763.png 1536w\" sizes=\"auto, (max-width: 1912px) 100vw, 1912px\" \/><\/a><\/span><\/p>\n<p><span style=\"color: #000000;\">Kreu i PDIU, Shp\u00ebtim Idrizi, i ftuar sot n\u00eb rubrik\u00ebn \u201cOpinion\u201d me gazetaren Ola Bruko, u shpreh se partia e tij do t\u00eb dal\u00eb n\u00eb zgjedhje e vetme.<\/span><\/p>\n<p><span style=\"color: #000000;\">Ai u tha se arsyet se p\u00ebrse kan\u00eb vendosur q\u00eb t\u00eb garojn\u00eb vet\u00ebm n\u00eb zgjedhjet e 14 majit jan\u00eb disa, por mes t\u00eb cilave edhe arsyeja se sipas tij kjo parti ka mund\u00ebsin\u00eb dhe pesh\u00ebn p\u00ebr ta b\u00ebr\u00eb.<\/span><\/p>\n<p><span style=\"color: #000000;\">\u201c<em>Besoj se \u00ebsht\u00eb von\u00eb t\u00eb flasim p\u00ebr oferta sepse kemi rreth dy muaj q\u00eb kemi marr\u00eb vendimin q\u00eb do t\u00eb dalim t\u00eb vet\u00ebm n\u00eb k\u00ebto zgjedhje,<\/em> u shpreh Idrizi. \u201c<em>PDIU ka t\u00eb gjitha mund\u00ebsit dhe pesh\u00ebn specifike p\u00ebr ta provuar dhe p\u00ebr t\u00eb garuar m\u00eb vete\u201d<\/em><\/span><\/p>\n<p><span style=\"color: #000000;\">Ai e qujati k\u00ebt\u00eb si vendim t\u00eb drejt\u00eb. Gjithashtu ai ngriti edhe \u00e7shtjen e Himar\u00ebs ku kandidon nj\u00eb parti minoritare.<\/span><\/p>\n<p><span style=\"color: #000000;\"><em>\u201cM\u00eb b\u00ebri \u00e7udi q\u00eb Himar\u00ebn ia kan\u00eb l\u00ebn\u00eb nj\u00eb partie minoritare, sepse dihet q\u00eb Himara nuk \u00ebsht\u00eb minoritet. \u00cbsht\u00eb nj\u00ebsoj sikur ca t\u00eb minoritetit t\u00eb paraqiteshin n\u00eb Kuk\u00ebs dhe t\u00eb k\u00ebrkonin k\u00ebt\u00eb diskriminimin pozitiv.\u201d,<\/em> tha Idrizi.<\/span><\/p>\n","protected":false,"gt_translate_keys":[{"key":"rendered","format":"html"}]},"excerpt":{"rendered":"<p>Kreu i PDIU, Shp\u00ebtim Idrizi, i ftuar sot n\u00eb rubrik\u00ebn \u201cOpinion\u201d me gazetaren Ola Bruko, u shpreh se partia e tij do t\u00eb dal\u00eb n\u00eb zgjedhje e vetme. Ai u tha se arsyet se p\u00ebrse kan\u00eb vendosur q\u00eb t\u00eb garojn\u00eb vet\u00ebm n\u00eb zgjedhjet e 14 majit jan\u00eb disa, por mes t\u00eb cilave edhe arsyeja se [&hellip;]<\/p>\n","protected":false,"gt_translate_keys":[{"key":"rendered","format":"html"}]},"author":30,"featured_media":576370,"comment_status":"closed","ping_status":"closed","sticky":false,"template":"","format":"standard","meta":{"footnotes":""},"categories":[65],"tags":[],"class_list":["post-576369","post","type-post","status-publish","format-standard","has-post-thumbnail","hentry","category-lajme"],"gt_translate_keys":[{"key":"link","format":"url"}],"_links":{"self":[{"href":"https:\/\/www.hashtag.al\/index.php\/wp-json\/wp\/v2\/posts\/576369","targetHints":{"allow":["GET"]}}],"collection":[{"href":"https:\/\/www.hashtag.al\/index.php\/wp-json\/wp\/v2\/posts"}],"about":[{"href":"https:\/\/www.hashtag.al\/index.php\/wp-json\/wp\/v2\/types\/post"}],"author":[{"embeddable":true,"href":"https:\/\/www.hashtag.al\/index.php\/wp-json\/wp\/v2\/users\/30"}],"replies":[{"embeddable":true,"href":"https:\/\/www.hashtag.al\/index.php\/wp-json\/wp\/v2\/comments?post=576369"}],"version-history":[{"count":0,"href":"https:\/\/www.hashtag.al\/index.php\/wp-json\/wp\/v2\/posts\/576369\/revisions"}],"wp:featuredmedia":[{"embeddable":true,"href":"https:\/\/www.hashtag.al\/index.php\/wp-json\/wp\/v2\/media\/576370"}],"wp:attachment":[{"href":"https:\/\/www.hashtag.al\/index.php\/wp-json\/wp\/v2\/media?parent=576369"}],"wp:term":[{"taxonomy":"category","embeddable":true,"href":"https:\/\/www.hashtag.al\/index.php\/wp-json\/wp\/v2\/categories?post=576369"},{"taxonomy":"post_tag","embeddable":true,"href":"https:\/\/www.hashtag.al\/index.php\/wp-json\/wp\/v2\/tags?post=576369"}],"curies":[{"name":"wp","href":"https:\/\/api.w.org\/{rel}","templated":true}]}}