{"id":576361,"date":"2023-01-30T15:20:55","date_gmt":"2023-01-30T14:20:55","guid":{"rendered":"https:\/\/www.hashtag.al\/?p=576361"},"modified":"2023-01-30T15:20:55","modified_gmt":"2023-01-30T14:20:55","slug":"grupi-i-alibeajt-kerkoi-interpelance-me-ramen-ne-rend-dite-futet-edhe-ceshtja-e-ish-zyrtarit-te-fbi","status":"publish","type":"post","link":"https:\/\/www.hashtag.al\/index.php\/2023\/01\/30\/grupi-i-alibeajt-kerkoi-interpelance-me-ramen-ne-rend-dite-futet-edhe-ceshtja-e-ish-zyrtarit-te-fbi\/","title":{"rendered":"Grupi i Alibeajt k\u00ebrkoi interpelanc\u00eb me Ram\u00ebn, n\u00eb rend dite futet edhe \u00e7\u00ebshtja e ish-zyrtarit t\u00eb FBI","gt_translate_keys":[{"key":"rendered","format":"text"}]},"content":{"rendered":"<p><span style=\"color: #000000;\"><a style=\"color: #000000;\" href=\"https:\/\/www.hashtag.al\/wp-content\/uploads\/2023\/01\/kuvendi-770x432-1.jpg\"><img loading=\"lazy\" decoding=\"async\" class=\"aligncenter size-full wp-image-576362\" src=\"https:\/\/www.hashtag.al\/wp-content\/uploads\/2023\/01\/kuvendi-770x432-1.jpg\" alt=\"\" width=\"770\" height=\"432\" srcset=\"https:\/\/www.hashtag.al\/wp-content\/uploads\/2023\/01\/kuvendi-770x432-1.jpg 770w, https:\/\/www.hashtag.al\/wp-content\/uploads\/2023\/01\/kuvendi-770x432-1-300x168.jpg 300w, https:\/\/www.hashtag.al\/wp-content\/uploads\/2023\/01\/kuvendi-770x432-1-768x431.jpg 768w\" sizes=\"auto, (max-width: 770px) 100vw, 770px\" \/><\/a><\/span><\/p>\n<p>&nbsp;<\/p>\n<p><span style=\"color: #000000;\">T\u00eb k\u00ebrkuar nga Grupi i Enkelejd Alibeajt, Konferenca e Kryetar\u00ebve futi n\u00eb kalendarin e punimeve t\u00eb Kuvendit k\u00ebrkes\u00ebn p\u00ebr interpelanc\u00eb urgjente me kryeministrin Edi Rama lidhur me \u00e7\u00ebshtjen \u201cMcGonigal\u201d.<\/span><\/p>\n<p><span style=\"color: #000000;\">Nd\u00ebrkoh\u00eb q\u00eb n\u00eb mbledhjen e sotme, deputetja e PD Flutura A\u00e7ka, ngriti shqet\u00ebsimin se si u mbyll her\u00ebn e kaluar seanca parlamentare duke shmangur debatin p\u00ebr ish-zyrtarin e FBI, Charles McGonigal, q\u00eb opozita e k\u00ebrkoi me k\u00ebmb\u00ebngulje.<\/span><\/p>\n<p><span style=\"color: #000000;\">\u201c<em>Po ndodh fashistizimi i Parlamentit. N\u00eb nuk jemi as prokuror\u00eb dhe as inkuizitor\u00eb por jemi mandatuar t\u00eb k\u00ebrkojm\u00eb llogari dhe mbyllja e seanc\u00ebs \u00ebsht\u00eb shkelje e Rregullores s\u00eb Parlamentit dhe Kushtetut\u00ebs s\u00eb Republik\u00ebs\u201d,<\/em> ka deklaruar deputetja.<\/span><\/p>\n","protected":false,"gt_translate_keys":[{"key":"rendered","format":"html"}]},"excerpt":{"rendered":"<p>&nbsp; T\u00eb k\u00ebrkuar nga Grupi i Enkelejd Alibeajt, Konferenca e Kryetar\u00ebve futi n\u00eb kalendarin e punimeve t\u00eb Kuvendit k\u00ebrkes\u00ebn p\u00ebr interpelanc\u00eb urgjente me kryeministrin Edi Rama lidhur me \u00e7\u00ebshtjen \u201cMcGonigal\u201d. Nd\u00ebrkoh\u00eb q\u00eb n\u00eb mbledhjen e sotme, deputetja e PD Flutura A\u00e7ka, ngriti shqet\u00ebsimin se si u mbyll her\u00ebn e kaluar seanca parlamentare duke shmangur debatin [&hellip;]<\/p>\n","protected":false,"gt_translate_keys":[{"key":"rendered","format":"html"}]},"author":30,"featured_media":576362,"comment_status":"closed","ping_status":"closed","sticky":false,"template":"","format":"standard","meta":{"footnotes":""},"categories":[65],"tags":[],"class_list":["post-576361","post","type-post","status-publish","format-standard","has-post-thumbnail","hentry","category-lajme"],"gt_translate_keys":[{"key":"link","format":"url"}],"_links":{"self":[{"href":"https:\/\/www.hashtag.al\/index.php\/wp-json\/wp\/v2\/posts\/576361","targetHints":{"allow":["GET"]}}],"collection":[{"href":"https:\/\/www.hashtag.al\/index.php\/wp-json\/wp\/v2\/posts"}],"about":[{"href":"https:\/\/www.hashtag.al\/index.php\/wp-json\/wp\/v2\/types\/post"}],"author":[{"embeddable":true,"href":"https:\/\/www.hashtag.al\/index.php\/wp-json\/wp\/v2\/users\/30"}],"replies":[{"embeddable":true,"href":"https:\/\/www.hashtag.al\/index.php\/wp-json\/wp\/v2\/comments?post=576361"}],"version-history":[{"count":0,"href":"https:\/\/www.hashtag.al\/index.php\/wp-json\/wp\/v2\/posts\/576361\/revisions"}],"wp:featuredmedia":[{"embeddable":true,"href":"https:\/\/www.hashtag.al\/index.php\/wp-json\/wp\/v2\/media\/576362"}],"wp:attachment":[{"href":"https:\/\/www.hashtag.al\/index.php\/wp-json\/wp\/v2\/media?parent=576361"}],"wp:term":[{"taxonomy":"category","embeddable":true,"href":"https:\/\/www.hashtag.al\/index.php\/wp-json\/wp\/v2\/categories?post=576361"},{"taxonomy":"post_tag","embeddable":true,"href":"https:\/\/www.hashtag.al\/index.php\/wp-json\/wp\/v2\/tags?post=576361"}],"curies":[{"name":"wp","href":"https:\/\/api.w.org\/{rel}","templated":true}]}}