{"id":576218,"date":"2023-01-29T15:18:31","date_gmt":"2023-01-29T14:18:31","guid":{"rendered":"https:\/\/www.hashtag.al\/?p=576218"},"modified":"2023-01-29T15:18:31","modified_gmt":"2023-01-29T14:18:31","slug":"reagon-partia-e-lirise-pas-cmontimit-te-kamerave-spiune-krimi-ka-pasur-nen-kontroll-policine","status":"publish","type":"post","link":"https:\/\/www.hashtag.al\/index.php\/2023\/01\/29\/reagon-partia-e-lirise-pas-cmontimit-te-kamerave-spiune-krimi-ka-pasur-nen-kontroll-policine\/","title":{"rendered":"Reagon Partia e Liris\u00eb pas \u00e7montimit t\u00eb kamerave spiune: Krimi ka pasur n\u00ebn kontroll policin\u00eb","gt_translate_keys":[{"key":"rendered","format":"text"}]},"content":{"rendered":"<p><span style=\"color: #000000;\"><a style=\"color: #000000;\" href=\"https:\/\/www.hashtag.al\/wp-content\/uploads\/2023\/01\/pl.png\"><img loading=\"lazy\" decoding=\"async\" class=\"aligncenter size-full wp-image-576219\" src=\"https:\/\/www.hashtag.al\/wp-content\/uploads\/2023\/01\/pl.png\" alt=\"\" width=\"1912\" height=\"953\" srcset=\"https:\/\/www.hashtag.al\/wp-content\/uploads\/2023\/01\/pl.png 1912w, https:\/\/www.hashtag.al\/wp-content\/uploads\/2023\/01\/pl-300x150.png 300w, https:\/\/www.hashtag.al\/wp-content\/uploads\/2023\/01\/pl-1024x510.png 1024w, https:\/\/www.hashtag.al\/wp-content\/uploads\/2023\/01\/pl-768x383.png 768w, https:\/\/www.hashtag.al\/wp-content\/uploads\/2023\/01\/pl-1536x766.png 1536w\" sizes=\"auto, (max-width: 1912px) 100vw, 1912px\" \/><\/a><\/span><\/p>\n<p><span style=\"color: #000000;\">P\u00ebr aksionet e fundit t\u00eb policis\u00eb ku jan\u00eb \u00e7montuar qindra kamera sigurie t\u00eb vendosura n\u00eb qarqe t\u00eb ndryshme t\u00eb vendit nga grupet kriminale, ka reaguar dit\u00ebn e sotme edhe Partia e Liris\u00eb.<\/span><\/p>\n<p><span style=\"color: #000000;\">N\u00ebp\u00ebrmjet nj\u00eb deklarate p\u00ebr mediat, n\u00ebnkryetarja e partis\u00eb s\u00eb Liris\u00eb, Floida K\u00ebrpa\u00e7i, tha se krimi ka pasur n\u00ebn kontroll policin\u00eb e shtetit dhe t\u00eb gjith\u00eb veprimtarin\u00eb n\u00eb terren nd\u00ebrkoh\u00eb q\u00eb k\u00ebta t\u00eb fundit ishin fokusuar tek nd\u00ebshkimi i qytetar\u00ebve t\u00eb thjesht\u00eb dhe jo goditja e grupeve kriminale.<\/span><\/p>\n<p><span style=\"color: #000000;\"><em>\u201cFakti skandaloz i p\u00ebrgjimit\u00a0 me kamera t\u00eb territorit haptas nga krimi ka marr\u00eb dimensione trondit\u00ebse. N\u00eb dhjet\u00ebra bashki t\u00eb vendit jan\u00eb evidentuar qindra kamera t\u00eb pautorizuara dhe n\u00eb sh\u00ebrbim t\u00eb grupeve kriminale. Realisht krimi ka pasur n\u00ebn kontroll t\u00eb plot\u00eb Policin\u00eb e Shtetit dhe veprimtarin\u00eb saj n\u00eb terren. P\u00ebr vite me radh\u00eb kjo veprimtari ka vazhduar e pa shqet\u00ebsuar sepse policia\u00a0 kishte prioritet t\u00eb p\u00ebrgjonte,\u00a0 monitoronte dhe dhunonte opozit\u00ebn dhe qytetar\u00ebt e thjesht\u00eb dhe jo t\u00eb vepronte ndaj grupeve kriminale\u201d-<\/em> u shpreh K\u00ebrpa\u00e7i.<\/span><\/p>\n<p><span style=\"color: #000000;\">M\u00eb tej ajo tha se policia ishte v\u00ebn\u00eb n\u00ebn v\u00ebzhgim nga grupet kriminale nd\u00ebrkoh\u00eb q\u00eb duhet t\u00eb ishte e kund\u00ebrta dhe se qeveria ishte fokusuar m\u00eb shum\u00eb tek mbajtja n\u00ebn v\u00ebzhgim e qytetar\u00ebve duke p\u00ebrdorur patronazhist\u00ebt.<\/span><\/p>\n<p><span style=\"color: #000000;\"><em>&#8220;Policia q\u00eb shikon edhe nj\u00eb fshatar q\u00eb shet nj\u00eb trast\u00eb domate\u00a0 e dy tufa majdanoz apo q\u00eb nuk i shp\u00ebton nj\u00eb riparim \u00e7ezme n\u00eb nj\u00eb banes\u00eb qytetari, nuk paska par\u00eb qindra kamera an\u00eb e mban\u00eb vendit q\u00eb haptas mb\u00ebshtesnin veprimtarin\u00eb kriminale dhe trafiqet e \u00e7do lloji. Qeveria q\u00eb mbante me rroga patronazhist\u00ebt dhe kishte merak t\u00eb merrte vesh gjith\u00e7ka mbi\u00a0 qytetar\u00ebt dhe p\u00ebrfaq\u00ebsuesit e opozit\u00ebs b\u00ebnte sikur nuk e shikonte q\u00eb grupet kriminale kishin n\u00eb kontroll policin\u00eb n\u00eb nj\u00eb koh\u00eb q\u00eb duhet t\u00eb ndodhte krejt e kund\u00ebrta\u201d-<\/em> shtoi nd\u00ebr t\u00eb tjera n\u00ebnkryetarja e PL-s\u00eb.<\/span><\/p>\n<p><span style=\"color: #000000;\">Deri tani, n\u00eb kuad\u00ebr t\u00eb operacionit \u2018Fije\u2019,\u00a0 policia ka \u00e7montuar 181 kamera n\u00eb 5 qarqe, m\u00eb konkretisht 59 n\u00eb Shkod\u00ebr, 47 n\u00eb Durr\u00ebs, 16 n\u00eb Vlor\u00eb\u00a0 39 n\u00eb Kor\u00e7\u00eb dhe s\u00eb fundmi 20 n\u00eb Fier. Kamerat ishin t\u00eb instaluara n\u00eb shtylla elektrike, n\u00eb zona q\u00eb konsiderohen si shum\u00eb t\u00eb frekuentuara nga qytetar\u00ebt. T\u00eb gjitha kamerat e \u00e7montuara dyshohet t\u00eb jen\u00eb t\u00eb lidhura me aparate celulare dhe komandimi i tyre t\u00eb b\u00ebhet p\u00ebrmes internetit, edhe nga jasht\u00eb shtetit, dyshohet n\u00eb Gjermani.<\/span><\/p>\n<p>&nbsp;<\/p>\n<p>&nbsp;<\/p>\n","protected":false,"gt_translate_keys":[{"key":"rendered","format":"html"}]},"excerpt":{"rendered":"<p>P\u00ebr aksionet e fundit t\u00eb policis\u00eb ku jan\u00eb \u00e7montuar qindra kamera sigurie t\u00eb vendosura n\u00eb qarqe t\u00eb ndryshme t\u00eb vendit nga grupet kriminale, ka reaguar dit\u00ebn e sotme edhe Partia e Liris\u00eb. N\u00ebp\u00ebrmjet nj\u00eb deklarate p\u00ebr mediat, n\u00ebnkryetarja e partis\u00eb s\u00eb Liris\u00eb, Floida K\u00ebrpa\u00e7i, tha se krimi ka pasur n\u00ebn kontroll policin\u00eb e shtetit dhe [&hellip;]<\/p>\n","protected":false,"gt_translate_keys":[{"key":"rendered","format":"html"}]},"author":30,"featured_media":576219,"comment_status":"closed","ping_status":"closed","sticky":false,"template":"","format":"standard","meta":{"footnotes":""},"categories":[65],"tags":[],"class_list":["post-576218","post","type-post","status-publish","format-standard","has-post-thumbnail","hentry","category-lajme"],"gt_translate_keys":[{"key":"link","format":"url"}],"_links":{"self":[{"href":"https:\/\/www.hashtag.al\/index.php\/wp-json\/wp\/v2\/posts\/576218","targetHints":{"allow":["GET"]}}],"collection":[{"href":"https:\/\/www.hashtag.al\/index.php\/wp-json\/wp\/v2\/posts"}],"about":[{"href":"https:\/\/www.hashtag.al\/index.php\/wp-json\/wp\/v2\/types\/post"}],"author":[{"embeddable":true,"href":"https:\/\/www.hashtag.al\/index.php\/wp-json\/wp\/v2\/users\/30"}],"replies":[{"embeddable":true,"href":"https:\/\/www.hashtag.al\/index.php\/wp-json\/wp\/v2\/comments?post=576218"}],"version-history":[{"count":0,"href":"https:\/\/www.hashtag.al\/index.php\/wp-json\/wp\/v2\/posts\/576218\/revisions"}],"wp:featuredmedia":[{"embeddable":true,"href":"https:\/\/www.hashtag.al\/index.php\/wp-json\/wp\/v2\/media\/576219"}],"wp:attachment":[{"href":"https:\/\/www.hashtag.al\/index.php\/wp-json\/wp\/v2\/media?parent=576218"}],"wp:term":[{"taxonomy":"category","embeddable":true,"href":"https:\/\/www.hashtag.al\/index.php\/wp-json\/wp\/v2\/categories?post=576218"},{"taxonomy":"post_tag","embeddable":true,"href":"https:\/\/www.hashtag.al\/index.php\/wp-json\/wp\/v2\/tags?post=576218"}],"curies":[{"name":"wp","href":"https:\/\/api.w.org\/{rel}","templated":true}]}}