{"id":576085,"date":"2023-01-28T19:21:22","date_gmt":"2023-01-28T18:21:22","guid":{"rendered":"https:\/\/www.hashtag.al\/?p=576085"},"modified":"2023-01-28T19:30:00","modified_gmt":"2023-01-28T18:30:00","slug":"ap-kerkon-ndjese-per-referencen-e-papershtatshme-ndaj-francezeve","status":"publish","type":"post","link":"https:\/\/www.hashtag.al\/index.php\/2023\/01\/28\/ap-kerkon-ndjese-per-referencen-e-papershtatshme-ndaj-francezeve\/","title":{"rendered":"AP k\u00ebrkon ndjes\u00eb p\u00ebr \u2018referenc\u00ebn e pap\u00ebrshtatshme ndaj francez\u00ebve\u2019","gt_translate_keys":[{"key":"rendered","format":"text"}]},"content":{"rendered":"<p><span style=\"color: #000000;\"><img loading=\"lazy\" decoding=\"async\" class=\"aligncenter size-full wp-image-576086\" src=\"https:\/\/www.hashtag.al\/wp-content\/uploads\/2023\/01\/francez.jpg\" alt=\"\" width=\"768\" height=\"432\" srcset=\"https:\/\/www.hashtag.al\/wp-content\/uploads\/2023\/01\/francez.jpg 768w, https:\/\/www.hashtag.al\/wp-content\/uploads\/2023\/01\/francez-300x169.jpg 300w\" sizes=\"auto, (max-width: 768px) 100vw, 768px\" \/><\/span><\/p>\n<p><span style=\"color: #000000;\">Associated Press ka k\u00ebrkuar falje dhe ka fshir\u00eb nj\u00eb postim n\u00eb Twitter q\u00eb k\u00ebshillonte gazetar\u00ebt se \u2018Francez\u00ebt\u2019 \u00ebsht\u00eb nj\u00eb term q\u00eb duhet shmangur s\u00eb bashku me \u2018t\u00eb s\u00ebmur\u00ebt mendor\u00eb\u2019 dhe \u2018t\u00eb paaft\u00ebt\u2019. K\u00ebshilla e agjencis\u00eb u tall n\u00eb internet, duke p\u00ebrfshir\u00eb edhe Ambasad\u00ebn e Franc\u00ebs n\u00eb Uashington.<\/span><\/p>\n<p><span style=\"color: #000000;\">Libri i stilit i Associated Press konsiderohet si nj\u00eb nga udh\u00ebzuesit m\u00eb autoritativ\u00eb p\u00ebr p\u00ebrdorimin e gjuh\u00ebs angleze p\u00ebr gazetar\u00ebt, dhe botimi i tij i vitit 2022 vjen me 640 faqe rregullash mbi shkronjat e m\u00ebdha, shenjat e pik\u00ebsimit, drejtshkrimin dhe zhargonin.<\/span><\/p>\n<p><span style=\"color: #000000;\">Libri i stileve p\u00ebrdit\u00ebsohet vazhdimisht, me AP q\u00eb l\u00ebshon rregullisht k\u00ebshilla t\u00eb reja p\u00ebrmes T\u00ebitter. <\/span><\/p>\n<p><span style=\"color: #000000;\">N\u00eb nj\u00eb postim t\u00eb fshir\u00eb n\u00eb Twitter, t\u00eb postuar t\u00eb enjten, agjencia tha: <em>\u201cNe rekomandojm\u00eb shmangien e etiketimeve t\u00eb p\u00ebrgjithshme dhe shpesh \u00e7njer\u00ebzore si t\u00eb varf\u00ebrit, t\u00eb s\u00ebmur\u00ebt mendor\u00eb, francez\u00ebt, t\u00eb paaft\u00ebt, t\u00eb arsimuarit n\u00eb kolegj. N\u00eb vend t\u00eb k\u00ebsaj, p\u00ebrdorni formulime t\u00eb tilla si njer\u00ebzit me s\u00ebmundje mendore. Dhe p\u00ebrdorni k\u00ebto p\u00ebrshkrime vet\u00ebm kur jan\u00eb qart\u00ebsisht t\u00eb r\u00ebnd\u00ebsishme.\u201d<\/em><\/span><\/p>\n<p><span style=\"color: #000000;\">Futja e \u2018francez\u00ebve\u2019 n\u00eb list\u00eb b\u00ebri buj\u00eb. Shkrimtarja Sarah Haider tha me shaka se nuk ka \u2018asgj\u00eb m\u00eb \u00e7njer\u00ebzore sesa t\u00eb konsiderohet si nj\u00eb nga francez\u00ebt. P\u00ebrkundrazi, individ\u00eb t\u00eb till\u00eb duhet t\u00eb mendohen si &#8216;q\u00eb vuajn\u00eb nga francez\u00ebt&#8217; dhe meritojn\u00eb dhembshurin\u00eb dhe lutjet tona\u2019.<\/span><\/p>\n<p><span style=\"color: #000000;\"><img loading=\"lazy\" decoding=\"async\" class=\"aligncenter size-full wp-image-576088\" src=\"https:\/\/www.hashtag.al\/wp-content\/uploads\/2023\/01\/ambasadafrance.png\" alt=\"\" width=\"699\" height=\"636\" srcset=\"https:\/\/www.hashtag.al\/wp-content\/uploads\/2023\/01\/ambasadafrance.png 699w, https:\/\/www.hashtag.al\/wp-content\/uploads\/2023\/01\/ambasadafrance-300x273.png 300w\" sizes=\"auto, (max-width: 699px) 100vw, 699px\" \/><\/span><\/p>\n<p><span style=\"color: #000000;\">Ambasada franceze n\u00eb SHBA sugjeroi q\u00eb ajo t\u00eb ndryshonte emrin e saj n\u00eb \u2018Ambasada e Francez\u00ebve n\u00eb SHBA\u2019.<\/span><\/p>\n<p><span style=\"color: #000000;\">AP njoftoi t\u00eb premten se kishte fshir\u00eb postimin e saj n\u00eb Twitter \u2018p\u00ebr shkak t\u00eb nj\u00eb referimi t\u00eb pap\u00ebrshtatsh\u00ebm ndaj francez\u00ebve\u2019. <\/span><\/p>\n<p><span style=\"color: #000000;\">Megjithat\u00eb, agjencia p\u00ebrs\u00ebriti k\u00ebshillat e saj t\u00eb m\u00ebparshme p\u00ebr \u2018shmangien e etiketimeve t\u00eb p\u00ebrgjithshme \u2018si t\u00eb varf\u00ebrit, t\u00eb s\u00ebmur\u00ebt mendor\u00eb, t\u00eb pasurit, t\u00eb paaft\u00ebt, t\u00eb arsimuarit n\u00eb kolegj\u2019.<\/span><\/p>\n","protected":false,"gt_translate_keys":[{"key":"rendered","format":"html"}]},"excerpt":{"rendered":"<p>Associated Press ka k\u00ebrkuar falje dhe ka fshir\u00eb nj\u00eb postim n\u00eb Twitter q\u00eb k\u00ebshillonte gazetar\u00ebt se \u2018Francez\u00ebt\u2019 \u00ebsht\u00eb nj\u00eb term q\u00eb duhet shmangur s\u00eb bashku me \u2018t\u00eb s\u00ebmur\u00ebt mendor\u00eb\u2019 dhe \u2018t\u00eb paaft\u00ebt\u2019. K\u00ebshilla e agjencis\u00eb u tall n\u00eb internet, duke p\u00ebrfshir\u00eb edhe Ambasad\u00ebn e Franc\u00ebs n\u00eb Uashington. Libri i stilit i Associated Press konsiderohet si [&hellip;]<\/p>\n","protected":false,"gt_translate_keys":[{"key":"rendered","format":"html"}]},"author":51,"featured_media":576086,"comment_status":"closed","ping_status":"closed","sticky":false,"template":"","format":"standard","meta":{"footnotes":""},"categories":[53],"tags":[],"class_list":["post-576085","post","type-post","status-publish","format-standard","has-post-thumbnail","hentry","category-fast-foodi"],"gt_translate_keys":[{"key":"link","format":"url"}],"_links":{"self":[{"href":"https:\/\/www.hashtag.al\/index.php\/wp-json\/wp\/v2\/posts\/576085","targetHints":{"allow":["GET"]}}],"collection":[{"href":"https:\/\/www.hashtag.al\/index.php\/wp-json\/wp\/v2\/posts"}],"about":[{"href":"https:\/\/www.hashtag.al\/index.php\/wp-json\/wp\/v2\/types\/post"}],"author":[{"embeddable":true,"href":"https:\/\/www.hashtag.al\/index.php\/wp-json\/wp\/v2\/users\/51"}],"replies":[{"embeddable":true,"href":"https:\/\/www.hashtag.al\/index.php\/wp-json\/wp\/v2\/comments?post=576085"}],"version-history":[{"count":0,"href":"https:\/\/www.hashtag.al\/index.php\/wp-json\/wp\/v2\/posts\/576085\/revisions"}],"wp:featuredmedia":[{"embeddable":true,"href":"https:\/\/www.hashtag.al\/index.php\/wp-json\/wp\/v2\/media\/576086"}],"wp:attachment":[{"href":"https:\/\/www.hashtag.al\/index.php\/wp-json\/wp\/v2\/media?parent=576085"}],"wp:term":[{"taxonomy":"category","embeddable":true,"href":"https:\/\/www.hashtag.al\/index.php\/wp-json\/wp\/v2\/categories?post=576085"},{"taxonomy":"post_tag","embeddable":true,"href":"https:\/\/www.hashtag.al\/index.php\/wp-json\/wp\/v2\/tags?post=576085"}],"curies":[{"name":"wp","href":"https:\/\/api.w.org\/{rel}","templated":true}]}}