{"id":575984,"date":"2023-01-27T22:25:01","date_gmt":"2023-01-27T21:25:01","guid":{"rendered":"https:\/\/www.hashtag.al\/?p=575984"},"modified":"2023-01-27T22:25:01","modified_gmt":"2023-01-27T21:25:01","slug":"shba-akuzon-tre-persona-te-mbeshtetur-nga-irani-per-te-vrare-nje-gazetare-te-voa","status":"publish","type":"post","link":"https:\/\/www.hashtag.al\/index.php\/2023\/01\/27\/shba-akuzon-tre-persona-te-mbeshtetur-nga-irani-per-te-vrare-nje-gazetare-te-voa\/","title":{"rendered":"SHBA akuzon tre persona t\u00eb mb\u00ebshtetur nga Irani p\u00ebr t\u00eb vrar\u00eb nj\u00eb gazetare t\u00eb VOA","gt_translate_keys":[{"key":"rendered","format":"text"}]},"content":{"rendered":"<p>&nbsp;<\/p>\n<p><span style=\"color: #000000;\"><a style=\"color: #000000;\" href=\"https:\/\/www.hashtag.al\/wp-content\/uploads\/2023\/01\/GAZETARE.jpg\"><img loading=\"lazy\" decoding=\"async\" class=\"aligncenter size-full wp-image-575985\" src=\"https:\/\/www.hashtag.al\/wp-content\/uploads\/2023\/01\/GAZETARE.jpg\" alt=\"\" width=\"1023\" height=\"575\" srcset=\"https:\/\/www.hashtag.al\/wp-content\/uploads\/2023\/01\/GAZETARE.jpg 1023w, https:\/\/www.hashtag.al\/wp-content\/uploads\/2023\/01\/GAZETARE-300x169.jpg 300w, https:\/\/www.hashtag.al\/wp-content\/uploads\/2023\/01\/GAZETARE-768x432.jpg 768w\" sizes=\"auto, (max-width: 1023px) 100vw, 1023px\" \/><\/a><\/span><\/p>\n<p><span style=\"color: #000000;\">Prokuror\u00ebt amerikan\u00eb kan\u00eb ngritur akuza ndaj tre an\u00ebtar\u00ebve t\u00eb nj\u00eb organizate kriminale n\u00eb Evrop\u00ebn Lindore, q\u00eb ka lidhje me qeverin\u00eb e Iranit, se kan\u00eb komplotuar p\u00ebr t\u00eb vrar\u00eb nj\u00eb gazetare dhe aktiviste, e cila \u00ebsht\u00eb shtetase amerikane. Lajmi u njoftua t\u00eb premten nga Prokurori i P\u00ebrgjithsh\u00ebm Merrick Garland, shkruan <a href=\"https:\/\/www.zeriamerikes.com\/a\/6937214.html\"><span style=\"color: #000080;\">VOA.<\/span><\/a><\/span><\/p>\n<p><span style=\"color: #000000;\">Rafat Amirov, Polad Omarov dhe Khalid Mehdiyev akuzohen se kan\u00eb tentuar t\u00eb vrasin gazetaren kundrejt nj\u00eb shp\u00ebrblimi n\u00eb para si dhe p\u00ebr pastrim parash, pjes\u00eb e nj\u00eb komploti t\u00eb d\u00ebshtuar t\u00eb mb\u00ebshtetur nga Teherani.<\/span><\/p>\n<p><span style=\"color: #000000;\">Duke iu referuar personin q\u00eb ishte objekt i komplotit, zoti Garland tha se \u201cviktima kishte publikuar fakte rreth abuzimeve me t\u00eb drejtat e njeriut nga qeveria iraniane, trajtimin diskriminues t\u00eb grave, shtypjen e protestave demokratike si dhe burgosjet arbitrare, torturat dhe ekzekutimet\u201d, n\u00eb k\u00ebt\u00eb vend.<\/span><\/p>\n<p><span style=\"color: #000000;\">Prokurori Garland nuk e p\u00ebrmendi emrin e viktim\u00ebs s\u00eb supozuar, por Mehdiyev u arrestua vitin e kaluar n\u00eb Nju Jork pasi kishte n\u00eb zot\u00ebrim nj\u00eb arm\u00eb pran\u00eb sht\u00ebpis\u00eb n\u00eb Bruklin t\u00eb gazetares Masih Alinejad, nj\u00eb kritike e njohur e ligjeve t\u00eb Iranit p\u00ebr mbulimin e kok\u00ebs, q\u00eb ka publikuar video t\u00eb grave q\u00eb shkelin ato ligje n\u00eb rrjetet e mediave sociale, e q\u00eb punon p\u00ebr sh\u00ebrbimin persian t\u00eb Z\u00ebrit t\u00eb Amerik\u00ebs.<\/span><\/p>\n<p><span style=\"color: #000000;\">Mehdiyev u deklarua i pafajsh\u00ebm p\u00ebr akuz\u00ebn e zot\u00ebrimit t\u00eb nj\u00eb arme zjarri me nj\u00eb num\u00ebr serie t\u00eb fshir\u00eb. Ai po mbahet n\u00eb Qendr\u00ebn e Paraburgimit Metropolitan t\u00eb Bruklinit n\u00eb pritje t\u00eb gjykimit.<\/span><\/p>\n<p><span style=\"color: #000000;\">Misioni i Iranit n\u00eb Kombet e Bashkuara nuk iu p\u00ebrgjigj menj\u00ebher\u00eb nj\u00eb k\u00ebrkese p\u00ebr koment.<\/span><\/p>\n<p><span style=\"color: #000000;\">Prokuror\u00ebt amerikan\u00eb n\u00eb vitin 2021 akuzuan kat\u00ebr iranian\u00eb t\u00eb dyshuar si operativ\u00eb t\u00eb inteligjenc\u00ebs p\u00ebr Teheranin, p\u00ebr komplot p\u00ebr t\u00eb rr\u00ebmbyer nj\u00eb gazetare dhe aktiviste me baz\u00eb n\u00eb Nju Jork. Nd\u00ebrsa objektivi i komplotit nuk u tha, agjencia Reuters konfirmoi se ajo ishte gazetarja Alinejad.<\/span><\/p>\n<p><span style=\"color: #000000;\">Amirov u arrestua t\u00eb enjten dhe do t\u00eb ket\u00eb nj\u00eb seanc\u00eb paraprake n\u00eb gjykat\u00ebn federale n\u00eb Manhatan m\u00eb von\u00eb t\u00eb premten. Omarov u arrestua n\u00eb Republik\u00ebn \u00c7eke n\u00eb fillim t\u00eb k\u00ebtij muaji dhe Shtetet e Bashkuara po k\u00ebrkojn\u00eb ekstradimin e tij.<\/span><\/p>\n<p><span style=\"color: #000000;\">Shtetet e Bashkuara n\u00eb vitin 2011 arrestuan nj\u00eb person p\u00ebr t\u00eb cilin thuhet se ishte i lidhur me nj\u00eb komplot iranian p\u00ebr t\u00eb vrar\u00eb ambasadorin e Arabis\u00eb Saudite n\u00eb Uashington n\u00eb at\u00eb koh\u00eb n\u00eb nj\u00eb restorant q\u00eb ai frekuentonte n\u00eb kryeqytet.<\/span><\/p>\n<p><span style=\"color: #000000;\">Uashingtoni akuzon Teheranin p\u00ebr mb\u00ebshtetjen e terrorizmit dhe p\u00ebrpjekje p\u00ebr nd\u00ebrtimin e arm\u00ebve b\u00ebrthamore, akuza q\u00eb Irani i mohon.<\/span><\/p>\n","protected":false,"gt_translate_keys":[{"key":"rendered","format":"html"}]},"excerpt":{"rendered":"<p>&nbsp; Prokuror\u00ebt amerikan\u00eb kan\u00eb ngritur akuza ndaj tre an\u00ebtar\u00ebve t\u00eb nj\u00eb organizate kriminale n\u00eb Evrop\u00ebn Lindore, q\u00eb ka lidhje me qeverin\u00eb e Iranit, se kan\u00eb komplotuar p\u00ebr t\u00eb vrar\u00eb nj\u00eb gazetare dhe aktiviste, e cila \u00ebsht\u00eb shtetase amerikane. Lajmi u njoftua t\u00eb premten nga Prokurori i P\u00ebrgjithsh\u00ebm Merrick Garland, shkruan VOA. Rafat Amirov, Polad Omarov [&hellip;]<\/p>\n","protected":false,"gt_translate_keys":[{"key":"rendered","format":"html"}]},"author":30,"featured_media":575985,"comment_status":"closed","ping_status":"closed","sticky":false,"template":"","format":"standard","meta":{"footnotes":""},"categories":[6],"tags":[],"class_list":["post-575984","post","type-post","status-publish","format-standard","has-post-thumbnail","hentry","category-nderkombetare"],"gt_translate_keys":[{"key":"link","format":"url"}],"_links":{"self":[{"href":"https:\/\/www.hashtag.al\/index.php\/wp-json\/wp\/v2\/posts\/575984","targetHints":{"allow":["GET"]}}],"collection":[{"href":"https:\/\/www.hashtag.al\/index.php\/wp-json\/wp\/v2\/posts"}],"about":[{"href":"https:\/\/www.hashtag.al\/index.php\/wp-json\/wp\/v2\/types\/post"}],"author":[{"embeddable":true,"href":"https:\/\/www.hashtag.al\/index.php\/wp-json\/wp\/v2\/users\/30"}],"replies":[{"embeddable":true,"href":"https:\/\/www.hashtag.al\/index.php\/wp-json\/wp\/v2\/comments?post=575984"}],"version-history":[{"count":0,"href":"https:\/\/www.hashtag.al\/index.php\/wp-json\/wp\/v2\/posts\/575984\/revisions"}],"wp:featuredmedia":[{"embeddable":true,"href":"https:\/\/www.hashtag.al\/index.php\/wp-json\/wp\/v2\/media\/575985"}],"wp:attachment":[{"href":"https:\/\/www.hashtag.al\/index.php\/wp-json\/wp\/v2\/media?parent=575984"}],"wp:term":[{"taxonomy":"category","embeddable":true,"href":"https:\/\/www.hashtag.al\/index.php\/wp-json\/wp\/v2\/categories?post=575984"},{"taxonomy":"post_tag","embeddable":true,"href":"https:\/\/www.hashtag.al\/index.php\/wp-json\/wp\/v2\/tags?post=575984"}],"curies":[{"name":"wp","href":"https:\/\/api.w.org\/{rel}","templated":true}]}}