{"id":575942,"date":"2023-01-27T18:49:10","date_gmt":"2023-01-27T17:49:10","guid":{"rendered":"https:\/\/www.hashtag.al\/?p=575942"},"modified":"2023-01-27T18:52:03","modified_gmt":"2023-01-27T17:52:03","slug":"artan-hoxha-ripublikon-audioregjistrimin-e-21-janarit-komunikimi-mes-gardisteve-pak-minuta-para-vrasjeve","status":"publish","type":"post","link":"https:\/\/www.hashtag.al\/index.php\/2023\/01\/27\/artan-hoxha-ripublikon-audioregjistrimin-e-21-janarit-komunikimi-mes-gardisteve-pak-minuta-para-vrasjeve\/","title":{"rendered":"Artan Hoxha ripublikon audioregjistrimin e \u201c21 janarit\u201d, komunikimi mes gardist\u00ebve pak minuta para vrasjeve\/ Video","gt_translate_keys":[{"key":"rendered","format":"text"}]},"content":{"rendered":"<p><span style=\"color: #000000;\"><a style=\"color: #000000;\" href=\"https:\/\/www.hashtag.al\/wp-content\/uploads\/2023\/01\/tan-hxha-2.jpg\"><img loading=\"lazy\" decoding=\"async\" class=\"aligncenter size-full wp-image-575943\" src=\"https:\/\/www.hashtag.al\/wp-content\/uploads\/2023\/01\/tan-hxha-2.jpg\" alt=\"\" width=\"1018\" height=\"562\" srcset=\"https:\/\/www.hashtag.al\/wp-content\/uploads\/2023\/01\/tan-hxha-2.jpg 1018w, https:\/\/www.hashtag.al\/wp-content\/uploads\/2023\/01\/tan-hxha-2-300x166.jpg 300w, https:\/\/www.hashtag.al\/wp-content\/uploads\/2023\/01\/tan-hxha-2-768x424.jpg 768w, https:\/\/www.hashtag.al\/wp-content\/uploads\/2023\/01\/tan-hxha-2-750x415.jpg 750w\" sizes=\"auto, (max-width: 1018px) 100vw, 1018px\" \/><\/a><\/span><\/p>\n<p><span style=\"color: #000000;\">Gazetari Artan Hoxha ka ripublikuar edhe nj\u00eb her\u00eb n\u00eb News24 audioregjistrimin e \u201c21 janarit\u201d ku d\u00ebgjohet komunikimi n\u00eb radio i drejtuesve t\u00eb gard\u00ebs.<\/span><\/p>\n<p><span style=\"color: #000000;\"><em>\u201c\u00cbsht\u00eb regjistrim nuk \u00ebsht\u00eb p\u00ebrgjim dhe \u00ebsht\u00eb shum\u00eb i gjat\u00eb. Familjes ia kam \u00e7uar kaset\u00ebn e plot\u00eb, e disponon familja Nika. Ky \u00ebsht\u00eb vet\u00ebm nj\u00eb fragment i materialit. Ne tani e gjet\u00ebm, po ta kisha gjetur m\u00eb par\u00eb do ta kisha b\u00ebr\u00eb publike m\u00eb par\u00eb. Kjo \u00ebsht\u00eb nj\u00eb indicie q\u00eb t\u00eb \u00e7on te prova<\/em>\u201d, tha gazetari Artan Hoxha.<\/span><\/p>\n<p>&nbsp;<\/p>\n<p><span style=\"color: #000000;\">N\u00eb k\u00ebt\u00eb audio d\u00ebgjohet nd\u00ebr t\u00eb tjera:<\/span><\/p>\n<p><span style=\"color: #000000;\">\u2013T\u00eb porta num\u00ebr 5<\/span><\/p>\n<p><span style=\"color: #000000;\">\u2013\u00cbsht\u00eb prishur porta, jan\u00eb prishur portat, po tentojn\u00eb t\u00eb futen brenda<\/span><\/p>\n<p><span style=\"color: #000000;\">\u2014Largohu<\/span><\/p>\n<p><span style=\"color: #000000;\">\u2014D\u00ebgjon..<\/span><\/p>\n<p><span style=\"color: #000000;\">\u2014D\u00ebgjoj\u2026<\/span><\/p>\n<p><span style=\"color: #000000;\">\u2014Hajde pak tek kolonat, takohemi, drejtori jam<\/span><\/p>\n<p><span style=\"color: #000000;\">\u2014Mbrapa ku rrin\u00eb ministrat<\/span><\/p>\n<p><span style=\"color: #000000;\">\u2014Largohu..<\/span><\/p>\n<p><span style=\"color: #000000;\">\u2014\u00c7far\u00eb ka drejtor?<\/span><\/p>\n<p><span style=\"color: #000000;\">\u2014K\u00ebtu jam tek kolonat\u2026<\/span><\/p>\n<p><span style=\"color: #000000;\">\u2014Pse s\u2019p\u00ebrgjigjet drejtorit<\/span><\/p>\n<p><span style=\"color: #000000;\">\u201c<em>N\u00eb bulevard ishin kamerat cep m\u00eb cep, ndaj k\u00ebto ngjarje nuk mund t\u00eb mbyllen sepse \u00ebsht\u00eb gjaku i atyre q\u00eb jan\u00eb vrar\u00eb aty dhe nuk shlyhet me asgj\u00eb<\/em>\u201d, u shpreh Hoxha.<\/span><\/p>\n<p><span style=\"color: #000000;\"><em>\u201cKaseta origjinale, q\u00eb e ka t\u00eb plot\u00eb e disponon familja Nika. Un\u00eb kam dor\u00ebzuar n\u00eb polici \u00e7far\u00eb un\u00eb kisha n\u00eb dispozicion, m\u00eb tej nuk jam i autorizuar. Kam k\u00ebrkuar t\u00eb vihen n\u00eb hetim nga i pari tek i fundit. P\u00ebr t\u00eb ndihmuar hetimin, se k\u00ebtu prevalon hetimi m\u00eb shum\u00eb se detyra ime si gazetar, kurse familja Nika e disponon t\u00eb plot\u00eb dhe ka th\u00ebn\u00eb q\u00eb do ta v\u00ebr\u00eb n\u00eb dispozicion vet\u00ebm t\u00eb SPAK<\/em>\u201d, tha Hoxha.<\/span><\/p>\n<p><span style=\"color: #000000;\">\u00a0<\/span><iframe loading=\"lazy\" title=\"Artan Hoxha:\u00cbsht\u00eb regjistrim,s\u2019\u00ebsht\u00eb p\u00ebrgjim.Familjes ia kam \u00e7uar kaset\u00ebn e plot\u00eb, e ka familja Nika\" src=\"https:\/\/www.youtube.com\/embed\/Ivoy8-nahmg\" width=\"638\" height=\"360\" frameborder=\"0\" allowfullscreen=\"allowfullscreen\"><\/iframe><\/p>\n","protected":false,"gt_translate_keys":[{"key":"rendered","format":"html"}]},"excerpt":{"rendered":"<p>Gazetari Artan Hoxha ka ripublikuar edhe nj\u00eb her\u00eb n\u00eb News24 audioregjistrimin e \u201c21 janarit\u201d ku d\u00ebgjohet komunikimi n\u00eb radio i drejtuesve t\u00eb gard\u00ebs. \u201c\u00cbsht\u00eb regjistrim nuk \u00ebsht\u00eb p\u00ebrgjim dhe \u00ebsht\u00eb shum\u00eb i gjat\u00eb. Familjes ia kam \u00e7uar kaset\u00ebn e plot\u00eb, e disponon familja Nika. Ky \u00ebsht\u00eb vet\u00ebm nj\u00eb fragment i materialit. Ne tani e gjet\u00ebm, [&hellip;]<\/p>\n","protected":false,"gt_translate_keys":[{"key":"rendered","format":"html"}]},"author":30,"featured_media":575943,"comment_status":"closed","ping_status":"closed","sticky":false,"template":"","format":"standard","meta":{"footnotes":""},"categories":[65],"tags":[],"class_list":["post-575942","post","type-post","status-publish","format-standard","has-post-thumbnail","hentry","category-lajme"],"gt_translate_keys":[{"key":"link","format":"url"}],"_links":{"self":[{"href":"https:\/\/www.hashtag.al\/index.php\/wp-json\/wp\/v2\/posts\/575942","targetHints":{"allow":["GET"]}}],"collection":[{"href":"https:\/\/www.hashtag.al\/index.php\/wp-json\/wp\/v2\/posts"}],"about":[{"href":"https:\/\/www.hashtag.al\/index.php\/wp-json\/wp\/v2\/types\/post"}],"author":[{"embeddable":true,"href":"https:\/\/www.hashtag.al\/index.php\/wp-json\/wp\/v2\/users\/30"}],"replies":[{"embeddable":true,"href":"https:\/\/www.hashtag.al\/index.php\/wp-json\/wp\/v2\/comments?post=575942"}],"version-history":[{"count":0,"href":"https:\/\/www.hashtag.al\/index.php\/wp-json\/wp\/v2\/posts\/575942\/revisions"}],"wp:featuredmedia":[{"embeddable":true,"href":"https:\/\/www.hashtag.al\/index.php\/wp-json\/wp\/v2\/media\/575943"}],"wp:attachment":[{"href":"https:\/\/www.hashtag.al\/index.php\/wp-json\/wp\/v2\/media?parent=575942"}],"wp:term":[{"taxonomy":"category","embeddable":true,"href":"https:\/\/www.hashtag.al\/index.php\/wp-json\/wp\/v2\/categories?post=575942"},{"taxonomy":"post_tag","embeddable":true,"href":"https:\/\/www.hashtag.al\/index.php\/wp-json\/wp\/v2\/tags?post=575942"}],"curies":[{"name":"wp","href":"https:\/\/api.w.org\/{rel}","templated":true}]}}