{"id":575488,"date":"2023-01-25T17:59:27","date_gmt":"2023-01-25T16:59:27","guid":{"rendered":"https:\/\/www.hashtag.al\/?p=575488"},"modified":"2023-01-25T17:59:27","modified_gmt":"2023-01-25T16:59:27","slug":"lajcak-mberrin-ne-prishtine-per-propozimin-mbi-normalizimin-e-marredhenieve-kosove-serbi","status":"publish","type":"post","link":"https:\/\/www.hashtag.al\/index.php\/2023\/01\/25\/lajcak-mberrin-ne-prishtine-per-propozimin-mbi-normalizimin-e-marredhenieve-kosove-serbi\/","title":{"rendered":"Laj\u00e7ak mb\u00ebrrin n\u00eb Prishtin\u00eb p\u00ebr propozimin mbi normalizimin e marr\u00ebdh\u00ebnieve Kosov\u00eb &#8211; Serbi","gt_translate_keys":[{"key":"rendered","format":"text"}]},"content":{"rendered":"<p>&nbsp;<\/p>\n<p><span style=\"color: #000000;\"><a style=\"color: #000000;\" href=\"https:\/\/www.hashtag.al\/wp-content\/uploads\/2023\/01\/lajcak.jpg\"><img loading=\"lazy\" decoding=\"async\" class=\"aligncenter size-full wp-image-575489\" src=\"https:\/\/www.hashtag.al\/wp-content\/uploads\/2023\/01\/lajcak.jpg\" alt=\"\" width=\"1023\" height=\"575\" srcset=\"https:\/\/www.hashtag.al\/wp-content\/uploads\/2023\/01\/lajcak.jpg 1023w, https:\/\/www.hashtag.al\/wp-content\/uploads\/2023\/01\/lajcak-300x169.jpg 300w, https:\/\/www.hashtag.al\/wp-content\/uploads\/2023\/01\/lajcak-768x432.jpg 768w\" sizes=\"auto, (max-width: 1023px) 100vw, 1023px\" \/><\/a><\/span><\/p>\n<p><span style=\"color: #000000;\">I d\u00ebrguari i posa\u00e7\u00ebm i Bashkimit Evropian p\u00ebr bisedimet nd\u00ebrmjet Kosov\u00ebs dhe Serbis\u00eb, Miroslav Laj\u00e7ak, pritet q\u00eb t\u00eb q\u00ebndroj\u00eb n\u00eb Prishtin\u00eb n\u00eb kuad\u00ebr t\u00eb p\u00ebrpjekjeve p\u00ebr t\u00eb \u00e7uar p\u00ebrpara propozimin evropian p\u00ebr normalizimin e marr\u00ebdh\u00ebnieve nd\u00ebrmjet t\u00eb dyja vendeve, shkruan <a href=\"https:\/\/www.zeriamerikes.com\/a\/6933390.html\"><span style=\"color: #0000ff;\">VOA.<\/span><\/a><\/span><\/p>\n<p><span style=\"color: #000000;\">Vizita e tij pason takimet e s\u00eb premtes s\u00eb kaluar n\u00eb Prishtin\u00eb dhe n\u00eb Beograd s\u00eb bashku me t\u00eb d\u00ebrguarin amerikan p\u00ebr Ballkanin Per\u00ebndimor, Gabriel Escobar dhe k\u00ebshilltar\u00ebt e udh\u00ebheq\u00ebsve t\u00eb Franc\u00ebs, Gjermanis\u00eb dhe Italis\u00eb.<\/span><\/p>\n<p><span style=\"color: #000000;\">Diplomat\u00ebt per\u00ebndimor\u00eb po u b\u00ebjn\u00eb thirrje Kosov\u00ebs dhe Serbis\u00eb q\u00eb t\u00eb p\u00ebrfitojn\u00eb nga propozimi evropian p\u00ebr normalizimin e marr\u00ebdh\u00ebnieve nd\u00ebrmjet tyre. Propozimi evropian parasheh zbatimin e t\u00eb gjitha marr\u00ebveshjeve t\u00eb deritashme t\u00eb arritura n\u00eb bisedimet e nd\u00ebrmjet\u00ebsuara nga Bashkimi Evropian.<\/span><\/p>\n<p><span style=\"color: #000000;\">K\u00ebshilltari i Departamentit amerikan t\u00eb Shtetit, Derek Chollet, i b\u00ebri thirrje t\u00eb mart\u00ebn Kosov\u00ebs q\u00eb t\u00eb pranoj\u00eb propozimin evropian q\u00eb u b\u00eb i njohur si nisma franko-gjermane.<\/span><\/p>\n<p><span style=\"color: #000000;\">N\u00eb nj\u00eb postim n\u00eb rrjetin Twitter, zoti Chollet tha se bisedoi me kryeministrin e Kosov\u00ebs Albin Kurti dhe diskutoi \u201cp\u00ebr propozimin e BE-s\u00eb p\u00ebr normalizimin e marr\u00ebdh\u00ebnieve me Serbin\u00eb dhe p\u00ebr t\u2019i k\u00ebrkuar Kosov\u00ebs ta pranoj\u00eb at\u00eb\u201d, shkroi ai.<\/span><\/p>\n<p><span style=\"color: #000000;\">SHBA, thirrje Kosov\u00ebs t\u00eb pranoj\u00eb propozimin evropian p\u00ebr normalizimin e marr\u00ebdh\u00ebnieve me Serbin\u00eb<\/span><\/p>\n<p><span style=\"color: #000000;\">Zoti Chollet tha se me kryeministrin Kurti ka diskutuar edhe p\u00ebr ecjen p\u00ebrpara me diskutimet p\u00ebr Asociacionin e komunave me shumic\u00eb serbe n\u00eb kontekstin e dialogut dhe nevoj\u00ebn q\u00eb zyrtar\u00ebt serb\u00eb t\u00eb Kosov\u00ebs t\u00eb kthehen n\u00eb vendet e tyre t\u00eb pun\u00ebs.<\/span><\/p>\n<p><span style=\"color: #000000;\">Qeveria e Kosov\u00ebs as t\u00eb m\u00ebrkur\u00ebn nuk foli p\u00ebr k\u00ebrkesat e diplomat\u00ebve per\u00ebndimor\u00eb kundruall Prishtin\u00ebs zyrtare.<\/span><\/p>\n<p><span style=\"color: #000000;\">Presidenti serb Aleksandar Vu\u00e7i\u00e7 ka th\u00ebn\u00eb se Serbia do t\u00eb p\u00ebrballet me pasoja t\u00eb r\u00ebnda n\u00ebse nuk pajtohet me propozimin evropian. Presidenti serb p\u00ebrmes nj\u00eb video mesazhi t\u00eb shp\u00ebrndar\u00eb n\u00eb rrjetet sociale tha se do t\u00eb shkoj\u00eb n\u00eb parlament p\u00ebr t\u2019u p\u00ebrgjigjur p\u00ebr t\u00eb gjitha \u00e7\u00ebshtjet q\u00eb lidhen me propozimin, n\u00eb t\u00eb cilin theksohet se duhet t\u00eb zbatohen t\u00eb gjitha marr\u00ebveshjet e deritashme t\u00eb arritura n\u00eb bisedimet e nd\u00ebrmjet\u00ebsuara nga Bashkimi Evropian, p\u00ebrfshir\u00eb edhe at\u00eb p\u00ebr themelimin e Asociacionit t\u00eb komunave me shumic\u00eb serbe.<\/span><\/p>\n<p><span style=\"color: #000000;\">Autoritetet n\u00eb Prishtin\u00eb thon\u00eb se \u00e7\u00ebshtja e Asociacionit mund t\u00eb trajtohet n\u00eb kuad\u00ebr t\u00eb marr\u00ebveshjes p\u00ebrfundimtare me Serbin\u00eb dhe se nuk mund t\u00eb b\u00ebhet nj\u00eb mekaniz\u00ebm nj\u00eb etnik sepse nuk \u00ebsht\u00eb n\u00eb frym\u00ebn e Kushtetut\u00ebs s\u00eb vendit.<\/span><\/p>\n<p><span style=\"color: #000000;\">Por diplomat\u00ebt amerikan\u00eb kan\u00eb theksuar se themelimi i Asociacionit \u00ebsht\u00eb \u00e7\u00ebshtje e ndar\u00eb nga propozimi evropian p\u00ebr normalizimin e marr\u00ebdh\u00ebnieve dhe p\u00ebr jav\u00ebn q\u00eb vjen kan\u00eb paralajm\u00ebruar hapjen e diskutimeve p\u00ebr k\u00ebt\u00eb \u00e7\u00ebshtje<\/span><\/p>\n","protected":false,"gt_translate_keys":[{"key":"rendered","format":"html"}]},"excerpt":{"rendered":"<p>&nbsp; I d\u00ebrguari i posa\u00e7\u00ebm i Bashkimit Evropian p\u00ebr bisedimet nd\u00ebrmjet Kosov\u00ebs dhe Serbis\u00eb, Miroslav Laj\u00e7ak, pritet q\u00eb t\u00eb q\u00ebndroj\u00eb n\u00eb Prishtin\u00eb n\u00eb kuad\u00ebr t\u00eb p\u00ebrpjekjeve p\u00ebr t\u00eb \u00e7uar p\u00ebrpara propozimin evropian p\u00ebr normalizimin e marr\u00ebdh\u00ebnieve nd\u00ebrmjet t\u00eb dyja vendeve, shkruan VOA. Vizita e tij pason takimet e s\u00eb premtes s\u00eb kaluar n\u00eb Prishtin\u00eb dhe [&hellip;]<\/p>\n","protected":false,"gt_translate_keys":[{"key":"rendered","format":"html"}]},"author":30,"featured_media":575489,"comment_status":"closed","ping_status":"closed","sticky":false,"template":"","format":"standard","meta":{"footnotes":""},"categories":[149],"tags":[],"class_list":["post-575488","post","type-post","status-publish","format-standard","has-post-thumbnail","hentry","category-kosoverajon"],"gt_translate_keys":[{"key":"link","format":"url"}],"_links":{"self":[{"href":"https:\/\/www.hashtag.al\/index.php\/wp-json\/wp\/v2\/posts\/575488","targetHints":{"allow":["GET"]}}],"collection":[{"href":"https:\/\/www.hashtag.al\/index.php\/wp-json\/wp\/v2\/posts"}],"about":[{"href":"https:\/\/www.hashtag.al\/index.php\/wp-json\/wp\/v2\/types\/post"}],"author":[{"embeddable":true,"href":"https:\/\/www.hashtag.al\/index.php\/wp-json\/wp\/v2\/users\/30"}],"replies":[{"embeddable":true,"href":"https:\/\/www.hashtag.al\/index.php\/wp-json\/wp\/v2\/comments?post=575488"}],"version-history":[{"count":0,"href":"https:\/\/www.hashtag.al\/index.php\/wp-json\/wp\/v2\/posts\/575488\/revisions"}],"wp:featuredmedia":[{"embeddable":true,"href":"https:\/\/www.hashtag.al\/index.php\/wp-json\/wp\/v2\/media\/575489"}],"wp:attachment":[{"href":"https:\/\/www.hashtag.al\/index.php\/wp-json\/wp\/v2\/media?parent=575488"}],"wp:term":[{"taxonomy":"category","embeddable":true,"href":"https:\/\/www.hashtag.al\/index.php\/wp-json\/wp\/v2\/categories?post=575488"},{"taxonomy":"post_tag","embeddable":true,"href":"https:\/\/www.hashtag.al\/index.php\/wp-json\/wp\/v2\/tags?post=575488"}],"curies":[{"name":"wp","href":"https:\/\/api.w.org\/{rel}","templated":true}]}}