{"id":575410,"date":"2023-01-25T13:04:06","date_gmt":"2023-01-25T12:04:06","guid":{"rendered":"https:\/\/www.hashtag.al\/?p=575410"},"modified":"2023-01-25T13:05:57","modified_gmt":"2023-01-25T12:05:57","slug":"prej-5-muajsh-studentet-pa-bursa-qiraxhi-keto-3-vite-ka-pasur-vonesa-te-jashtezakonshme","status":"publish","type":"post","link":"https:\/\/www.hashtag.al\/index.php\/2023\/01\/25\/prej-5-muajsh-studentet-pa-bursa-qiraxhi-keto-3-vite-ka-pasur-vonesa-te-jashtezakonshme\/","title":{"rendered":"Prej 5 muajsh student\u00ebt pa bursa, Qiraxhi: K\u00ebto 3 vite ka pasur vonesa t\u00eb jasht\u00ebzakonshme","gt_translate_keys":[{"key":"rendered","format":"text"}]},"content":{"rendered":"<p><span style=\"color: #000000;\"><a href=\"https:\/\/www.hashtag.al\/wp-content\/uploads\/2023\/01\/qendresa.jpg\"><img loading=\"lazy\" decoding=\"async\" class=\"aligncenter size-full wp-image-575411\" src=\"https:\/\/www.hashtag.al\/wp-content\/uploads\/2023\/01\/qendresa.jpg\" alt=\"\" width=\"780\" height=\"440\" srcset=\"https:\/\/www.hashtag.al\/wp-content\/uploads\/2023\/01\/qendresa.jpg 780w, https:\/\/www.hashtag.al\/wp-content\/uploads\/2023\/01\/qendresa-300x169.jpg 300w, https:\/\/www.hashtag.al\/wp-content\/uploads\/2023\/01\/qendresa-768x433.jpg 768w\" sizes=\"auto, (max-width: 780px) 100vw, 780px\" \/><\/a><\/span><\/p>\n<p><span style=\"color: #000000;\">Bursat sociale dhe ato t\u00eb ekselenc\u00ebs p\u00ebr student\u00ebt vonohen nga 4 deri n\u00eb 5 muaj!<\/span><\/p>\n<p><span style=\"color: #000000;\">\u00a0Denoncimi \u00ebsht\u00eb b\u00ebr\u00eb nga drejtuesi i Q\u00ebndresa Qytetare, Mirgen Qiraxhi, i cili tha se n\u00eb k\u00ebto 3 vite ka pasur vonesa t\u00eb jasht\u00ebzakonshme<\/span><\/p>\n<p><span style=\"color: #000000;\">Prej 5 muajsh student\u00ebt pa bursa, Qiraxhi: <em>K\u00ebto 3 vite ka pasur vonesa t\u00eb jasht\u00ebzakonshme Parat\u00eb do t\u00eb shp\u00ebrndahen n\u00eb shkurt, <\/em>tha Mirgen Qiraxhi, nga &#8216;Qendresa Sociale&#8217;<em>\u00a0 <\/em><\/span><\/p>\n<p><span style=\"color: #000000;\">Bursat sociale dhe ato t\u00eb ekselenc\u00ebs p\u00ebr student\u00ebt vonohen nga 4 deri n\u00eb 5 muaj! Denoncimi \u00ebsht\u00eb b\u00ebr\u00eb nga drejtuesi i Q\u00ebndresa Qytetare, Mirgen Qiraxhi, i cili tha se n\u00eb k\u00ebto 3 vite ka pasur vonesa t\u00eb jasht\u00ebzakonshme n\u00eb shp\u00ebrndarjen e fondeve p\u00ebr bursat.<\/span><\/p>\n<p><span style=\"color: #000000;\"><em>\u2018Pam\u00eb n\u00eb detaje se ku q\u00ebndrojn\u00eb problematikat e student\u00ebve. K\u00ebto dy bursa, bursat sociale dhe ato t\u00eb ekselenc\u00ebs vonohen nga 4-6 muaj, n\u00ebse flasim p\u00ebr ata q\u00eb e marrin ndihm\u00ebn financiare p\u00ebr shkak t\u00eb financave t\u00eb tyre. Mb\u00ebrritja e k\u00ebtyre fondeve 6 muaj me vones\u00eb \u00ebsht\u00eb ekzistenciale, pasi ato vijn\u00eb n\u00eb fund t\u00eb studimeve apo n\u00eb fund t\u00eb sezonit, pasi vijn\u00eb p\u00ebr ushqim veshjet qiran\u00eb, apo p\u00ebr blerjen e librave.\u00a0 N\u00eb k\u00ebto 3 vite ka pasur vonesa t\u00eb jasht\u00ebzakonshme n\u00eb bursa dhe kjo nuk \u00ebsht\u00eb gj\u00eb e re. Student\u00ebt jan\u00eb gjetur p\u00ebrball\u00eb sekretareve t\u00eb universiteteve q\u00eb i pengojn\u00eb p\u00ebr shkak t\u00eb dokumenteve e procedurave<\/em>.\u2019- u shpreh Qiraxhi.<\/span><\/p>\n<p><span style=\"color: #000000;\">Problemet n\u00eb ndarjen e fondeve t\u00eb bursava \u00ebsht\u00eb p\u00ebr \u00e7\u00ebshtje procedurale, pasi fondet i kan\u00eb i kaluar fakultetit. Shp\u00ebrndarja e parave sipas t\u00eb nj\u00ebjtave burime do t\u00eb b\u00ebhet n\u00eb muajin shkurt.<\/span><\/p>\n<p><span style=\"color: #000000;\"><span style=\"color: #ff0000;\">VINI RE:<\/span> Ky material \u00ebsht\u00eb pron\u00eb intelektuale e <a href=\"https:\/\/shqiptarja.com\/lajm\/prej-5-muajsh-studentet-pa-bursa-qiraxhi-keto-3-vite-ka-pasur-vonesa-te-jashtezakonshme-burime-per-report-tv-parate-do-te-shperndahen-ne-shkurt\"><span style=\"color: #0000ff;\">Shqiptarja.com<\/span><\/a><\/span><\/p>\n","protected":false,"gt_translate_keys":[{"key":"rendered","format":"html"}]},"excerpt":{"rendered":"<p>Bursat sociale dhe ato t\u00eb ekselenc\u00ebs p\u00ebr student\u00ebt vonohen nga 4 deri n\u00eb 5 muaj! \u00a0Denoncimi \u00ebsht\u00eb b\u00ebr\u00eb nga drejtuesi i Q\u00ebndresa Qytetare, Mirgen Qiraxhi, i cili tha se n\u00eb k\u00ebto 3 vite ka pasur vonesa t\u00eb jasht\u00ebzakonshme Prej 5 muajsh student\u00ebt pa bursa, Qiraxhi: K\u00ebto 3 vite ka pasur vonesa t\u00eb jasht\u00ebzakonshme Parat\u00eb do [&hellip;]<\/p>\n","protected":false,"gt_translate_keys":[{"key":"rendered","format":"html"}]},"author":30,"featured_media":575411,"comment_status":"closed","ping_status":"closed","sticky":false,"template":"","format":"standard","meta":{"footnotes":""},"categories":[65],"tags":[],"class_list":["post-575410","post","type-post","status-publish","format-standard","has-post-thumbnail","hentry","category-lajme"],"gt_translate_keys":[{"key":"link","format":"url"}],"_links":{"self":[{"href":"https:\/\/www.hashtag.al\/index.php\/wp-json\/wp\/v2\/posts\/575410","targetHints":{"allow":["GET"]}}],"collection":[{"href":"https:\/\/www.hashtag.al\/index.php\/wp-json\/wp\/v2\/posts"}],"about":[{"href":"https:\/\/www.hashtag.al\/index.php\/wp-json\/wp\/v2\/types\/post"}],"author":[{"embeddable":true,"href":"https:\/\/www.hashtag.al\/index.php\/wp-json\/wp\/v2\/users\/30"}],"replies":[{"embeddable":true,"href":"https:\/\/www.hashtag.al\/index.php\/wp-json\/wp\/v2\/comments?post=575410"}],"version-history":[{"count":0,"href":"https:\/\/www.hashtag.al\/index.php\/wp-json\/wp\/v2\/posts\/575410\/revisions"}],"wp:featuredmedia":[{"embeddable":true,"href":"https:\/\/www.hashtag.al\/index.php\/wp-json\/wp\/v2\/media\/575411"}],"wp:attachment":[{"href":"https:\/\/www.hashtag.al\/index.php\/wp-json\/wp\/v2\/media?parent=575410"}],"wp:term":[{"taxonomy":"category","embeddable":true,"href":"https:\/\/www.hashtag.al\/index.php\/wp-json\/wp\/v2\/categories?post=575410"},{"taxonomy":"post_tag","embeddable":true,"href":"https:\/\/www.hashtag.al\/index.php\/wp-json\/wp\/v2\/tags?post=575410"}],"curies":[{"name":"wp","href":"https:\/\/api.w.org\/{rel}","templated":true}]}}