{"id":575160,"date":"2023-01-24T08:57:43","date_gmt":"2023-01-24T07:57:43","guid":{"rendered":"https:\/\/www.hashtag.al\/?p=575160"},"modified":"2023-01-24T08:57:43","modified_gmt":"2023-01-24T07:57:43","slug":"be-ja-miraton-paketen-e-re-te-armeve-per-ukrainen","status":"publish","type":"post","link":"https:\/\/www.hashtag.al\/index.php\/2023\/01\/24\/be-ja-miraton-paketen-e-re-te-armeve-per-ukrainen\/","title":{"rendered":"BE-ja miraton paket\u00ebn e re t\u00eb arm\u00ebve p\u00ebr Ukrain\u00ebn","gt_translate_keys":[{"key":"rendered","format":"text"}]},"content":{"rendered":"<p><img loading=\"lazy\" decoding=\"async\" class=\"aligncenter wp-image-575161 size-full\" src=\"https:\/\/www.hashtag.al\/wp-content\/uploads\/2023\/01\/arme-2.jpg\" alt=\"\" width=\"1280\" height=\"720\" srcset=\"https:\/\/www.hashtag.al\/wp-content\/uploads\/2023\/01\/arme-2.jpg 1280w, https:\/\/www.hashtag.al\/wp-content\/uploads\/2023\/01\/arme-2-300x169.jpg 300w, https:\/\/www.hashtag.al\/wp-content\/uploads\/2023\/01\/arme-2-1024x576.jpg 1024w, https:\/\/www.hashtag.al\/wp-content\/uploads\/2023\/01\/arme-2-768x432.jpg 768w\" sizes=\"auto, (max-width: 1280px) 100vw, 1280px\" \/><\/p>\n<p><span style=\"color: #000000;\">Ministrat e jasht\u00ebm t\u00eb BE-s\u00eb miratuan nj\u00eb k\u00ebst t\u00eb ri t\u00eb ndihm\u00ebs ushtarake p\u00ebr Ukrain\u00ebn t\u00eb h\u00ebn\u00ebn, than\u00eb zyrtar\u00ebt suedez\u00eb. Shuma kap vler\u00ebn e 542 milion\u00eb dollar\u00ebve, por nuk p\u00ebrfshin tanket gjermane Leopard 2 te t\u00eb cil\u00ebt Kievi dhe aleat\u00ebt e tij kan\u00eb shpresuar.<\/span><\/p>\n<p><span style=\"color: #000000;\">27 ministrat e Jasht\u00ebm t\u00eb bllokut ran\u00eb dakord p\u00ebr paket\u00ebn prej 500 milion\u00eb eurosh (542 milion\u00eb dollar\u00eb) pas diskutimeve n\u00eb Bruksel. Suedia, e cila mban presidenc\u00ebn e rradh\u00ebs t\u00eb K\u00ebshillit Evropian, njoftoi marr\u00ebveshjen n\u00eb T\u00ebitter, duke th\u00ebn\u00eb: <em>&#8220;Ne mbetemi t\u00eb pal\u00ebkundur n\u00eb mb\u00ebshtetjen ton\u00eb p\u00ebr Forcat e Armatosura t\u00eb Ukrain\u00ebs&#8221;.<\/em><\/span><\/p>\n<p><span style=\"color: #000000;\">Parat\u00eb p\u00ebr arm\u00ebt do t\u00ebrhiqen nga \u2018Faciliteti Evropian i Paqes\u2019, nj\u00eb fond q\u00eb blloku p\u00ebrdor p\u00ebr t\u00eb financuar ushtrit\u00eb e huaja. Ukraina ka marr\u00eb tashm\u00eb 3.1 miliard\u00eb euro (3.36 miliard\u00eb dollar\u00eb) nga ky fond, me ndihm\u00ebn e dh\u00ebn\u00eb n\u00eb shtat\u00eb paketa t\u00eb nj\u00ebpasnj\u00ebshme q\u00eb nga fillimi i operacionit ushtarak t\u00eb Rusis\u00eb shkurtin e kaluar.<\/span><\/p>\n<p><span style=\"color: #000000;\">Ky furnizim me arm\u00eb p\u00ebr Ukrain\u00ebn p\u00ebrfaq\u00ebson nj\u00eb kthes\u00eb nga politika e kahershme e BE-s\u00eb p\u00ebr t\u00eb mos bler\u00eb arm\u00eb p\u00ebr p\u00ebrdorim n\u00eb luft\u00ebrat e huaja. Para shkurtit t\u00eb kaluar, \u2018Faciliteti i Paqes\u2019 ishte p\u00ebrdorur vet\u00ebm p\u00ebr t\u00eb furnizuar pajisje jo-vdekjeprur\u00ebse n\u00eb Gjeorgji, Mali, Moldavi, Mozambik dhe Ukrain\u00eb, n\u00eb nj\u00eb total prej m\u00eb pak se 125 milion\u00eb dollar\u00eb.<\/span><\/p>\n<p><span style=\"color: #000000;\">Deri m\u00eb sot, SHBA-ja ka mbuluar pjes\u00ebn m\u00eb t\u00eb madhe t\u00eb shpenzimeve t\u00eb Ukrain\u00ebs, duke ndar\u00eb m\u00eb shum\u00eb se 110 miliard\u00eb dollar\u00eb p\u00ebr ekonomin\u00eb dhe ushtrin\u00eb e vendit q\u00eb nga fillimi i konfliktit dhe duke furnizuar armatim m\u00eb t\u00eb r\u00ebnd\u00eb dhe m\u00eb t\u00eb fuqish\u00ebm.<\/span><\/p>\n<p><span style=\"color: #000000;\">Megjithat\u00eb, Uashingtoni kund\u00ebrshton t\u00eb dhuroj\u00eb tanket e tij kryesore t\u00eb betej\u00ebs M1 Abrams.<\/span><\/p>\n<p><span style=\"color: #000000;\">Kievi ka k\u00ebrkuar vazhdimisht q\u00eb Gjermania t\u00eb furnizoj\u00eb ushtrin\u00eb e saj me tanke Leopard 2 dhe t\u00eb lejoj\u00eb p\u00ebrdoruesit e tjer\u00eb evropian\u00eb t\u00eb Leopard t\u00eb dhurojn\u00eb flot\u00ebn e tyre. <\/span><\/p>\n<p><span style=\"color: #000000;\">Berlini nuk ka marr\u00eb ende nj\u00eb vendim zyrtar p\u00ebr d\u00ebrgimin e Leopard\u00ebve t\u00eb tij, por Ministrja e Jashtme Annalena Baerbock tha t\u00eb diel\u00ebn se qeveria e saj nuk do e bllokoj\u00eb Polonin\u00eb q\u00eb t\u00eb d\u00ebrgoj\u00eb rezervat e saj t\u00eb tankeve n\u00eb Ukrain\u00eb.<\/span><\/p>\n","protected":false,"gt_translate_keys":[{"key":"rendered","format":"html"}]},"excerpt":{"rendered":"<p>Ministrat e jasht\u00ebm t\u00eb BE-s\u00eb miratuan nj\u00eb k\u00ebst t\u00eb ri t\u00eb ndihm\u00ebs ushtarake p\u00ebr Ukrain\u00ebn t\u00eb h\u00ebn\u00ebn, than\u00eb zyrtar\u00ebt suedez\u00eb. Shuma kap vler\u00ebn e 542 milion\u00eb dollar\u00ebve, por nuk p\u00ebrfshin tanket gjermane Leopard 2 te t\u00eb cil\u00ebt Kievi dhe aleat\u00ebt e tij kan\u00eb shpresuar. 27 ministrat e Jasht\u00ebm t\u00eb bllokut ran\u00eb dakord p\u00ebr paket\u00ebn prej [&hellip;]<\/p>\n","protected":false,"gt_translate_keys":[{"key":"rendered","format":"html"}]},"author":51,"featured_media":575161,"comment_status":"closed","ping_status":"closed","sticky":false,"template":"","format":"standard","meta":{"footnotes":""},"categories":[53],"tags":[],"class_list":["post-575160","post","type-post","status-publish","format-standard","has-post-thumbnail","hentry","category-fast-foodi"],"gt_translate_keys":[{"key":"link","format":"url"}],"_links":{"self":[{"href":"https:\/\/www.hashtag.al\/index.php\/wp-json\/wp\/v2\/posts\/575160","targetHints":{"allow":["GET"]}}],"collection":[{"href":"https:\/\/www.hashtag.al\/index.php\/wp-json\/wp\/v2\/posts"}],"about":[{"href":"https:\/\/www.hashtag.al\/index.php\/wp-json\/wp\/v2\/types\/post"}],"author":[{"embeddable":true,"href":"https:\/\/www.hashtag.al\/index.php\/wp-json\/wp\/v2\/users\/51"}],"replies":[{"embeddable":true,"href":"https:\/\/www.hashtag.al\/index.php\/wp-json\/wp\/v2\/comments?post=575160"}],"version-history":[{"count":0,"href":"https:\/\/www.hashtag.al\/index.php\/wp-json\/wp\/v2\/posts\/575160\/revisions"}],"wp:featuredmedia":[{"embeddable":true,"href":"https:\/\/www.hashtag.al\/index.php\/wp-json\/wp\/v2\/media\/575161"}],"wp:attachment":[{"href":"https:\/\/www.hashtag.al\/index.php\/wp-json\/wp\/v2\/media?parent=575160"}],"wp:term":[{"taxonomy":"category","embeddable":true,"href":"https:\/\/www.hashtag.al\/index.php\/wp-json\/wp\/v2\/categories?post=575160"},{"taxonomy":"post_tag","embeddable":true,"href":"https:\/\/www.hashtag.al\/index.php\/wp-json\/wp\/v2\/tags?post=575160"}],"curies":[{"name":"wp","href":"https:\/\/api.w.org\/{rel}","templated":true}]}}