{"id":575054,"date":"2023-01-23T18:25:43","date_gmt":"2023-01-23T17:25:43","guid":{"rendered":"https:\/\/www.hashtag.al\/?p=575054"},"modified":"2023-01-23T18:20:06","modified_gmt":"2023-01-23T17:20:06","slug":"rusia-e-perendimi-ne-prag-te-luftes-se-vertete-lavrov","status":"publish","type":"post","link":"https:\/\/www.hashtag.al\/index.php\/2023\/01\/23\/rusia-e-perendimi-ne-prag-te-luftes-se-vertete-lavrov\/","title":{"rendered":"Rusia e Per\u00ebndimi n\u00eb prag t\u00eb \u2018luft\u00ebs s\u00eb v\u00ebrtet\u00eb\u2019 &#8211; Lavrov","gt_translate_keys":[{"key":"rendered","format":"text"}]},"content":{"rendered":"<p><img loading=\"lazy\" decoding=\"async\" class=\"aligncenter size-full wp-image-575055\" src=\"https:\/\/www.hashtag.al\/wp-content\/uploads\/2023\/01\/lavrov.jpg\" alt=\"\" width=\"768\" height=\"432\" srcset=\"https:\/\/www.hashtag.al\/wp-content\/uploads\/2023\/01\/lavrov.jpg 768w, https:\/\/www.hashtag.al\/wp-content\/uploads\/2023\/01\/lavrov-300x169.jpg 300w\" sizes=\"auto, (max-width: 768px) 100vw, 768px\" \/><\/p>\n<p><span style=\"color: #000000;\">Gjendja e tanishme n\u00eb Ukrain\u00eb tregon se konflikti midis Rusis\u00eb dhe Per\u00ebndimit nuk mund t\u00eb p\u00ebrkufizohet m\u00eb si nj\u00eb \u2018luft\u00eb hibride\u2019, por po i afrohet t\u00eb qenit i v\u00ebrtet\u00eb, tha t\u00eb h\u00ebn\u00ebn ministri i Jasht\u00ebm rus Sergej Lavrov.<\/span><\/p>\n<p><span style=\"color: #000000;\">Duke folur n\u00eb nj\u00eb konferenc\u00eb p\u00ebr shtyp pas nj\u00eb takimi me homologun e tij afrikano-jugor, Naledi Pandor, Lavrov gjithashtu vuri n\u00eb dukje se kjo luft\u00eb ishte di\u00e7ka q\u00eb Per\u00ebndimi \u2018e ka p\u00ebrgatitur p\u00ebr nj\u00eb koh\u00eb t\u00eb gjat\u00eb kund\u00ebr Rusis\u00eb\u2019.<\/span><\/p>\n<p><span style=\"color: #000000;\"> Ministri pohoi se fuqit\u00eb per\u00ebndimore po k\u00ebrkojn\u00eb t\u00eb shkat\u00ebrrojn\u00eb gjith\u00e7ka ruse, nga gjuha, te kultura q\u00eb kishte ekzistuar n\u00eb Ukrain\u00eb p\u00ebr shekuj me radh\u00eb.<\/span><\/p>\n<p><span style=\"color: #000000;\"> Lavrov vuri n\u00eb dukje se praktika t\u00eb tilla jan\u00eb b\u00ebr\u00eb t\u00eb zakonshme n\u00eb t\u00eb gjith\u00eb Ukrain\u00ebn dhe se dy president\u00ebt e fundit t\u00eb vendit, Pyotr Poroshenko dhe Vladimir Zelensky, jan\u00eb shnd\u00ebrruar t\u00eb dy n\u00eb \u2018president\u00eb t\u00eb luft\u00ebs\u2019 dhe \u2018lider\u00eb rusofobik\u00eb\u2019 pasi kan\u00eb fituar pushtetin, pavar\u00ebsisht se kandidojn\u00eb n\u00eb fushatat e tyre presidenciale n\u00ebn premtimin p\u00ebr vendosjen e paqes.<\/span><\/p>\n<p><span style=\"color: #000000;\">Ministri kujtoi gjithashtu se Ukraina ka miratuar ligje q\u00eb ndalojn\u00eb p\u00ebrdorimin e gjuh\u00ebs ruse n\u00eb arsim, media dhe madje edhe n\u00eb jet\u00ebn e p\u00ebrditshme.<\/span><\/p>\n<p><span style=\"color: #000000;\">Ai gjithashtu akuzoi Per\u00ebndimin p\u00ebr mbylljen e syve ndaj faktit q\u00eb forcat e Kievit vazhdojn\u00eb t\u00eb zgjedhin q\u00ebllimisht objektiva dhe t\u00eb kryejn\u00eb sulme n\u00eb m\u00ebnyr\u00eb t\u00eb till\u00eb q\u00eb t\u00eb terrorizojn\u00eb popullsin\u00eb civile. <\/span><\/p>\n<p><span style=\"color: #000000;\">Lavrov p\u00ebrs\u00ebriti q\u00ebndrimin e Mosk\u00ebs se ajo nuk ka kryer sulme n\u00eb Ukrain\u00eb kund\u00ebr infrastruktur\u00ebs civile dhe se d\u00ebmtimi i saj i atribuohet praktik\u00ebs s\u00eb rregullt t\u00eb Kievit p\u00ebr vendosjen e arm\u00ebve t\u00eb r\u00ebnda dhe sistemeve t\u00eb mbrojtjes ajrore n\u00eb zonat e banuara.<\/span><\/p>\n<p><span style=\"color: #000000;\">Pavar\u00ebsisht tensioneve n\u00eb rritje, Lavrov vuri n\u00eb dukje se Moska mbetet e hapur p\u00ebr bisedime me Kievin dhe paralajm\u00ebroi se ata q\u00eb kund\u00ebrshtojn\u00eb bisedimet duhet t\u00eb kuptojn\u00eb se sa m\u00eb shum\u00eb t\u00eb vonohen, aq m\u00eb e v\u00ebshtir\u00eb do t\u00eb jet\u00eb gjetja e nj\u00eb zgjidhjeje.<\/span><\/p>\n","protected":false,"gt_translate_keys":[{"key":"rendered","format":"html"}]},"excerpt":{"rendered":"<p>Gjendja e tanishme n\u00eb Ukrain\u00eb tregon se konflikti midis Rusis\u00eb dhe Per\u00ebndimit nuk mund t\u00eb p\u00ebrkufizohet m\u00eb si nj\u00eb \u2018luft\u00eb hibride\u2019, por po i afrohet t\u00eb qenit i v\u00ebrtet\u00eb, tha t\u00eb h\u00ebn\u00ebn ministri i Jasht\u00ebm rus Sergej Lavrov. Duke folur n\u00eb nj\u00eb konferenc\u00eb p\u00ebr shtyp pas nj\u00eb takimi me homologun e tij afrikano-jugor, Naledi Pandor, [&hellip;]<\/p>\n","protected":false,"gt_translate_keys":[{"key":"rendered","format":"html"}]},"author":51,"featured_media":575055,"comment_status":"closed","ping_status":"closed","sticky":false,"template":"","format":"standard","meta":{"footnotes":""},"categories":[53],"tags":[],"class_list":["post-575054","post","type-post","status-publish","format-standard","has-post-thumbnail","hentry","category-fast-foodi"],"gt_translate_keys":[{"key":"link","format":"url"}],"_links":{"self":[{"href":"https:\/\/www.hashtag.al\/index.php\/wp-json\/wp\/v2\/posts\/575054","targetHints":{"allow":["GET"]}}],"collection":[{"href":"https:\/\/www.hashtag.al\/index.php\/wp-json\/wp\/v2\/posts"}],"about":[{"href":"https:\/\/www.hashtag.al\/index.php\/wp-json\/wp\/v2\/types\/post"}],"author":[{"embeddable":true,"href":"https:\/\/www.hashtag.al\/index.php\/wp-json\/wp\/v2\/users\/51"}],"replies":[{"embeddable":true,"href":"https:\/\/www.hashtag.al\/index.php\/wp-json\/wp\/v2\/comments?post=575054"}],"version-history":[{"count":0,"href":"https:\/\/www.hashtag.al\/index.php\/wp-json\/wp\/v2\/posts\/575054\/revisions"}],"wp:featuredmedia":[{"embeddable":true,"href":"https:\/\/www.hashtag.al\/index.php\/wp-json\/wp\/v2\/media\/575055"}],"wp:attachment":[{"href":"https:\/\/www.hashtag.al\/index.php\/wp-json\/wp\/v2\/media?parent=575054"}],"wp:term":[{"taxonomy":"category","embeddable":true,"href":"https:\/\/www.hashtag.al\/index.php\/wp-json\/wp\/v2\/categories?post=575054"},{"taxonomy":"post_tag","embeddable":true,"href":"https:\/\/www.hashtag.al\/index.php\/wp-json\/wp\/v2\/tags?post=575054"}],"curies":[{"name":"wp","href":"https:\/\/api.w.org\/{rel}","templated":true}]}}