{"id":575000,"date":"2023-01-23T15:44:42","date_gmt":"2023-01-23T14:44:42","guid":{"rendered":"https:\/\/www.hashtag.al\/?p=575000"},"modified":"2023-01-23T19:02:19","modified_gmt":"2023-01-23T18:02:19","slug":"dhune-dhe-egzekutime-ndaj-protestuesve-ministrat-e-be-se-vendosin-sanksione-te-reja-kunder-iranit","status":"publish","type":"post","link":"https:\/\/www.hashtag.al\/index.php\/2023\/01\/23\/dhune-dhe-egzekutime-ndaj-protestuesve-ministrat-e-be-se-vendosin-sanksione-te-reja-kunder-iranit\/","title":{"rendered":"Dhun\u00eb dhe ekzekutime ndaj protestuesve, Ministrat e BE-s\u00eb vendosin sanksione t\u00eb reja kund\u00ebr Iranit","gt_translate_keys":[{"key":"rendered","format":"text"}]},"content":{"rendered":"<p><a href=\"https:\/\/www.hashtag.al\/wp-content\/uploads\/2023\/01\/protesta-1.jpg\"><img loading=\"lazy\" decoding=\"async\" class=\"aligncenter size-full wp-image-575001\" src=\"https:\/\/www.hashtag.al\/wp-content\/uploads\/2023\/01\/protesta-1.jpg\" alt=\"\" width=\"897\" height=\"542\" srcset=\"https:\/\/www.hashtag.al\/wp-content\/uploads\/2023\/01\/protesta-1.jpg 897w, https:\/\/www.hashtag.al\/wp-content\/uploads\/2023\/01\/protesta-1-300x181.jpg 300w, https:\/\/www.hashtag.al\/wp-content\/uploads\/2023\/01\/protesta-1-768x464.jpg 768w\" sizes=\"auto, (max-width: 897px) 100vw, 897px\" \/><\/a><\/p>\n<p><span style=\"color: #000000;\">Ministrat e Bashkimit Evropian ran\u00eb dakord p\u00ebr nj\u00eb paket\u00eb t\u00eb re sanksionesh kund\u00ebr Iranit, tha presidenca suedeze e BE-s\u00eb m\u00eb 23 janar.<\/span><\/p>\n<p><span style=\"color: #000000;\"><em>&#8220;Ministrat miratuan nj\u00eb paket\u00eb t\u00eb re sanksionesh kund\u00ebr Iranit, q\u00eb sh\u00ebnjestrojn\u00eb ata q\u00eb nxisin represionin. BE-ja d\u00ebnon fuqish\u00ebm p\u00ebrdorimin brutal dhe joproporcional t\u00eb forc\u00ebs nga autoritetet iraniane kund\u00ebr protestuesve paq\u00ebsor\u00eb<\/em>&#8220;, tha presidenca suedeze n\u00eb nj\u00eb postim n\u00eb Twitter, pa dh\u00ebn\u00eb detaje t\u00eb tjera, sipas <a href=\"https:\/\/www.evropaelire.org\/a\/be-sanksione-kunder-iranit\/32235740.html\"><span style=\"color: #0000ff;\">REL.<\/span><\/a><\/span><\/p>\n<p><span style=\"color: #000000;\">Burimet i than\u00eb agjencis\u00eb s\u00eb lajmeve Reuters jav\u00ebn e kaluar se ministrat e Jasht\u00ebm t\u00eb BE-s\u00eb do t\u00eb shtojn\u00eb 37 individ\u00eb n\u00eb list\u00ebn e sanksioneve t\u00eb BE-s\u00eb kund\u00ebr Iranit m\u00eb 23 janar.<\/span><\/p>\n<p><span style=\"color: #000000;\">Fotografia e Mahsa Aminit, vdekja e t\u00eb cil\u00ebs n\u00eb paraburgim n\u00eb Teheran, nxiti val\u00ebn e protestave n\u00eb Republik\u00ebn Islamike.<\/span><\/p>\n<p><span style=\"color: #000000;\">T\u00eb pakt\u00ebn 522 persona jan\u00eb vrar\u00eb p\u00ebrgjat\u00eb kat\u00ebr muajve t\u00eb protestave kund\u00ebr Qeveris\u00eb s\u00eb Iranit, sipas raportimeve t\u00eb organizat\u00ebs HRANA me baz\u00eb n\u00eb Shtetet e Bashkuara. Gati 20.000 persona jan\u00eb arrestuar, prej tyre 110 kan\u00eb akuza q\u00eb mund t\u00eb rezultojn\u00eb me d\u00ebnime me vdekje.<\/span><\/p>\n<p><span style=\"color: #000000;\">Sipas t\u00eb dh\u00ebnave, kat\u00ebr protestues tashm\u00eb jan\u00eb ekzekutuar.<\/span><\/p>\n<p><span style=\"color: #000000;\">Protestat jan\u00eb mbajtur n\u00eb m\u00eb shum\u00eb se 160 qytete prej nisjes s\u00eb tyre n\u00eb shtator t\u00eb vitit t\u00eb kaluar.<\/span><\/p>\n<p><span style=\"color: #000000;\">Protestat jan\u00eb nxitur nga vdekja e 22-vje\u00e7ares Mahsa Amini, kurdo-iraniane, sa ka qen\u00eb n\u00eb mbajtje policore, me arsyetimin e nuk e ka vendosur si duhet mbules\u00ebn n\u00eb kok\u00eb.<\/span><\/p>\n","protected":false,"gt_translate_keys":[{"key":"rendered","format":"html"}]},"excerpt":{"rendered":"<p>Ministrat e Bashkimit Evropian ran\u00eb dakord p\u00ebr nj\u00eb paket\u00eb t\u00eb re sanksionesh kund\u00ebr Iranit, tha presidenca suedeze e BE-s\u00eb m\u00eb 23 janar. &#8220;Ministrat miratuan nj\u00eb paket\u00eb t\u00eb re sanksionesh kund\u00ebr Iranit, q\u00eb sh\u00ebnjestrojn\u00eb ata q\u00eb nxisin represionin. BE-ja d\u00ebnon fuqish\u00ebm p\u00ebrdorimin brutal dhe joproporcional t\u00eb forc\u00ebs nga autoritetet iraniane kund\u00ebr protestuesve paq\u00ebsor\u00eb&#8220;, tha presidenca suedeze [&hellip;]<\/p>\n","protected":false,"gt_translate_keys":[{"key":"rendered","format":"html"}]},"author":30,"featured_media":575001,"comment_status":"closed","ping_status":"closed","sticky":false,"template":"","format":"standard","meta":{"footnotes":""},"categories":[6],"tags":[],"class_list":["post-575000","post","type-post","status-publish","format-standard","has-post-thumbnail","hentry","category-nderkombetare"],"gt_translate_keys":[{"key":"link","format":"url"}],"_links":{"self":[{"href":"https:\/\/www.hashtag.al\/index.php\/wp-json\/wp\/v2\/posts\/575000","targetHints":{"allow":["GET"]}}],"collection":[{"href":"https:\/\/www.hashtag.al\/index.php\/wp-json\/wp\/v2\/posts"}],"about":[{"href":"https:\/\/www.hashtag.al\/index.php\/wp-json\/wp\/v2\/types\/post"}],"author":[{"embeddable":true,"href":"https:\/\/www.hashtag.al\/index.php\/wp-json\/wp\/v2\/users\/30"}],"replies":[{"embeddable":true,"href":"https:\/\/www.hashtag.al\/index.php\/wp-json\/wp\/v2\/comments?post=575000"}],"version-history":[{"count":0,"href":"https:\/\/www.hashtag.al\/index.php\/wp-json\/wp\/v2\/posts\/575000\/revisions"}],"wp:featuredmedia":[{"embeddable":true,"href":"https:\/\/www.hashtag.al\/index.php\/wp-json\/wp\/v2\/media\/575001"}],"wp:attachment":[{"href":"https:\/\/www.hashtag.al\/index.php\/wp-json\/wp\/v2\/media?parent=575000"}],"wp:term":[{"taxonomy":"category","embeddable":true,"href":"https:\/\/www.hashtag.al\/index.php\/wp-json\/wp\/v2\/categories?post=575000"},{"taxonomy":"post_tag","embeddable":true,"href":"https:\/\/www.hashtag.al\/index.php\/wp-json\/wp\/v2\/tags?post=575000"}],"curies":[{"name":"wp","href":"https:\/\/api.w.org\/{rel}","templated":true}]}}