{"id":574944,"date":"2023-01-23T12:10:41","date_gmt":"2023-01-23T11:10:41","guid":{"rendered":"https:\/\/www.hashtag.al\/?p=574944"},"modified":"2023-01-23T12:10:41","modified_gmt":"2023-01-23T11:10:41","slug":"collaku-dorezon-ne-kuvend-kerkesen-per-dokumentet-per-verifikimin-depueteteve-qe-mund-te-kene-qene-bashkepunetoreve-te-ish-sigurimit-te-shtetit","status":"publish","type":"post","link":"https:\/\/www.hashtag.al\/index.php\/2023\/01\/23\/collaku-dorezon-ne-kuvend-kerkesen-per-dokumentet-per-verifikimin-depueteteve-qe-mund-te-kene-qene-bashkepunetoreve-te-ish-sigurimit-te-shtetit\/","title":{"rendered":"\u00c7ollaku dor\u00ebzon n\u00eb Kuvend k\u00ebrkes\u00ebn p\u00ebr dokumentet p\u00ebr verifikimin depuet\u00ebt\u00ebve q\u00eb mund t\u00eb ken\u00eb qen\u00eb bashk\u00ebpun\u00ebtor\u00ebve t\u00eb ish-sigurimit t\u00eb shtetit","gt_translate_keys":[{"key":"rendered","format":"text"}]},"content":{"rendered":"<p><span style=\"color: #000000;\"><a href=\"https:\/\/www.hashtag.al\/wp-content\/uploads\/2023\/01\/collaku-1.jpg\"><img loading=\"lazy\" decoding=\"async\" class=\"aligncenter size-full wp-image-574946\" src=\"https:\/\/www.hashtag.al\/wp-content\/uploads\/2023\/01\/collaku-1.jpg\" alt=\"\" width=\"780\" height=\"440\" srcset=\"https:\/\/www.hashtag.al\/wp-content\/uploads\/2023\/01\/collaku-1.jpg 780w, https:\/\/www.hashtag.al\/wp-content\/uploads\/2023\/01\/collaku-1-300x169.jpg 300w, https:\/\/www.hashtag.al\/wp-content\/uploads\/2023\/01\/collaku-1-768x433.jpg 768w\" sizes=\"auto, (max-width: 780px) 100vw, 780px\" \/><\/a><\/span><\/p>\n<p><span style=\"color: #000000;\">Deputeti i Partis\u00eb Demokratike, Kreshnik \u00c7ollaku ka depozituar n\u00eb Kuvend k\u00ebrkes\u00ebn p\u00ebr t\u00eb marr\u00eb n\u00eb dispozicion nga nga e Autoritetit t\u00eb Dosjeve t\u00eb gjitha materialet mbi individ\u00ebt q\u00eb kan\u00eb qen\u00eb deputet\u00eb dhe bashk\u00ebpun\u00ebtor\u00eb t\u00eb ish-sigurimit t\u00eb shtetit q\u00eb nga viti 1991.<\/span><\/p>\n<p><span style=\"color: #000000;\">L\u00ebvizjen e tij, \u00c7ollaku e njoftoi nga kryesia e kuvendit n\u00ebp\u00ebrmjet nj\u00eb deklarate p\u00ebr shtyp.<\/span><\/p>\n<p><span style=\"color: #000000;\">\u201c<em>Sot kam depozituar pran\u00eb zyr\u00ebs s\u00eb protokollit t\u00eb Kuvendit k\u00ebrkes\u00ebn time p\u00ebr t\u00eb m\u00eb v\u00ebn\u00eb n\u00eb dispozicion nj\u00eb kopje t\u00eb dokumenteve. N\u00ebse q\u00eb nga marsi i vitit 1991 deri m\u00eb sot ka pasur bashk\u00ebpun\u00ebtor\u00eb apo element\u00eb apo bashk\u00ebpun\u00ebtor\u00eb t\u00eb ish-sigurimit t\u00eb shtetit.\u201d- <\/em>tha \u00c7ollaku.<\/span><\/p>\n<p><span style=\"color: #000000;\">Kjo k\u00ebrkes\u00eb e \u00c7ollakut vjen pasi Kuvendi i hapi rrug\u00eb hapjes s\u00eb dosjeve t\u00eb ish Sigurimit t\u00eb Shtetit si dhe verifikimit t\u00eb politikan\u00ebve, t\u00eb cil\u00ebt kan\u00eb marr\u00eb m\u00eb par\u00eb certifikata t\u00eb past\u00ebrtis\u00eb s\u00eb figur\u00ebs nga komisionet \u2018Bezhani\u2019 dhe \u2018Mezini\u2019.<\/span><\/p>\n<p><span style=\"color: #000000;\">Ndryshimet n\u00eb ligjin NR. 45\/2015 p\u00ebr t\u00eb drejt\u00ebn e informimit mbi dokumentet e ish Sigurimit t\u00eb Shtetit u miratuan n\u00eb 22 tetor 2022 n\u00eb Kuvend, me konsensusin e PS-s\u00eb dhe PD-s\u00eb s\u00eb drejtuar nga Enkelejd Alibeaj.<\/span><\/p>\n","protected":false,"gt_translate_keys":[{"key":"rendered","format":"html"}]},"excerpt":{"rendered":"<p>Deputeti i Partis\u00eb Demokratike, Kreshnik \u00c7ollaku ka depozituar n\u00eb Kuvend k\u00ebrkes\u00ebn p\u00ebr t\u00eb marr\u00eb n\u00eb dispozicion nga nga e Autoritetit t\u00eb Dosjeve t\u00eb gjitha materialet mbi individ\u00ebt q\u00eb kan\u00eb qen\u00eb deputet\u00eb dhe bashk\u00ebpun\u00ebtor\u00eb t\u00eb ish-sigurimit t\u00eb shtetit q\u00eb nga viti 1991. L\u00ebvizjen e tij, \u00c7ollaku e njoftoi nga kryesia e kuvendit n\u00ebp\u00ebrmjet nj\u00eb deklarate p\u00ebr [&hellip;]<\/p>\n","protected":false,"gt_translate_keys":[{"key":"rendered","format":"html"}]},"author":32,"featured_media":574946,"comment_status":"closed","ping_status":"closed","sticky":false,"template":"","format":"standard","meta":{"footnotes":""},"categories":[65,13],"tags":[],"class_list":["post-574944","post","type-post","status-publish","format-standard","has-post-thumbnail","hentry","category-lajme","category-te-fundit"],"gt_translate_keys":[{"key":"link","format":"url"}],"_links":{"self":[{"href":"https:\/\/www.hashtag.al\/index.php\/wp-json\/wp\/v2\/posts\/574944","targetHints":{"allow":["GET"]}}],"collection":[{"href":"https:\/\/www.hashtag.al\/index.php\/wp-json\/wp\/v2\/posts"}],"about":[{"href":"https:\/\/www.hashtag.al\/index.php\/wp-json\/wp\/v2\/types\/post"}],"author":[{"embeddable":true,"href":"https:\/\/www.hashtag.al\/index.php\/wp-json\/wp\/v2\/users\/32"}],"replies":[{"embeddable":true,"href":"https:\/\/www.hashtag.al\/index.php\/wp-json\/wp\/v2\/comments?post=574944"}],"version-history":[{"count":0,"href":"https:\/\/www.hashtag.al\/index.php\/wp-json\/wp\/v2\/posts\/574944\/revisions"}],"wp:featuredmedia":[{"embeddable":true,"href":"https:\/\/www.hashtag.al\/index.php\/wp-json\/wp\/v2\/media\/574946"}],"wp:attachment":[{"href":"https:\/\/www.hashtag.al\/index.php\/wp-json\/wp\/v2\/media?parent=574944"}],"wp:term":[{"taxonomy":"category","embeddable":true,"href":"https:\/\/www.hashtag.al\/index.php\/wp-json\/wp\/v2\/categories?post=574944"},{"taxonomy":"post_tag","embeddable":true,"href":"https:\/\/www.hashtag.al\/index.php\/wp-json\/wp\/v2\/tags?post=574944"}],"curies":[{"name":"wp","href":"https:\/\/api.w.org\/{rel}","templated":true}]}}