{"id":574548,"date":"2023-01-20T21:55:33","date_gmt":"2023-01-20T20:55:33","guid":{"rendered":"https:\/\/www.hashtag.al\/?p=574548"},"modified":"2023-01-20T21:56:14","modified_gmt":"2023-01-20T20:56:14","slug":"mero-baze-audiopergjimet-e-21-janarit-i-heqin-spak-ut-cdo-alibi","status":"publish","type":"post","link":"https:\/\/www.hashtag.al\/index.php\/2023\/01\/20\/mero-baze-audiopergjimet-e-21-janarit-i-heqin-spak-ut-cdo-alibi\/","title":{"rendered":"Mero Baze: Audiop\u00ebrgjimet e 21 janarit i heqin SPAK-ut\u00a0\u00e7do\u00a0alibi","gt_translate_keys":[{"key":"rendered","format":"text"}]},"content":{"rendered":"<p><a href=\"https:\/\/www.hashtag.al\/wp-content\/uploads\/2023\/01\/kaseta-1-scaled.jpg\"><img loading=\"lazy\" decoding=\"async\" class=\"aligncenter size-full wp-image-574549\" src=\"https:\/\/www.hashtag.al\/wp-content\/uploads\/2023\/01\/kaseta-1-scaled.jpg\" alt=\"\" width=\"2560\" height=\"1108\" srcset=\"https:\/\/www.hashtag.al\/wp-content\/uploads\/2023\/01\/kaseta-1-scaled.jpg 2560w, https:\/\/www.hashtag.al\/wp-content\/uploads\/2023\/01\/kaseta-1-300x130.jpg 300w, https:\/\/www.hashtag.al\/wp-content\/uploads\/2023\/01\/kaseta-1-1024x443.jpg 1024w, https:\/\/www.hashtag.al\/wp-content\/uploads\/2023\/01\/kaseta-1-768x333.jpg 768w, https:\/\/www.hashtag.al\/wp-content\/uploads\/2023\/01\/kaseta-1-1536x665.jpg 1536w, https:\/\/www.hashtag.al\/wp-content\/uploads\/2023\/01\/kaseta-1-2048x887.jpg 2048w\" sizes=\"auto, (max-width: 2560px) 100vw, 2560px\" \/><\/a><\/p>\n<p><span style=\"color: #000000;\">N\u00eb nj\u00eb postim n\u00eb Facebook, gazetari Mero Baze shkruan n\u00eb lidhje me p\u00ebrgjimet e nxjerra sot nga gazetari Artan Hoxha.<\/span><\/p>\n<p><span style=\"color: #000000;\">&#8220;Au<em>diot e 21 Janarit, jan\u00eb prova q\u00eb u fsheh p\u00ebr 12 vite. Kan\u00eb disa or\u00eb q\u00eb kan\u00eb dal dhe akoma nuk ka nisur arrestimet<\/em><\/span><\/p>\n<p><span style=\"color: #000000;\"><em>Gazetari Artan Hoxha ka publikuar sot audion e regjistruar nga komunikimi me radiot e Gard\u00ebs s\u00eb republik\u00ebs m\u00eb 21 janar 2011. Audiot q\u00eb d\u00ebgjohen nga regjistrimi i radiove, provojn\u00eb t\u00ebr\u00ebsisht se komandanti i Gard\u00ebs Ndre Prendi ka urdh\u00ebruar vrasjet. Madje ai ka zgjedhur dhe kush duhet t\u00eb vriste, duke ju drejtuar me em\u00ebr dy gardist\u00ebve.<\/em><\/span><\/p>\n<p><span style=\"color: #000000;\"><em>Fakti q\u00eb Sali Berisha zhduku serverin e kamerave t\u00eb kryeministris\u00eb m\u00eb 21 janar duke u gdhir\u00eb 22 Janari, nuk e fshehu dot krimin. Pas 12 vitesh m\u00eb n\u00eb fund dol\u00ebn n\u00eb publik komunikimet me radio.\u00a0<\/em><\/span><\/p>\n<p><span style=\"color: #000000;\"><em>Tani SPAK nuk ka m\u00eb asnj\u00eb alibi p\u00ebr t\u00eb mos hapur \u00e7\u00ebshtjen. S\u00eb paku Ndrea Prendi p\u00ebrve\u00e7se me figur\u00eb tani \u00ebsht\u00eb dhe m\u00eb z\u00eb si urdh\u00ebrues i vrasjeve. Arrestimi mund t\u00eb b\u00ebhet dhe q\u00eb sonte. Tani nuk ka m\u00eb nj\u00eb kryeminist\u00ebr q\u00eb nuk i l\u00eb t\u00eb prekin gardist\u00ebt. Jan\u00eb t\u00eb lir\u00eb t\u00eb hetojn\u00eb. Madje dhe ish kryeministrin mund ta marrin<\/em>&#8220;, shkruan Baze.\u00a0<\/span><\/p>\n<p><a href=\"https:\/\/www.hashtag.al\/wp-content\/uploads\/2023\/01\/kaseta-2.jpg\"><img loading=\"lazy\" decoding=\"async\" class=\"aligncenter size-full wp-image-574550\" src=\"https:\/\/www.hashtag.al\/wp-content\/uploads\/2023\/01\/kaseta-2.jpg\" alt=\"\" width=\"2048\" height=\"1043\" srcset=\"https:\/\/www.hashtag.al\/wp-content\/uploads\/2023\/01\/kaseta-2.jpg 2048w, https:\/\/www.hashtag.al\/wp-content\/uploads\/2023\/01\/kaseta-2-300x153.jpg 300w, https:\/\/www.hashtag.al\/wp-content\/uploads\/2023\/01\/kaseta-2-1024x522.jpg 1024w, https:\/\/www.hashtag.al\/wp-content\/uploads\/2023\/01\/kaseta-2-768x391.jpg 768w, https:\/\/www.hashtag.al\/wp-content\/uploads\/2023\/01\/kaseta-2-1536x782.jpg 1536w, https:\/\/www.hashtag.al\/wp-content\/uploads\/2023\/01\/kaseta-2-568x290.jpg 568w\" sizes=\"auto, (max-width: 2048px) 100vw, 2048px\" \/><\/a><\/p>\n","protected":false,"gt_translate_keys":[{"key":"rendered","format":"html"}]},"excerpt":{"rendered":"<p>N\u00eb nj\u00eb postim n\u00eb Facebook, gazetari Mero Baze shkruan n\u00eb lidhje me p\u00ebrgjimet e nxjerra sot nga gazetari Artan Hoxha. &#8220;Audiot e 21 Janarit, jan\u00eb prova q\u00eb u fsheh p\u00ebr 12 vite. Kan\u00eb disa or\u00eb q\u00eb kan\u00eb dal dhe akoma nuk ka nisur arrestimet Gazetari Artan Hoxha ka publikuar sot audion e regjistruar nga komunikimi [&hellip;]<\/p>\n","protected":false,"gt_translate_keys":[{"key":"rendered","format":"html"}]},"author":30,"featured_media":574549,"comment_status":"closed","ping_status":"closed","sticky":false,"template":"","format":"standard","meta":{"footnotes":""},"categories":[22,65],"tags":[],"class_list":["post-574548","post","type-post","status-publish","format-standard","has-post-thumbnail","hentry","category-ballina","category-lajme"],"gt_translate_keys":[{"key":"link","format":"url"}],"_links":{"self":[{"href":"https:\/\/www.hashtag.al\/index.php\/wp-json\/wp\/v2\/posts\/574548","targetHints":{"allow":["GET"]}}],"collection":[{"href":"https:\/\/www.hashtag.al\/index.php\/wp-json\/wp\/v2\/posts"}],"about":[{"href":"https:\/\/www.hashtag.al\/index.php\/wp-json\/wp\/v2\/types\/post"}],"author":[{"embeddable":true,"href":"https:\/\/www.hashtag.al\/index.php\/wp-json\/wp\/v2\/users\/30"}],"replies":[{"embeddable":true,"href":"https:\/\/www.hashtag.al\/index.php\/wp-json\/wp\/v2\/comments?post=574548"}],"version-history":[{"count":0,"href":"https:\/\/www.hashtag.al\/index.php\/wp-json\/wp\/v2\/posts\/574548\/revisions"}],"wp:featuredmedia":[{"embeddable":true,"href":"https:\/\/www.hashtag.al\/index.php\/wp-json\/wp\/v2\/media\/574549"}],"wp:attachment":[{"href":"https:\/\/www.hashtag.al\/index.php\/wp-json\/wp\/v2\/media?parent=574548"}],"wp:term":[{"taxonomy":"category","embeddable":true,"href":"https:\/\/www.hashtag.al\/index.php\/wp-json\/wp\/v2\/categories?post=574548"},{"taxonomy":"post_tag","embeddable":true,"href":"https:\/\/www.hashtag.al\/index.php\/wp-json\/wp\/v2\/tags?post=574548"}],"curies":[{"name":"wp","href":"https:\/\/api.w.org\/{rel}","templated":true}]}}