{"id":574021,"date":"2023-01-18T12:20:17","date_gmt":"2023-01-18T11:20:17","guid":{"rendered":"https:\/\/www.hashtag.al\/?p=574021"},"modified":"2023-01-18T12:22:02","modified_gmt":"2023-01-18T11:22:02","slug":"akuzohet-se-ngacmoi-seksualisht-nxenesen-13-vjecare-arrestohet-mesuesi-i-fizkultures-ne-tepelene","status":"publish","type":"post","link":"https:\/\/www.hashtag.al\/index.php\/2023\/01\/18\/akuzohet-se-ngacmoi-seksualisht-nxenesen-13-vjecare-arrestohet-mesuesi-i-fizkultures-ne-tepelene\/","title":{"rendered":"Akuzohet se ngacmoi seksualisht nx\u00ebn\u00ebsen 13-vje\u00e7are, arrestohet m\u00ebsuesi i fizkultur\u00ebs n\u00eb Tepelen\u00eb","gt_translate_keys":[{"key":"rendered","format":"text"}]},"content":{"rendered":"<p><img loading=\"lazy\" decoding=\"async\" class=\"aligncenter size-full wp-image-574022\" src=\"https:\/\/www.hashtag.al\/wp-content\/uploads\/2023\/01\/ezgif.com-gif-maker-1-12.jpg\" alt=\"\" width=\"780\" height=\"447\" srcset=\"https:\/\/www.hashtag.al\/wp-content\/uploads\/2023\/01\/ezgif.com-gif-maker-1-12.jpg 780w, https:\/\/www.hashtag.al\/wp-content\/uploads\/2023\/01\/ezgif.com-gif-maker-1-12-300x172.jpg 300w, https:\/\/www.hashtag.al\/wp-content\/uploads\/2023\/01\/ezgif.com-gif-maker-1-12-768x440.jpg 768w\" sizes=\"auto, (max-width: 780px) 100vw, 780px\" \/><\/p>\n<p><span style=\"color: #000000;\">M\u00ebsuesi i fizkultur\u00ebs n\u00eb shkoll\u00ebn \u2018Avni Rustemi\u2019 n\u00eb Tepelen\u00eb Kleanthi La\u00e7i, \u00ebsht\u00eb arrestuar nga Policia Gjirokastr\u00ebs. 59-vje\u00e7ari akuzohet p\u00ebr ngacmim seksual ndaj dy nx\u00ebn\u00ebseve t\u00eb mitura n\u00eb shkoll\u00ebn ku jepte m\u00ebsim si dhe p\u00ebr deklarim t\u00eb rrem\u00eb n\u00eb polici. <\/span><\/p>\n<p><span style=\"color: #000000;\">Pak dit\u00eb m\u00eb par\u00eb ai u dhunua nga disa persona, t\u00eb cil\u00ebt e kishin ftuar p\u00ebr kafe. <\/span><\/p>\n<p><span style=\"color: #000000;\">Pas k\u00ebsaj, 29-vje\u00e7ari Alvi Gumeni u vet\u00ebdor\u00ebzua n\u00eb Policin\u00eb e Tepelen\u00ebs duke pranuar se kishte dhunuar m\u00ebsuesin, t\u00eb cilin e akuzoi p\u00ebr ngacmimin seksual t\u00eb motr\u00ebs. I riu akuzohet p\u00ebr \u2018plagosje t\u00eb leht\u00eb\u2019 me dashje e \u2018vet\u00ebgjyq\u00ebsi\u2019.<\/span><\/p>\n<p><span style=\"color: #000000;\">Po k\u00ebshtu ministrja e Arsimit Evis Kushi njotoi sot se m\u00ebsuesi n\u00eb fjal\u00eb ishte pezulluar p\u00ebrkoh\u00ebsisht nga detyra deri n\u00eb p\u00ebrfundim t\u00eb hetimeve.<\/span><\/p>\n","protected":false,"gt_translate_keys":[{"key":"rendered","format":"html"}]},"excerpt":{"rendered":"<p>M\u00ebsuesi i fizkultur\u00ebs n\u00eb shkoll\u00ebn \u2018Avni Rustemi\u2019 n\u00eb Tepelen\u00eb Kleanthi La\u00e7i, \u00ebsht\u00eb arrestuar nga Policia Gjirokastr\u00ebs. 59-vje\u00e7ari akuzohet p\u00ebr ngacmim seksual ndaj dy nx\u00ebn\u00ebseve t\u00eb mitura n\u00eb shkoll\u00ebn ku jepte m\u00ebsim si dhe p\u00ebr deklarim t\u00eb rrem\u00eb n\u00eb polici. Pak dit\u00eb m\u00eb par\u00eb ai u dhunua nga disa persona, t\u00eb cil\u00ebt e kishin ftuar p\u00ebr [&hellip;]<\/p>\n","protected":false,"gt_translate_keys":[{"key":"rendered","format":"html"}]},"author":51,"featured_media":574022,"comment_status":"closed","ping_status":"closed","sticky":false,"template":"","format":"standard","meta":{"footnotes":""},"categories":[65,13],"tags":[],"class_list":["post-574021","post","type-post","status-publish","format-standard","has-post-thumbnail","hentry","category-lajme","category-te-fundit"],"gt_translate_keys":[{"key":"link","format":"url"}],"_links":{"self":[{"href":"https:\/\/www.hashtag.al\/index.php\/wp-json\/wp\/v2\/posts\/574021","targetHints":{"allow":["GET"]}}],"collection":[{"href":"https:\/\/www.hashtag.al\/index.php\/wp-json\/wp\/v2\/posts"}],"about":[{"href":"https:\/\/www.hashtag.al\/index.php\/wp-json\/wp\/v2\/types\/post"}],"author":[{"embeddable":true,"href":"https:\/\/www.hashtag.al\/index.php\/wp-json\/wp\/v2\/users\/51"}],"replies":[{"embeddable":true,"href":"https:\/\/www.hashtag.al\/index.php\/wp-json\/wp\/v2\/comments?post=574021"}],"version-history":[{"count":0,"href":"https:\/\/www.hashtag.al\/index.php\/wp-json\/wp\/v2\/posts\/574021\/revisions"}],"wp:featuredmedia":[{"embeddable":true,"href":"https:\/\/www.hashtag.al\/index.php\/wp-json\/wp\/v2\/media\/574022"}],"wp:attachment":[{"href":"https:\/\/www.hashtag.al\/index.php\/wp-json\/wp\/v2\/media?parent=574021"}],"wp:term":[{"taxonomy":"category","embeddable":true,"href":"https:\/\/www.hashtag.al\/index.php\/wp-json\/wp\/v2\/categories?post=574021"},{"taxonomy":"post_tag","embeddable":true,"href":"https:\/\/www.hashtag.al\/index.php\/wp-json\/wp\/v2\/tags?post=574021"}],"curies":[{"name":"wp","href":"https:\/\/api.w.org\/{rel}","templated":true}]}}