{"id":573956,"date":"2023-01-18T08:07:39","date_gmt":"2023-01-18T07:07:39","guid":{"rendered":"https:\/\/www.hashtag.al\/?p=573956"},"modified":"2023-01-18T08:07:39","modified_gmt":"2023-01-18T07:07:39","slug":"ukraina-mund-te-marre-nje-tjeter-bateri-patriot-media","status":"publish","type":"post","link":"https:\/\/www.hashtag.al\/index.php\/2023\/01\/18\/ukraina-mund-te-marre-nje-tjeter-bateri-patriot-media\/","title":{"rendered":"Ukraina mund t\u00eb marr\u00eb nj\u00eb tjet\u00ebr bateri \u2018Patriot\u2019 &#8211; Media","gt_translate_keys":[{"key":"rendered","format":"text"}]},"content":{"rendered":"<p><img loading=\"lazy\" decoding=\"async\" class=\"aligncenter size-full wp-image-573957\" src=\"https:\/\/www.hashtag.al\/wp-content\/uploads\/2023\/01\/patriot.jpg\" alt=\"\" width=\"768\" height=\"432\" srcset=\"https:\/\/www.hashtag.al\/wp-content\/uploads\/2023\/01\/patriot.jpg 768w, https:\/\/www.hashtag.al\/wp-content\/uploads\/2023\/01\/patriot-300x169.jpg 300w\" sizes=\"auto, (max-width: 768px) 100vw, 768px\" \/><\/p>\n<p><span style=\"color: #000000;\">Presidenti ukrainas Vladimir Zelensky ka njoftuar se Holanda ka r\u00ebn\u00eb dakord \u00a0t&#8217;i d\u00ebrgoj\u00eb Kievit nj\u00eb nga sistemet e saj t\u00eb mbrojtjes raketore.<\/span><\/p>\n<p><span style=\"color: #000000;\"><em>&#8220;Ne kemi synimin t\u00eb bashkohemi me at\u00eb q\u00eb po b\u00ebni me Gjermanin\u00eb p\u00ebr projektin Patriot.&#8221;<\/em> &#8211; i tha Rutte presidentit Joe Biden p\u00ebrpara takimit t\u00eb tyre n\u00eb Sht\u00ebpin\u00eb e Bardh\u00eb t\u00eb mart\u00ebn, duke mos ofruar asnj\u00eb holl\u00ebsi p\u00ebrve\u00e7 se ai tashm\u00eb e diskutoi k\u00ebt\u00eb \u00e7\u00ebshtje me kancelarin gjerman Olaf Scholz. .<\/span><\/p>\n<p><span style=\"color: #000000;\">Rutte i <span style=\"color: #0000ff;\"><a style=\"color: #0000ff;\" href=\"https:\/\/www.rt.com\/news\/570041-ukraine-netherlands-patriot-battery\/\">tha<\/a> <\/span>m\u00eb her\u00ebt transmetuesit publik NOS se \u2018ideja nuk \u00ebsht\u00eb vet\u00ebm st\u00ebrvitje, por edhe pajisje\u2019, megjith\u00ebse ushtria e vendit ende nuk ka rishikuar \u2018\u00e7far\u00eb sakt\u00ebsisht kemi, si mund t\u00eb sigurohemi q\u00eb funksionon mir\u00eb me sistemet amerikane dhe gjermane\u2019. Ushtria holandeze thuhet se ka vet\u00ebm tre sisteme Patriot n\u00eb sh\u00ebrbim.<\/span><\/p>\n<p><span style=\"color: #000000;\">Udh\u00ebheq\u00ebsi ukrainas e interpretoi lajmin si nj\u00eb angazhim p\u00ebrfundimtar, duke njoftuar n\u00eb fjalimin e tij t\u00eb nat\u00ebs se \u2018tani jan\u00eb tre bateri t\u00eb garantuara\u2019 dhe \u2018ky \u00ebsht\u00eb vet\u00ebm fillimi\u2019. Jav\u00ebt e fundit, Shtetet e Bashkuara dhe Gjermania ran\u00eb dakord secila t\u00eb d\u00ebrgojn\u00eb nga nj\u00eb bateri raketash anti-ajrore Patriot n\u00eb Ukrain\u00eb.<\/span><\/p>\n<p><span style=\"color: #000000;\">Nj\u00eb bateri e vetme Patriot p\u00ebrb\u00ebhet nga nj\u00eb nj\u00ebsi energjie, nj\u00eb stacion komandimi, nj\u00eb nj\u00ebsi radar dhe antena, si dhe deri n\u00eb tet\u00eb l\u00ebshues t\u00eb montuar n\u00eb kamion, secili q\u00eb mban kat\u00ebr raketa tok\u00eb-aj\u00ebr. I zhvilluar nga kontraktori amerikan i mbrojtjes Raytheon, sistemi ka nj\u00eb rreze t\u00eb raportuar deri n\u00eb 99 milje (160 km) dhe mund t\u00eb p\u00ebrgjoj\u00eb raketat ose avion\u00ebt n\u00eb aj\u00ebr.<\/span><\/p>\n","protected":false,"gt_translate_keys":[{"key":"rendered","format":"html"}]},"excerpt":{"rendered":"<p>Presidenti ukrainas Vladimir Zelensky ka njoftuar se Holanda ka r\u00ebn\u00eb dakord \u00a0t&#8217;i d\u00ebrgoj\u00eb Kievit nj\u00eb nga sistemet e saj t\u00eb mbrojtjes raketore. &#8220;Ne kemi synimin t\u00eb bashkohemi me at\u00eb q\u00eb po b\u00ebni me Gjermanin\u00eb p\u00ebr projektin Patriot.&#8221; &#8211; i tha Rutte presidentit Joe Biden p\u00ebrpara takimit t\u00eb tyre n\u00eb Sht\u00ebpin\u00eb e Bardh\u00eb t\u00eb mart\u00ebn, duke [&hellip;]<\/p>\n","protected":false,"gt_translate_keys":[{"key":"rendered","format":"html"}]},"author":51,"featured_media":573957,"comment_status":"closed","ping_status":"closed","sticky":false,"template":"","format":"standard","meta":{"footnotes":""},"categories":[53],"tags":[],"class_list":["post-573956","post","type-post","status-publish","format-standard","has-post-thumbnail","hentry","category-fast-foodi"],"gt_translate_keys":[{"key":"link","format":"url"}],"_links":{"self":[{"href":"https:\/\/www.hashtag.al\/index.php\/wp-json\/wp\/v2\/posts\/573956","targetHints":{"allow":["GET"]}}],"collection":[{"href":"https:\/\/www.hashtag.al\/index.php\/wp-json\/wp\/v2\/posts"}],"about":[{"href":"https:\/\/www.hashtag.al\/index.php\/wp-json\/wp\/v2\/types\/post"}],"author":[{"embeddable":true,"href":"https:\/\/www.hashtag.al\/index.php\/wp-json\/wp\/v2\/users\/51"}],"replies":[{"embeddable":true,"href":"https:\/\/www.hashtag.al\/index.php\/wp-json\/wp\/v2\/comments?post=573956"}],"version-history":[{"count":0,"href":"https:\/\/www.hashtag.al\/index.php\/wp-json\/wp\/v2\/posts\/573956\/revisions"}],"wp:featuredmedia":[{"embeddable":true,"href":"https:\/\/www.hashtag.al\/index.php\/wp-json\/wp\/v2\/media\/573957"}],"wp:attachment":[{"href":"https:\/\/www.hashtag.al\/index.php\/wp-json\/wp\/v2\/media?parent=573956"}],"wp:term":[{"taxonomy":"category","embeddable":true,"href":"https:\/\/www.hashtag.al\/index.php\/wp-json\/wp\/v2\/categories?post=573956"},{"taxonomy":"post_tag","embeddable":true,"href":"https:\/\/www.hashtag.al\/index.php\/wp-json\/wp\/v2\/tags?post=573956"}],"curies":[{"name":"wp","href":"https:\/\/api.w.org\/{rel}","templated":true}]}}