{"id":573842,"date":"2023-01-17T15:01:54","date_gmt":"2023-01-17T14:01:54","guid":{"rendered":"https:\/\/www.hashtag.al\/?p=573842"},"modified":"2023-01-17T15:01:54","modified_gmt":"2023-01-17T14:01:54","slug":"meta-ndaj-555-vjetorit-te-vdekjes-se-heroit-kombetar-shqiptari-me-i-gjalle-nder-shqiptaret-e-gjalle","status":"publish","type":"post","link":"https:\/\/www.hashtag.al\/index.php\/2023\/01\/17\/meta-ndaj-555-vjetorit-te-vdekjes-se-heroit-kombetar-shqiptari-me-i-gjalle-nder-shqiptaret-e-gjalle\/","title":{"rendered":"Meta ndaj 555-vjetorit t\u00eb vdekjes s\u00eb heroit komb\u00ebtar: &#8220;Shqiptari m\u00eb i gjall\u00eb nd\u00ebr shqiptar\u00ebt e gjall\u00eb\u201d","gt_translate_keys":[{"key":"rendered","format":"text"}]},"content":{"rendered":"<p>&nbsp;<\/p>\n<p><a href=\"https:\/\/www.hashtag.al\/wp-content\/uploads\/2023\/01\/meta-ilir-2.jpg\"><img loading=\"lazy\" decoding=\"async\" class=\"aligncenter size-full wp-image-573843\" src=\"https:\/\/www.hashtag.al\/wp-content\/uploads\/2023\/01\/meta-ilir-2.jpg\" alt=\"\" width=\"1107\" height=\"559\" srcset=\"https:\/\/www.hashtag.al\/wp-content\/uploads\/2023\/01\/meta-ilir-2.jpg 1107w, https:\/\/www.hashtag.al\/wp-content\/uploads\/2023\/01\/meta-ilir-2-300x151.jpg 300w, https:\/\/www.hashtag.al\/wp-content\/uploads\/2023\/01\/meta-ilir-2-1024x517.jpg 1024w, https:\/\/www.hashtag.al\/wp-content\/uploads\/2023\/01\/meta-ilir-2-768x388.jpg 768w\" sizes=\"auto, (max-width: 1107px) 100vw, 1107px\" \/><\/a><\/p>\n<p><span style=\"color: #000000;\">Kryetari i Paris\u00eb s\u00eb Liris\u00eb, Ilir Meta iu \u00ebsht\u00eb bashkuar fjal\u00ebve n\u00eb kuad\u00ebr t\u00eb 555-vjetorit t\u00eb vdekjes s\u00eb heroit komb\u00ebtar, Gjergj Kastrioti.<\/span><\/p>\n<p><span style=\"color: #000000;\">N\u00eb nj\u00eb postim n\u00eb \u201cFacebook\u201d Meta e cil\u00ebson heroin ton\u00eb komb\u00ebtar si \u201c<em>shqiptarin m\u00eb t\u00eb gjall\u00eb nd\u00ebr shqiptar\u00ebt e gjall\u00eb\u201d. <\/em><\/span><\/p>\n<p><span style=\"color: #000000;\"><em>\u201cN\u00eb 555-vjetorin e kalimit n\u00eb p\u00ebrjet\u00ebsi t\u00eb Kryeheroit ton\u00eb Komb\u00ebtar, Gjergj Kastrioti Sk\u00ebnderbeu, \u201cshqiptarit m\u00eb t\u00eb gjall\u00eb nd\u00ebr shqiptar\u00ebt e gjall\u00eb\u201d nderojm\u00eb sot kujtimin dhe vepr\u00ebn frym\u00ebzuese t\u00eb simbolit ton\u00eb m\u00eb p\u00ebrbashkues n\u00eb mbrojtje t\u00eb liris\u00eb, dinjitetit njer\u00ebzor dhe identitetit ton\u00eb komb\u00ebtar. P\u00ebrcaktuesi vendimtar i p\u00ebrkat\u00ebsis\u00eb ton\u00eb europiane, Heroi yn\u00eb Komb\u00ebtar dhe i Europ\u00ebs s\u00eb Bashkuar do t\u00eb mbetet p\u00ebrher\u00eb krenaria, frym\u00ebzimi, fuqia dhe lavdia jon\u00eb!<\/em>\u201d shkruan Meta.<\/span><\/p>\n<p>&nbsp;<\/p>\n","protected":false,"gt_translate_keys":[{"key":"rendered","format":"html"}]},"excerpt":{"rendered":"<p>&nbsp; Kryetari i Paris\u00eb s\u00eb Liris\u00eb, Ilir Meta iu \u00ebsht\u00eb bashkuar fjal\u00ebve n\u00eb kuad\u00ebr t\u00eb 555-vjetorit t\u00eb vdekjes s\u00eb heroit komb\u00ebtar, Gjergj Kastrioti. N\u00eb nj\u00eb postim n\u00eb \u201cFacebook\u201d Meta e cil\u00ebson heroin ton\u00eb komb\u00ebtar si \u201cshqiptarin m\u00eb t\u00eb gjall\u00eb nd\u00ebr shqiptar\u00ebt e gjall\u00eb\u201d. \u201cN\u00eb 555-vjetorin e kalimit n\u00eb p\u00ebrjet\u00ebsi t\u00eb Kryeheroit ton\u00eb Komb\u00ebtar, Gjergj Kastrioti [&hellip;]<\/p>\n","protected":false,"gt_translate_keys":[{"key":"rendered","format":"html"}]},"author":30,"featured_media":573843,"comment_status":"closed","ping_status":"closed","sticky":false,"template":"","format":"standard","meta":{"footnotes":""},"categories":[65],"tags":[],"class_list":["post-573842","post","type-post","status-publish","format-standard","has-post-thumbnail","hentry","category-lajme"],"gt_translate_keys":[{"key":"link","format":"url"}],"_links":{"self":[{"href":"https:\/\/www.hashtag.al\/index.php\/wp-json\/wp\/v2\/posts\/573842","targetHints":{"allow":["GET"]}}],"collection":[{"href":"https:\/\/www.hashtag.al\/index.php\/wp-json\/wp\/v2\/posts"}],"about":[{"href":"https:\/\/www.hashtag.al\/index.php\/wp-json\/wp\/v2\/types\/post"}],"author":[{"embeddable":true,"href":"https:\/\/www.hashtag.al\/index.php\/wp-json\/wp\/v2\/users\/30"}],"replies":[{"embeddable":true,"href":"https:\/\/www.hashtag.al\/index.php\/wp-json\/wp\/v2\/comments?post=573842"}],"version-history":[{"count":0,"href":"https:\/\/www.hashtag.al\/index.php\/wp-json\/wp\/v2\/posts\/573842\/revisions"}],"wp:featuredmedia":[{"embeddable":true,"href":"https:\/\/www.hashtag.al\/index.php\/wp-json\/wp\/v2\/media\/573843"}],"wp:attachment":[{"href":"https:\/\/www.hashtag.al\/index.php\/wp-json\/wp\/v2\/media?parent=573842"}],"wp:term":[{"taxonomy":"category","embeddable":true,"href":"https:\/\/www.hashtag.al\/index.php\/wp-json\/wp\/v2\/categories?post=573842"},{"taxonomy":"post_tag","embeddable":true,"href":"https:\/\/www.hashtag.al\/index.php\/wp-json\/wp\/v2\/tags?post=573842"}],"curies":[{"name":"wp","href":"https:\/\/api.w.org\/{rel}","templated":true}]}}