{"id":573544,"date":"2023-01-16T09:09:59","date_gmt":"2023-01-16T08:09:59","guid":{"rendered":"https:\/\/www.hashtag.al\/?p=573544"},"modified":"2023-01-16T09:09:59","modified_gmt":"2023-01-16T08:09:59","slug":"kerkohet-nga-drejtesia-gjermane-kapet-ne-morine-25-vjecari-nga-kosova","status":"publish","type":"post","link":"https:\/\/www.hashtag.al\/index.php\/2023\/01\/16\/kerkohet-nga-drejtesia-gjermane-kapet-ne-morine-25-vjecari-nga-kosova\/","title":{"rendered":"K\u00ebrkohet nga drejt\u00ebsia gjermane, kapet n\u00eb Morin\u00eb 25-vje\u00e7ari nga Kosova","gt_translate_keys":[{"key":"rendered","format":"text"}]},"content":{"rendered":"<p><span style=\"color: #000000;\"><img loading=\"lazy\" decoding=\"async\" class=\"aligncenter size-full wp-image-452300\" src=\"https:\/\/www.hashtag.al\/wp-content\/uploads\/2021\/05\/morine.jpg\" alt=\"\" width=\"1620\" height=\"1080\" srcset=\"https:\/\/www.hashtag.al\/wp-content\/uploads\/2021\/05\/morine.jpg 1620w, https:\/\/www.hashtag.al\/wp-content\/uploads\/2021\/05\/morine-300x200.jpg 300w, https:\/\/www.hashtag.al\/wp-content\/uploads\/2021\/05\/morine-768x512.jpg 768w, https:\/\/www.hashtag.al\/wp-content\/uploads\/2021\/05\/morine-1024x683.jpg 1024w\" sizes=\"auto, (max-width: 1620px) 100vw, 1620px\" \/><\/span><\/p>\n<p><span style=\"color: #000000;\">Nj\u00eb 25-vje\u00e7ar i shpallur n\u00eb k\u00ebrkim nga Gjermania \u00ebsht\u00eb ndaluar n\u00eb pik\u00ebn kufitare t\u00eb Morin\u00ebs. <\/span><\/p>\n<p><span style=\"color: #000000;\">I riu me iniciale J.D. banues n\u00eb Fush\u00eb Kosov\u00eb akuzohet p\u00ebr \u2018mashtrim\u2019 dhe nj\u00eb gjykat\u00eb n\u00eb Gjermani i ka caktuar mas\u00ebn \u2018arrest n\u00eb burg\u2019. <\/span><\/p>\n<p><span style=\"color: #000000;\">Pas p\u00ebrfundimit t\u00eb procedurave, ai do ekstradohet drejt Gjermanis\u00eb.<\/span><\/p>\n<p><span style=\"color: #000000;\"><strong>Njoftimi<\/strong><\/span><\/p>\n<p><span style=\"color: #000000;\"><em>\u201cArrestohet p\u00ebrkoh\u00ebsisht, me q\u00ebllim ekstradimi drejt Gjermanis\u00eb, nj\u00eb shtetas i shpallur n\u00eb k\u00ebrkim nd\u00ebrkomb\u00ebtar p\u00ebr vepr\u00ebn penale \u201cMashtrimi i r\u00ebnd\u00eb\u201d.<\/em><\/span><\/p>\n<p><span style=\"color: #000000;\"><em>N\u00eb hyrje t\u00eb Pik\u00ebs s\u00eb Kalimit Kufitar Morin\u00eb, sh\u00ebrbimet e Policis\u00eb Kufitare, si rezultat i kontrolleve me p\u00ebrzgjedhje dhe shk\u00ebmbimit t\u00eb informacionit me Interpol Tirana, kan\u00eb ndaluar shtetasin e shpallur n\u00eb k\u00ebrkim nd\u00ebrkomb\u00ebtar:<\/em><\/span><\/p>\n<p><span style=\"color: #000000;\"><em>J.D., 25 vje\u00e7, banues n\u00eb Fush\u00eb Kosov\u00eb.<\/em><\/span><\/p>\n<p><span style=\"color: #000000;\"><em>Gjat\u00eb p\u00ebrpunimit dhe verifikimit t\u00eb t\u00eb dh\u00ebnave n\u00eb sistem, ky shtetas ka rezultuar person n\u00eb k\u00ebrkim nd\u00ebrkomb\u00ebtar nga autoritetet gjermane, pasi Gjykata e Bambergut, Gjermani, me vendimin e dat\u00ebs 14.06.2022, i ka caktuar mas\u00ebn e siguris\u00eb \u201cArrest n\u00eb burg\u201d, p\u00ebr vepr\u00ebn penale \u201cMashtrimi i r\u00ebnd\u00eb\u201d, parashikuar nga legjislacioni penal i Gjermanis\u00eb.<\/em><\/span><\/p>\n<p><span style=\"color: #000000;\"><em>N\u00eb p\u00ebrfundim t\u00eb veprimeve, specialist\u00ebt e Seksionit p\u00ebr Hetimin e Krimeve Ekonomike dhe Financiare t\u00eb DVP Kuk\u00ebs b\u00ebn\u00eb arrestimin provizor t\u00eb k\u00ebtij shtetasi, me q\u00ebllim ekstradimin e tij drejt Gjermanis\u00eb.<\/em><\/span><\/p>\n<p><span style=\"color: #000000;\"><em>Interpol Tirana, n\u00eb bashk\u00ebpunim me autoritetet gjermane, vijon procedurat p\u00ebr ekstradimin e k\u00ebtij shtetasi.\u201d<\/em><\/span><\/p>\n","protected":false,"gt_translate_keys":[{"key":"rendered","format":"html"}]},"excerpt":{"rendered":"<p>Nj\u00eb 25-vje\u00e7ar i shpallur n\u00eb k\u00ebrkim nga Gjermania \u00ebsht\u00eb ndaluar n\u00eb pik\u00ebn kufitare t\u00eb Morin\u00ebs. I riu me iniciale J.D. banues n\u00eb Fush\u00eb Kosov\u00eb akuzohet p\u00ebr \u2018mashtrim\u2019 dhe nj\u00eb gjykat\u00eb n\u00eb Gjermani i ka caktuar mas\u00ebn \u2018arrest n\u00eb burg\u2019. Pas p\u00ebrfundimit t\u00eb procedurave, ai do ekstradohet drejt Gjermanis\u00eb. Njoftimi \u201cArrestohet p\u00ebrkoh\u00ebsisht, me q\u00ebllim ekstradimi drejt [&hellip;]<\/p>\n","protected":false,"gt_translate_keys":[{"key":"rendered","format":"html"}]},"author":51,"featured_media":452300,"comment_status":"closed","ping_status":"closed","sticky":false,"template":"","format":"standard","meta":{"footnotes":""},"categories":[65,13],"tags":[],"class_list":["post-573544","post","type-post","status-publish","format-standard","has-post-thumbnail","hentry","category-lajme","category-te-fundit"],"gt_translate_keys":[{"key":"link","format":"url"}],"_links":{"self":[{"href":"https:\/\/www.hashtag.al\/index.php\/wp-json\/wp\/v2\/posts\/573544","targetHints":{"allow":["GET"]}}],"collection":[{"href":"https:\/\/www.hashtag.al\/index.php\/wp-json\/wp\/v2\/posts"}],"about":[{"href":"https:\/\/www.hashtag.al\/index.php\/wp-json\/wp\/v2\/types\/post"}],"author":[{"embeddable":true,"href":"https:\/\/www.hashtag.al\/index.php\/wp-json\/wp\/v2\/users\/51"}],"replies":[{"embeddable":true,"href":"https:\/\/www.hashtag.al\/index.php\/wp-json\/wp\/v2\/comments?post=573544"}],"version-history":[{"count":0,"href":"https:\/\/www.hashtag.al\/index.php\/wp-json\/wp\/v2\/posts\/573544\/revisions"}],"wp:featuredmedia":[{"embeddable":true,"href":"https:\/\/www.hashtag.al\/index.php\/wp-json\/wp\/v2\/media\/452300"}],"wp:attachment":[{"href":"https:\/\/www.hashtag.al\/index.php\/wp-json\/wp\/v2\/media?parent=573544"}],"wp:term":[{"taxonomy":"category","embeddable":true,"href":"https:\/\/www.hashtag.al\/index.php\/wp-json\/wp\/v2\/categories?post=573544"},{"taxonomy":"post_tag","embeddable":true,"href":"https:\/\/www.hashtag.al\/index.php\/wp-json\/wp\/v2\/tags?post=573544"}],"curies":[{"name":"wp","href":"https:\/\/api.w.org\/{rel}","templated":true}]}}