{"id":573420,"date":"2023-01-15T16:00:16","date_gmt":"2023-01-15T15:00:16","guid":{"rendered":"https:\/\/www.hashtag.al\/?p=573420"},"modified":"2023-01-15T16:00:16","modified_gmt":"2023-01-15T15:00:16","slug":"arrestohen-2-vellezer-ne-himare-transportonin-emigrante-te-paligjshem","status":"publish","type":"post","link":"https:\/\/www.hashtag.al\/index.php\/2023\/01\/15\/arrestohen-2-vellezer-ne-himare-transportonin-emigrante-te-paligjshem\/","title":{"rendered":"Arrestohen 2 v\u00ebllez\u00ebr n\u00eb Himar\u00eb, transportonin emigrant\u00eb t\u00eb paligjsh\u00ebm","gt_translate_keys":[{"key":"rendered","format":"text"}]},"content":{"rendered":"<p>&nbsp;<\/p>\n<p><a href=\"https:\/\/www.hashtag.al\/wp-content\/uploads\/2023\/01\/himar.jpg\"><img loading=\"lazy\" decoding=\"async\" class=\"aligncenter size-full wp-image-573421\" src=\"https:\/\/www.hashtag.al\/wp-content\/uploads\/2023\/01\/himar.jpg\" alt=\"\" width=\"640\" height=\"426\" srcset=\"https:\/\/www.hashtag.al\/wp-content\/uploads\/2023\/01\/himar.jpg 640w, https:\/\/www.hashtag.al\/wp-content\/uploads\/2023\/01\/himar-300x200.jpg 300w\" sizes=\"auto, (max-width: 640px) 100vw, 640px\" \/><\/a><\/p>\n<p>&nbsp;<\/p>\n<p><span style=\"color: #000000;\">2 v\u00ebllez\u00ebr nga Shkodra, nj\u00eb 39-vje\u00e7ar me iniciale \u00c7. B., 39 vje\u00e7 dhe nj\u00eb 43-vje\u00e7ar me iniciale D. B., jan\u00eb arrestuar nga policia e Himar\u00ebs, pasi ishin duke transportuar emigrant\u00eb t\u00eb paligjsh\u00ebm.<\/span><\/p>\n<p><span style=\"color: #000000;\">Ata u kap\u00ebn nga efektiv\u00ebt n\u00eb fshatin Lukov\u00eb, nd\u00ebrkoh\u00eb q\u00eb ishin duke transportuar me automjetin tip \u201cHyundai\u201d kundrejt parave 5 emigrant\u00eb p\u00ebr t\u2019i siguruar kalimin e paligjsh\u00ebm t\u00eb kufirit, nd\u00ebrsa vijon puna p\u00ebr identifikimin e personave t\u00eb tjer\u00eb t\u00eb implikuar n\u00eb k\u00ebt\u00eb veprimtari kriminale.<\/span><\/p>\n<p>&nbsp;<\/p>\n<p><span style=\"color: #000000;\"><em>\u201c2 v\u00ebllez\u00ebr nga Shkodra, nj\u00eb 39-vje\u00e7ar me iniciale \u00c7. B., 39 vje\u00e7 dhe nj\u00eb 43-vje\u00e7ar me iniciale D. B., jan\u00eb arrestuar n\u00eb Himar\u00eb pasi ishin duke transportuar emigrant\u00eb t\u00eb paligjsh\u00ebm. Ata u kap\u00ebn nga efektiv\u00ebt n\u00eb fshatin Lukov\u00eb, nd\u00ebrkoh\u00eb q\u00eb ishin duke transportuar me automjetin tip \u201cHyundai\u201d kundrejt parave 5 emigrant\u00eb p\u00ebr t\u2019i siguruar kalimin e paligjsh\u00ebm t\u00eb kufirit.<\/em><\/span><\/p>\n<p><span style=\"color: #000000;\"><em>Vijon puna p\u00ebr identifikimin e personave t\u00eb tjer\u00eb t\u00eb implikuar n\u00eb k\u00ebt\u00eb veprimtari kriminale. Materialet i kaluan Prokuroris\u00eb pran\u00eb Gjykat\u00ebs s\u00eb Shkall\u00ebs s\u00eb Par\u00eb Vlor\u00eb, p\u00ebr vepr\u00ebn penale &#8220;Ndihma p\u00ebr kalim t\u00eb paligjsh\u00ebm t\u00eb kufijve\u201d kryer n\u00eb bashk\u00ebpunim<\/em>\u201d, thuhet n\u00eb deklarat\u00ebn e policis\u00eb.<\/span><\/p>\n","protected":false,"gt_translate_keys":[{"key":"rendered","format":"html"}]},"excerpt":{"rendered":"<p>&nbsp; &nbsp; 2 v\u00ebllez\u00ebr nga Shkodra, nj\u00eb 39-vje\u00e7ar me iniciale \u00c7. B., 39 vje\u00e7 dhe nj\u00eb 43-vje\u00e7ar me iniciale D. B., jan\u00eb arrestuar nga policia e Himar\u00ebs, pasi ishin duke transportuar emigrant\u00eb t\u00eb paligjsh\u00ebm. Ata u kap\u00ebn nga efektiv\u00ebt n\u00eb fshatin Lukov\u00eb, nd\u00ebrkoh\u00eb q\u00eb ishin duke transportuar me automjetin tip \u201cHyundai\u201d kundrejt parave 5 emigrant\u00eb [&hellip;]<\/p>\n","protected":false,"gt_translate_keys":[{"key":"rendered","format":"html"}]},"author":30,"featured_media":573421,"comment_status":"closed","ping_status":"closed","sticky":false,"template":"","format":"standard","meta":{"footnotes":""},"categories":[65],"tags":[],"class_list":["post-573420","post","type-post","status-publish","format-standard","has-post-thumbnail","hentry","category-lajme"],"gt_translate_keys":[{"key":"link","format":"url"}],"_links":{"self":[{"href":"https:\/\/www.hashtag.al\/index.php\/wp-json\/wp\/v2\/posts\/573420","targetHints":{"allow":["GET"]}}],"collection":[{"href":"https:\/\/www.hashtag.al\/index.php\/wp-json\/wp\/v2\/posts"}],"about":[{"href":"https:\/\/www.hashtag.al\/index.php\/wp-json\/wp\/v2\/types\/post"}],"author":[{"embeddable":true,"href":"https:\/\/www.hashtag.al\/index.php\/wp-json\/wp\/v2\/users\/30"}],"replies":[{"embeddable":true,"href":"https:\/\/www.hashtag.al\/index.php\/wp-json\/wp\/v2\/comments?post=573420"}],"version-history":[{"count":0,"href":"https:\/\/www.hashtag.al\/index.php\/wp-json\/wp\/v2\/posts\/573420\/revisions"}],"wp:featuredmedia":[{"embeddable":true,"href":"https:\/\/www.hashtag.al\/index.php\/wp-json\/wp\/v2\/media\/573421"}],"wp:attachment":[{"href":"https:\/\/www.hashtag.al\/index.php\/wp-json\/wp\/v2\/media?parent=573420"}],"wp:term":[{"taxonomy":"category","embeddable":true,"href":"https:\/\/www.hashtag.al\/index.php\/wp-json\/wp\/v2\/categories?post=573420"},{"taxonomy":"post_tag","embeddable":true,"href":"https:\/\/www.hashtag.al\/index.php\/wp-json\/wp\/v2\/tags?post=573420"}],"curies":[{"name":"wp","href":"https:\/\/api.w.org\/{rel}","templated":true}]}}