{"id":572754,"date":"2023-01-11T22:11:50","date_gmt":"2023-01-11T21:11:50","guid":{"rendered":"https:\/\/www.hashtag.al\/?p=572754"},"modified":"2023-01-11T22:11:50","modified_gmt":"2023-01-11T21:11:50","slug":"rama-mbledh-drejtoret-e-policise-ne-qarqe-berisha-shkelje-flagrante-e-statusit-te-policise-se-shtetit-dhe-kodit-zgjedhor","status":"publish","type":"post","link":"https:\/\/www.hashtag.al\/index.php\/2023\/01\/11\/rama-mbledh-drejtoret-e-policise-ne-qarqe-berisha-shkelje-flagrante-e-statusit-te-policise-se-shtetit-dhe-kodit-zgjedhor\/","title":{"rendered":"Rama mbledh drejtor\u00ebt e policis\u00eb n\u00eb qarqe, Berisha: Shkelje flagrante e statusit t\u00eb Policis\u00eb s\u00eb Shtetit dhe Kodit Zgjedhor","gt_translate_keys":[{"key":"rendered","format":"text"}]},"content":{"rendered":"<p><span style=\"color: #000000;\"><img loading=\"lazy\" decoding=\"async\" class=\"aligncenter size-full wp-image-566988\" src=\"https:\/\/www.hashtag.al\/wp-content\/uploads\/2022\/12\/berisha-3.jpg\" alt=\"\" width=\"1491\" height=\"826\" srcset=\"https:\/\/www.hashtag.al\/wp-content\/uploads\/2022\/12\/berisha-3.jpg 1491w, https:\/\/www.hashtag.al\/wp-content\/uploads\/2022\/12\/berisha-3-300x166.jpg 300w, https:\/\/www.hashtag.al\/wp-content\/uploads\/2022\/12\/berisha-3-1024x567.jpg 1024w, https:\/\/www.hashtag.al\/wp-content\/uploads\/2022\/12\/berisha-3-768x425.jpg 768w, https:\/\/www.hashtag.al\/wp-content\/uploads\/2022\/12\/berisha-3-750x415.jpg 750w\" sizes=\"auto, (max-width: 1491px) 100vw, 1491px\" \/><\/span><\/p>\n<p><span style=\"color: #000000;\">Kryeministri Rama ka mbledhur mbr\u00ebmjen e sotme drejtor\u00ebt e policis\u00eb n\u00eb qarqet e vendit. <\/span><\/p>\n<p><span style=\"color: #000000;\">N\u00eb takimin q\u00eb po mbahet te Vila 30 n\u00eb Tiran\u00eb, ndodhet i pranish\u00ebm edhe drejtori i P\u00ebrgjithsh\u00ebm i Policis\u00eb s\u00eb Shtetit Muhamet Rrumbullaku. <\/span><\/p>\n<p><span style=\"color: #000000;\">Nd\u00ebrkoh\u00eb takimi \u00ebsht\u00eb denoncuar nga kreu i PD-s\u00eb Berisha, i cili thot\u00eb se kjo \u00ebsht\u00eb shkelje e hapur e statusit t\u00eb Policis\u00eb s\u00eb Shtetit dhe Kodit Zgjedhor.<\/span><\/p>\n<p><span style=\"color: #000000;\"><em>\u201cRama dark\u00eb elektorale me drejtuesit e policis\u00eb! Shkelje flagrante e statusit t\u00eb Policis\u00eb s\u00eb Shtetit, kodit elektoral. \u00a0Lexoni denoncimin e oficerit dixhital. Kryeministri Edi Rama ka mbledhur ne nje darke Drejtorin e Pergjithshme te Policise se Shtetit, Muhamet Rrumbullakun dhe te gjithe Drejtoret e Policise ne te gjitha qarqet e vendit.\u00a0 Takimi po zhvillohet aktualisht ne zonen e Bllokut ne vilen nr. 30. Nderkohe i pranishem eshte edhe ministri i brenshem, Bledi \u00c7u\u00e7i.\u201d<\/em> &#8211; shkruan Berisha n\u00eb denoncimin e tij.<\/span><\/p>\n<p><span style=\"color: #000000;\"><img loading=\"lazy\" decoding=\"async\" class=\"aligncenter size-full wp-image-572755\" src=\"https:\/\/www.hashtag.al\/wp-content\/uploads\/2023\/01\/Capture-3.png\" alt=\"\" width=\"729\" height=\"283\" srcset=\"https:\/\/www.hashtag.al\/wp-content\/uploads\/2023\/01\/Capture-3.png 729w, https:\/\/www.hashtag.al\/wp-content\/uploads\/2023\/01\/Capture-3-300x116.png 300w\" sizes=\"auto, (max-width: 729px) 100vw, 729px\" \/><\/span><\/p>\n","protected":false,"gt_translate_keys":[{"key":"rendered","format":"html"}]},"excerpt":{"rendered":"<p>Kryeministri Rama ka mbledhur mbr\u00ebmjen e sotme drejtor\u00ebt e policis\u00eb n\u00eb qarqet e vendit. N\u00eb takimin q\u00eb po mbahet te Vila 30 n\u00eb Tiran\u00eb, ndodhet i pranish\u00ebm edhe drejtori i P\u00ebrgjithsh\u00ebm i Policis\u00eb s\u00eb Shtetit Muhamet Rrumbullaku. Nd\u00ebrkoh\u00eb takimi \u00ebsht\u00eb denoncuar nga kreu i PD-s\u00eb Berisha, i cili thot\u00eb se kjo \u00ebsht\u00eb shkelje e hapur [&hellip;]<\/p>\n","protected":false,"gt_translate_keys":[{"key":"rendered","format":"html"}]},"author":51,"featured_media":566988,"comment_status":"closed","ping_status":"closed","sticky":false,"template":"","format":"standard","meta":{"footnotes":""},"categories":[65,13],"tags":[],"class_list":["post-572754","post","type-post","status-publish","format-standard","has-post-thumbnail","hentry","category-lajme","category-te-fundit"],"gt_translate_keys":[{"key":"link","format":"url"}],"_links":{"self":[{"href":"https:\/\/www.hashtag.al\/index.php\/wp-json\/wp\/v2\/posts\/572754","targetHints":{"allow":["GET"]}}],"collection":[{"href":"https:\/\/www.hashtag.al\/index.php\/wp-json\/wp\/v2\/posts"}],"about":[{"href":"https:\/\/www.hashtag.al\/index.php\/wp-json\/wp\/v2\/types\/post"}],"author":[{"embeddable":true,"href":"https:\/\/www.hashtag.al\/index.php\/wp-json\/wp\/v2\/users\/51"}],"replies":[{"embeddable":true,"href":"https:\/\/www.hashtag.al\/index.php\/wp-json\/wp\/v2\/comments?post=572754"}],"version-history":[{"count":0,"href":"https:\/\/www.hashtag.al\/index.php\/wp-json\/wp\/v2\/posts\/572754\/revisions"}],"wp:featuredmedia":[{"embeddable":true,"href":"https:\/\/www.hashtag.al\/index.php\/wp-json\/wp\/v2\/media\/566988"}],"wp:attachment":[{"href":"https:\/\/www.hashtag.al\/index.php\/wp-json\/wp\/v2\/media?parent=572754"}],"wp:term":[{"taxonomy":"category","embeddable":true,"href":"https:\/\/www.hashtag.al\/index.php\/wp-json\/wp\/v2\/categories?post=572754"},{"taxonomy":"post_tag","embeddable":true,"href":"https:\/\/www.hashtag.al\/index.php\/wp-json\/wp\/v2\/tags?post=572754"}],"curies":[{"name":"wp","href":"https:\/\/api.w.org\/{rel}","templated":true}]}}